{"id":48536,"date":"2014-12-22T11:16:31","date_gmt":"2014-12-22T14:16:31","guid":{"rendered":"http:\/\/aconteceunovale.com.br\/portal\/?p=48536"},"modified":"2014-12-22T11:16:31","modified_gmt":"2014-12-22T14:16:31","slug":"crianca-de-nove-anos-cai-em-buraco-e-morre-afogada-em-mirabela","status":"publish","type":"post","link":"https:\/\/aconteceunovale.com.br\/portal\/?p=48536","title":{"rendered":"Crian\u00e7a de nove anos cai em buraco e morre afogada em Mirabela"},"content":{"rendered":"<h4><strong><em>Moradores da regi\u00e3o retiraram a crian\u00e7a, mas ela morreu no hospital. De acordo com a PM, cerca que isola o local estava quebrada.<\/em><\/strong><\/h4>\n<p>Uma crian\u00e7a de nove anos morreu afogada ap\u00f3s cair em um buraco no fim da tarde deste domingo (21) em Mirabela, Norte de Minas Gerais. Segundo a Pol\u00edcia Militar, o buraco foi aberto para uma obra, mas ficou submerso por causa do ac\u00famulo de \u00e1gua da chuva.<\/p>\n<p>Moradores da regi\u00e3o retiram a crian\u00e7a e encaminharam ao hospital da cidade, mas ela n\u00e3o resistiu. Segundo a PM, uma cerca que fazia o isolamento do buraco estava quebrada.<\/p>\n<p>O corpo da crian\u00e7a ser\u00e1 encaminhado ao Instituto M\u00e9dico Legal (IML) de Montes Claros nesta segunda-feira (22). <strong>(G1)<\/strong><\/p>\n","protected":false},"excerpt":{"rendered":"<p>Moradores da regi\u00e3o retiraram a crian\u00e7a, mas ela morreu no hospital. De acordo com a PM, cerca que isola o local estava quebrada. Uma crian\u00e7a de nove anos morreu afogada ap\u00f3s cair em um buraco no fim da tarde deste domingo (21) em Mirabela, Norte de Minas Gerais. Segundo a Pol\u00edcia Militar, o buraco foi [&hellip;]<\/p>\n","protected":false},"author":1,"featured_media":32816,"comment_status":"open","ping_status":"closed","sticky":false,"template":"","format":"standard","meta":{"amp_status":"","footnotes":""},"categories":[1236],"tags":[27637,1699],"class_list":["post-48536","post","type-post","status-publish","format-standard","has-post-thumbnail","hentry","category-norte_de_minas","tag-crianca-de-nove-anos-cai-em-buraco-e-morre-afogada-em-mirabela","tag-mirabela"],"_links":{"self":[{"href":"https:\/\/aconteceunovale.com.br\/portal\/index.php?rest_route=\/wp\/v2\/posts\/48536","targetHints":{"allow":["GET"]}}],"collection":[{"href":"https:\/\/aconteceunovale.com.br\/portal\/index.php?rest_route=\/wp\/v2\/posts"}],"about":[{"href":"https:\/\/aconteceunovale.com.br\/portal\/index.php?rest_route=\/wp\/v2\/types\/post"}],"author":[{"embeddable":true,"href":"https:\/\/aconteceunovale.com.br\/portal\/index.php?rest_route=\/wp\/v2\/users\/1"}],"replies":[{"embeddable":true,"href":"https:\/\/aconteceunovale.com.br\/portal\/index.php?rest_route=%2Fwp%2Fv2%2Fcomments&post=48536"}],"version-history":[{"count":0,"href":"https:\/\/aconteceunovale.com.br\/portal\/index.php?rest_route=\/wp\/v2\/posts\/48536\/revisions"}],"wp:featuredmedia":[{"embeddable":true,"href":"https:\/\/aconteceunovale.com.br\/portal\/index.php?rest_route=\/wp\/v2\/media\/32816"}],"wp:attachment":[{"href":"https:\/\/aconteceunovale.com.br\/portal\/index.php?rest_route=%2Fwp%2Fv2%2Fmedia&parent=48536"}],"wp:term":[{"taxonomy":"category","embeddable":true,"href":"https:\/\/aconteceunovale.com.br\/portal\/index.php?rest_route=%2Fwp%2Fv2%2Fcategories&post=48536"},{"taxonomy":"post_tag","embeddable":true,"href":"https:\/\/aconteceunovale.com.br\/portal\/index.php?rest_route=%2Fwp%2Fv2%2Ftags&post=48536"}],"curies":[{"name":"wp","href":"https:\/\/api.w.org\/{rel}","templated":true}]}}