{"id":48528,"date":"2014-12-22T10:51:03","date_gmt":"2014-12-22T13:51:03","guid":{"rendered":"http:\/\/aconteceunovale.com.br\/portal\/?p=48528"},"modified":"2014-12-22T10:51:03","modified_gmt":"2014-12-22T13:51:03","slug":"samu-macro-norte-comemora-seis-anos-de-regionalizacao-com-muitos-avancos","status":"publish","type":"post","link":"https:\/\/aconteceunovale.com.br\/portal\/?p=48528","title":{"rendered":"Samu Macro Norte comemora seis anos de regionaliza\u00e7\u00e3o com muitos avan\u00e7os"},"content":{"rendered":"<h4><strong><em>Uma das principais conquistas foi o fortalecimento da assist\u00eancia a pacientes com doen\u00e7as card\u00edacas, cuja sobrevida depende fundamentalmente da tempestividade do atendimento<\/em><\/strong><\/h4>\n<p>Nesta segunda-feira, 22\/12, o Servi\u00e7o de Atendimento M\u00f3vel de Urg\u00eancia do Norte de Minas (SAMU Macro Norte) completa seis anos de atua\u00e7\u00e3o. O servi\u00e7o foi instalado em 2006 para atender \u00e0 popula\u00e7\u00e3o de Montes Claros e, a partir da implanta\u00e7\u00e3o da Rede de Urg\u00eancia e Emerg\u00eancia pela Secretaria de Sa\u00fade de Minas Gerais, em dezembro de 2008, incorporou nova estrutura e foi estendido a 86 munic\u00edpios norte-mineiros, assistindo uma popula\u00e7\u00e3o de quase dois milh\u00f5es de pessoas.<\/p>\n<p>Mantido de forma compartilhada pela Uni\u00e3o, Estado e munic\u00edpios, o Samu Macro Norte \u00e9 gerenciado pelo Cons\u00f3rcio Intermunicipal da Rede de Urg\u00eancia do Norte de Minas (Cisrun), que \u00e9 respons\u00e1vel por dar suporte infraestrutural \u00e0s 36 bases descentralizadas e \u00e0 sede operativa, em Montes Claros, onde fica a central de regula\u00e7\u00e3o.<\/p>\n<p>O presidente do Cisrun e prefeito de Bocaiuva, Ricardo Afonso Veloso, destaca que a regi\u00e3o apresenta alguns elementos dificultadores, como as condi\u00e7\u00f5es geogr\u00e1ficas, a baixa densidade populacional e a dist\u00e2ncia entre os munic\u00edpios, e que a manuten\u00e7\u00e3o do servi\u00e7o s\u00f3 \u00e9 poss\u00edvel gra\u00e7as \u00e0 parceria solid\u00e1ria entre os entes federados e \u00e0 dedica\u00e7\u00e3o e compet\u00eancia da equipe t\u00e9cnica.<\/p>\n<p>Gestor por tr\u00eas mandatos em Bocaiuva, Ricardo diz que conheceu a realidade da sa\u00fade na regi\u00e3o antes e depois do Samu e que os avan\u00e7os s\u00e3o incontest\u00e1veis. \u201cAntes, o Samu era restrito \u00e0s capitais, regi\u00f5es metropolitanas e \u00e0s grandes cidades. Com um projeto ousado e pioneiro, Minas iniciou a regionaliza\u00e7\u00e3o da aten\u00e7\u00e3o \u00e0s urg\u00eancias e emerg\u00eancias e o Norte de Minas foi escolhido para sediar o projeto piloto, exatamente por ser considerada uma regi\u00e3o socialmente vulner\u00e1vel, mas, ao mesmo tempo, por uma atua\u00e7\u00e3o forte na sa\u00fade p\u00fablica. Desde ent\u00e3o, a sa\u00fade da regi\u00e3o avan\u00e7ou de forma incontest\u00e1vel e por mais que ainda existam dificuldades, n\u00e3o d\u00e1 para imaginar a regi\u00e3o sem a assist\u00eancia do Samu\u201d, avalia.<\/p>\n<p>De acordo com o presidente, somente no primeiro ano de operacionaliza\u00e7\u00e3o do servi\u00e7o, foi registrada uma redu\u00e7\u00e3o de cerca de mil mortes por causas evit\u00e1veis, al\u00e9m de contribuir sensivelmente para a redu\u00e7\u00e3o do n\u00famero de \u00f3bitos, tempo de interna\u00e7\u00e3o hospitalar e sequelas decorrentes da falta de um socorro em tempo h\u00e1bil.<\/p>\n<p><img decoding=\"async\" src=\"http:\/\/aconteceunovale.com.br\/portal\/wp-content\/uploads\/2014\/12\/samu_norte_minas.jpg\" alt=\"\" \/><em>Atendimento integrado Samu e Corpo de Bombeiros no Norte de Minas &#8211; Foto: Jer\u00fasia Arruda<\/em><br \/>\n<\/br><\/p>\n<h4>Avan\u00e7os<\/h4>\n<p>Nesses seis anos, o Samu registrou importantes avan\u00e7os, que est\u00e3o redimensionando o atendimento pr\u00e9-hospitalar na regi\u00e3o. Entre eles, est\u00e1 o fortalecimento do atendimento a pacientes com doen\u00e7as card\u00edacas, com a organiza\u00e7\u00e3o da Rede AVC e a implanta\u00e7\u00e3o dos projetos Ecos dos Gerais e Minas Telec\u00e1rdio, que equiparam as ambul\u00e2ncias com sistema de tele-ECG e aparelho de ultrassom port\u00e1til, possibilitando a realiza\u00e7\u00e3o de eletrocardiograma e ultrassonografia na pr\u00f3pria ambul\u00e2ncia.<\/p>\n<p>Esses projetos est\u00e3o dando mais agilidade e precis\u00e3o no diagn\u00f3stico, inclusive utilizando o medicamento trombol\u00edtico, melhorando o tempo resposta para atendimento de doen\u00e7as como infarto no mioc\u00e1rdio e acidente vascular cerebral, cuja sobrevida do paciente depende fundamentalmente da tempestividade do atendimento, bem como na decis\u00e3o de transfer\u00eancia pacientes graves entre os munic\u00edpios.<\/p>\n<p>Tamb\u00e9m foram constru\u00eddas as sedes pr\u00f3prias das cinco bases avan\u00e7adas do Samu, realizado concurso p\u00fablico para efetiva\u00e7\u00e3o do quadro de pessoal; a frota de ambul\u00e2ncias foi renovada; os profissionais que atuam em toda a rede de Urg\u00eancia e Emerg\u00eancia foram capacitados; e foi sedimentada a parceria com o Corpo de Bombeiros, promovendo mais sinergia entre as duas corpora\u00e7\u00f5es.<\/p>\n<h4>Atendimentos<\/h4>\n<p>No primeiro ano de operacionaliza\u00e7\u00e3o, o Samu recebia uma m\u00e9dia di\u00e1ria de 300 chamados. Cinco anos depois, a m\u00e9dia \u00e9 de 1.500 chamados di\u00e1rios. Somente em 2013 foram 421.124 chamados e, em 2014, at\u00e9 o m\u00eas de novembro, o Samu j\u00e1 recebeu 487.703 chamados. Uma m\u00e9dia de 35 mil chamados\/m\u00eas, em 2013, e 48 mil em 2014, o que representa um crescimento de 37%. Cerca de 30% desses chamados s\u00e3o liga\u00e7\u00f5es de brincadeira, o que compromete seriamente o atendimento a quem realmente precisa do servi\u00e7o.<\/p>\n<p>Por outro lado, 10% dos chamados atendidos s\u00e3o resolvidos por orienta\u00e7\u00e3o da regula\u00e7\u00e3o m\u00e9dica, sem necessidade de envio de unidade ao local, e 16%% dos atendimentos realizados s\u00e3o resolvidos pela unidade no local, sem que o paciente necessite ser encaminhado a uma unidade de sa\u00fade, impactando positivamente em toda a rede e proporcionando mais qualidade de vida para os usu\u00e1rios do Sistema \u00danico de Sa\u00fade.<\/p>\n<p>O m\u00e9dico coordenador do Samu, \u00canius Freire Versiani, explica que al\u00e9m do crescimento do n\u00famero de chamados, tamb\u00e9m aumentou a gravidade dos casos. \u201cO Samu realiza um atendimento a cada 12 minutos, sendo cerca de 30% em decorr\u00eancia de acidente de tr\u00e2nsito, o que representa mais de mil atendimentos a v\u00edtimas de acidentes por m\u00eas. Mas a maior causa de acionamento do servi\u00e7o \u00e9 cl\u00ednica, respondendo por 60% dos atendimentos\u201d, observa.<\/p>\n<h4>Perspectivas<\/h4>\n<p>Dos avan\u00e7os previstos para o Samu, ser\u00e1 realizado um novo concurso p\u00fablico, em 2015, e instaladas duas unidades avan\u00e7adas, sendo uma na regi\u00e3o de Francisco S\u00e1, especialmente para atendimento \u00e0s ocorr\u00eancias de acidente de tr\u00e2nsito na BR-251, e outra na microrregi\u00e3o de Manga, onde h\u00e1 um grande vazio assistencial.<\/p>\n<p>A partir de 2015, o Cisrun ser\u00e1 respons\u00e1vel pela gest\u00e3o do servi\u00e7o aerom\u00e9dico em Minas Gerais e tem o desafio de trazer para o Norte de Minas uma aeronave exclusiva para a regi\u00e3o, buscando reduzir os vazios assistenciais, melhorar o acesso e encurtar as dist\u00e2ncias nos casos extremos, em que o paciente corre risco de morte.<\/p>\n","protected":false},"excerpt":{"rendered":"<p>Uma das principais conquistas foi o fortalecimento da assist\u00eancia a pacientes com doen\u00e7as card\u00edacas, cuja sobrevida depende fundamentalmente da tempestividade do atendimento Nesta segunda-feira, 22\/12, o Servi\u00e7o de Atendimento M\u00f3vel de Urg\u00eancia do Norte de Minas (SAMU Macro Norte) completa seis anos de atua\u00e7\u00e3o. O servi\u00e7o foi instalado em 2006 para atender \u00e0 popula\u00e7\u00e3o de [&hellip;]<\/p>\n","protected":false},"author":1,"featured_media":48529,"comment_status":"open","ping_status":"closed","sticky":false,"template":"","format":"standard","meta":{"amp_status":"","footnotes":""},"categories":[1236],"tags":[645,22050,27149,27626,25414,210,14636,21139,4040,27624,27623,27625,20717],"class_list":["post-48528","post","type-post","status-publish","format-standard","has-post-thumbnail","hentry","category-norte_de_minas","tag-bocaiuva","tag-cisrun","tag-consorcio-intermunicipal-da-rede-de-urgencia-do-norte-de-minas","tag-coordenador-do-samu","tag-enius-freire-versiani","tag-montes-claros","tag-ricardo-afonso-veloso","tag-samu-do-norte-de-minas","tag-samu-macro-norte","tag-samu-macro-norte-comemora-seis-anos-de-regionalizacao","tag-samu-macro-norte-comemora-seis-anos-de-regionalizacao-com-muitos-avancos","tag-samu-montes-claros","tag-servico-de-atendimento-movel-de-urgencia-do-norte-de-minas"],"_links":{"self":[{"href":"https:\/\/aconteceunovale.com.br\/portal\/index.php?rest_route=\/wp\/v2\/posts\/48528","targetHints":{"allow":["GET"]}}],"collection":[{"href":"https:\/\/aconteceunovale.com.br\/portal\/index.php?rest_route=\/wp\/v2\/posts"}],"about":[{"href":"https:\/\/aconteceunovale.com.br\/portal\/index.php?rest_route=\/wp\/v2\/types\/post"}],"author":[{"embeddable":true,"href":"https:\/\/aconteceunovale.com.br\/portal\/index.php?rest_route=\/wp\/v2\/users\/1"}],"replies":[{"embeddable":true,"href":"https:\/\/aconteceunovale.com.br\/portal\/index.php?rest_route=%2Fwp%2Fv2%2Fcomments&post=48528"}],"version-history":[{"count":0,"href":"https:\/\/aconteceunovale.com.br\/portal\/index.php?rest_route=\/wp\/v2\/posts\/48528\/revisions"}],"wp:featuredmedia":[{"embeddable":true,"href":"https:\/\/aconteceunovale.com.br\/portal\/index.php?rest_route=\/wp\/v2\/media\/48529"}],"wp:attachment":[{"href":"https:\/\/aconteceunovale.com.br\/portal\/index.php?rest_route=%2Fwp%2Fv2%2Fmedia&parent=48528"}],"wp:term":[{"taxonomy":"category","embeddable":true,"href":"https:\/\/aconteceunovale.com.br\/portal\/index.php?rest_route=%2Fwp%2Fv2%2Fcategories&post=48528"},{"taxonomy":"post_tag","embeddable":true,"href":"https:\/\/aconteceunovale.com.br\/portal\/index.php?rest_route=%2Fwp%2Fv2%2Ftags&post=48528"}],"curies":[{"name":"wp","href":"https:\/\/api.w.org\/{rel}","templated":true}]}}