{"id":48526,"date":"2014-12-22T10:36:00","date_gmt":"2014-12-22T13:36:00","guid":{"rendered":"http:\/\/aconteceunovale.com.br\/portal\/?p=48526"},"modified":"2014-12-22T10:36:00","modified_gmt":"2014-12-22T13:36:00","slug":"previsao-do-tempo-para-minas-gerais-nesta-segunda-feira-22-de-dezembro","status":"publish","type":"post","link":"https:\/\/aconteceunovale.com.br\/portal\/?p=48526","title":{"rendered":"Previs\u00e3o do tempo para Minas Gerais nesta segunda-feira, 22 de dezembro"},"content":{"rendered":"<h4><strong><em>Previs\u00e3o aponta para c\u00e9u encoberto com chuvas em v\u00e1rios pontos do Estado, at\u00e9 o dia 24\/12<\/em><\/strong><\/h4>\n<p>Nesta segunda-feira (22\/12), as condi\u00e7\u00f5es meteorol\u00f3gicas permanecem favor\u00e1veis \u00e0 ocorr\u00eancia de pancadas de chuva na maior parte do estado de Minas Gerais, exceto no Vale do Mucuri e na por\u00e7\u00e3o norte do Jequitinhonha. As temperaturas diurnas permanecem elevadas norte e leste. Em Belo Horizonte e Regi\u00e3o Metropolitana, o dia ser\u00e1 de c\u00e9u encoberto a nublado, com chuvas, em alguns momentos sob a forma de pancadas e, ocasionalmente acompanhadas de trovoadas e rajadas de vento. As temperaturas oscilam, na capital, entre 20 e 26\u00b0C.<\/p>\n<p>A tend\u00eancia para o decorrer da semana ser\u00e1 de tempo inst\u00e1vel, com chuvas entre os dias 22 e 24\/12, na maior parte de Minas Gerais, exceto o setor nordeste. As temperaturas permanecer\u00e3o est\u00e1veis, no entanto continuar\u00e3o elevadas no norte e leste do estado. Entre os dias 25 e 28\/12 o Sol volta a predominar em Minas Gerais e na capital os dias ser\u00e3o de c\u00e9u parcialmente nublado e gradativa redu\u00e7\u00e3o da fra\u00e7\u00e3o de nuvens. Neste per\u00edodo, as temperaturas estar\u00e3o em eleva\u00e7\u00e3o em todo o estado.<\/p>\n","protected":false},"excerpt":{"rendered":"<p>Previs\u00e3o aponta para c\u00e9u encoberto com chuvas em v\u00e1rios pontos do Estado, at\u00e9 o dia 24\/12 Nesta segunda-feira (22\/12), as condi\u00e7\u00f5es meteorol\u00f3gicas permanecem favor\u00e1veis \u00e0 ocorr\u00eancia de pancadas de chuva na maior parte do estado de Minas Gerais, exceto no Vale do Mucuri e na por\u00e7\u00e3o norte do Jequitinhonha. As temperaturas diurnas permanecem elevadas norte [&hellip;]<\/p>\n","protected":false},"author":1,"featured_media":15765,"comment_status":"open","ping_status":"closed","sticky":false,"template":"","format":"standard","meta":{"amp_status":"","footnotes":""},"categories":[123],"tags":[27621,27622,1839,27620,1840,1842],"class_list":["post-48526","post","type-post","status-publish","format-standard","has-post-thumbnail","hentry","category-gerais","tag-previsao-do-tempo-no-vale-do-mucuri","tag-previsao-do-tempo-para-belo-horizonte-e-regiao-metropolitana","tag-previsao-do-tempo-para-minas-gerais","tag-previsao-do-tempo-para-minas-gerais-nesta-segunda-feira-22-de-dezembro","tag-previsao-do-tempo-para-o-vale-do-jequitinhonha","tag-previsao-do-tempo-para-o-vale-do-mucuri"],"_links":{"self":[{"href":"https:\/\/aconteceunovale.com.br\/portal\/index.php?rest_route=\/wp\/v2\/posts\/48526","targetHints":{"allow":["GET"]}}],"collection":[{"href":"https:\/\/aconteceunovale.com.br\/portal\/index.php?rest_route=\/wp\/v2\/posts"}],"about":[{"href":"https:\/\/aconteceunovale.com.br\/portal\/index.php?rest_route=\/wp\/v2\/types\/post"}],"author":[{"embeddable":true,"href":"https:\/\/aconteceunovale.com.br\/portal\/index.php?rest_route=\/wp\/v2\/users\/1"}],"replies":[{"embeddable":true,"href":"https:\/\/aconteceunovale.com.br\/portal\/index.php?rest_route=%2Fwp%2Fv2%2Fcomments&post=48526"}],"version-history":[{"count":0,"href":"https:\/\/aconteceunovale.com.br\/portal\/index.php?rest_route=\/wp\/v2\/posts\/48526\/revisions"}],"wp:featuredmedia":[{"embeddable":true,"href":"https:\/\/aconteceunovale.com.br\/portal\/index.php?rest_route=\/wp\/v2\/media\/15765"}],"wp:attachment":[{"href":"https:\/\/aconteceunovale.com.br\/portal\/index.php?rest_route=%2Fwp%2Fv2%2Fmedia&parent=48526"}],"wp:term":[{"taxonomy":"category","embeddable":true,"href":"https:\/\/aconteceunovale.com.br\/portal\/index.php?rest_route=%2Fwp%2Fv2%2Fcategories&post=48526"},{"taxonomy":"post_tag","embeddable":true,"href":"https:\/\/aconteceunovale.com.br\/portal\/index.php?rest_route=%2Fwp%2Fv2%2Ftags&post=48526"}],"curies":[{"name":"wp","href":"https:\/\/api.w.org\/{rel}","templated":true}]}}