{"id":48516,"date":"2014-12-21T22:41:19","date_gmt":"2014-12-22T01:41:19","guid":{"rendered":"http:\/\/aconteceunovale.com.br\/portal\/?p=48516"},"modified":"2014-12-21T22:54:19","modified_gmt":"2014-12-22T01:54:19","slug":"apos-denuncia-anonima-homem-e-preso-com-revolver-em-turmalina","status":"publish","type":"post","link":"https:\/\/aconteceunovale.com.br\/portal\/?p=48516","title":{"rendered":"Ap\u00f3s den\u00fancia an\u00f4nima, homem \u00e9 preso com arma de fogo e muni\u00e7\u00f5es em Turmalina"},"content":{"rendered":"<h4><strong><em>Um rev\u00f3lver e muni\u00e7\u00f5es foram encontrados com o autor na estrada de acesso a comunidade de Ponte do Funil. Homem foi preso em flagrante e conduzido a Delegacia.<\/em><\/strong><\/h4>\n<p>Um homem foi preso no in\u00edcio da noite deste domingo, 21 de dezembro, por porte ilegal de arma de fogo em Turmalina, no Vale do Jequitinhonha. Um rev\u00f3lver e muni\u00e7\u00f5es foram apreendidos.<\/p>\n<p><img decoding=\"async\" src=\"http:\/\/aconteceunovale.com.br\/portal\/wp-content\/uploads\/2014\/12\/homem_preso_em_turmalina_21_12_1.jpg\" alt=\"\" \/><em>Rev\u00f3lver e muni\u00e7\u00f5es foram apreendidos em Turmalina &#8211; Foto: Divulga\u00e7\u00e3o \/ PM de Turmalina<\/em><br \/>\n<\/br><\/p>\n<p>De acordo com informa\u00e7\u00f5es da Pol\u00edcia Militar, ap\u00f3s o recebimento de uma den\u00fancia an\u00f4nima, uma guarni\u00e7\u00e3o, composta pelo Cabo Narcizo e pelos Soldados Cordeiro e Odilon, deslocou at\u00e9 a estrada de acesso a comunidade de Ponte do Funil, onde abordaram um ve\u00edculo Peugeot.<\/p>\n<p>Durante as buscas, os militares localizaram, em poder de V.R.F, propriet\u00e1rio do autom\u00f3vel, um rev\u00f3lver calibre 38 e 10 muni\u00e7\u00f5es do mesmo calibre intactas.<\/p>\n<p>O autor foi preso em flagrante delito e conduzido a Delegacia de Pol\u00edcia para demais provid\u00eancias.<\/p>\n<p><img decoding=\"async\" src=\"http:\/\/aconteceunovale.com.br\/portal\/wp-content\/uploads\/2014\/12\/homem_preso_em_turmalina_21_12_2.jpg\" alt=\"\" \/><em>Homem foi preso em flagrante e conduzido a Delegacia &#8211; Foto: Divulga\u00e7\u00e3o \/ PM de Turmalina<\/em><\/p>\n","protected":false},"excerpt":{"rendered":"<p>Um rev\u00f3lver e muni\u00e7\u00f5es foram encontrados com o autor na estrada de acesso a comunidade de Ponte do Funil. Homem foi preso em flagrante e conduzido a Delegacia. Um homem foi preso no in\u00edcio da noite deste domingo, 21 de dezembro, por porte ilegal de arma de fogo em Turmalina, no Vale do Jequitinhonha. Um [&hellip;]<\/p>\n","protected":false},"author":1,"featured_media":48517,"comment_status":"open","ping_status":"closed","sticky":false,"template":"","format":"standard","meta":{"amp_status":"","footnotes":""},"categories":[120],"tags":[27619,27618,27615,27616,178,27617],"class_list":["post-48516","post","type-post","status-publish","format-standard","has-post-thumbnail","hentry","category-jequi","tag-apos-denuncia-anonima-homem-e-preso-com-arma-de-fogo-e-municoes-em-turmalina","tag-homem-e-preso-com-arma-de-fogo-e-municoes-em-turmalina","tag-homem-e-preso-com-revolver-em-turmalina","tag-homem-preso-com-revolver-em-turmalina","tag-turmalina","tag-valdeir-rodrigues-de-freitas"],"_links":{"self":[{"href":"https:\/\/aconteceunovale.com.br\/portal\/index.php?rest_route=\/wp\/v2\/posts\/48516","targetHints":{"allow":["GET"]}}],"collection":[{"href":"https:\/\/aconteceunovale.com.br\/portal\/index.php?rest_route=\/wp\/v2\/posts"}],"about":[{"href":"https:\/\/aconteceunovale.com.br\/portal\/index.php?rest_route=\/wp\/v2\/types\/post"}],"author":[{"embeddable":true,"href":"https:\/\/aconteceunovale.com.br\/portal\/index.php?rest_route=\/wp\/v2\/users\/1"}],"replies":[{"embeddable":true,"href":"https:\/\/aconteceunovale.com.br\/portal\/index.php?rest_route=%2Fwp%2Fv2%2Fcomments&post=48516"}],"version-history":[{"count":0,"href":"https:\/\/aconteceunovale.com.br\/portal\/index.php?rest_route=\/wp\/v2\/posts\/48516\/revisions"}],"wp:featuredmedia":[{"embeddable":true,"href":"https:\/\/aconteceunovale.com.br\/portal\/index.php?rest_route=\/wp\/v2\/media\/48517"}],"wp:attachment":[{"href":"https:\/\/aconteceunovale.com.br\/portal\/index.php?rest_route=%2Fwp%2Fv2%2Fmedia&parent=48516"}],"wp:term":[{"taxonomy":"category","embeddable":true,"href":"https:\/\/aconteceunovale.com.br\/portal\/index.php?rest_route=%2Fwp%2Fv2%2Fcategories&post=48516"},{"taxonomy":"post_tag","embeddable":true,"href":"https:\/\/aconteceunovale.com.br\/portal\/index.php?rest_route=%2Fwp%2Fv2%2Ftags&post=48516"}],"curies":[{"name":"wp","href":"https:\/\/api.w.org\/{rel}","templated":true}]}}