{"id":48510,"date":"2014-12-21T21:54:00","date_gmt":"2014-12-22T00:54:00","guid":{"rendered":"http:\/\/aconteceunovale.com.br\/portal\/?p=48510"},"modified":"2014-12-21T21:55:27","modified_gmt":"2014-12-22T00:55:27","slug":"pelo-menos-nove-pessoas-morreram-em-acidentes-nas-rodovias-mineiras-neste-domingo-21","status":"publish","type":"post","link":"https:\/\/aconteceunovale.com.br\/portal\/?p=48510","title":{"rendered":"Pelo menos nove pessoas morreram em acidentes nas rodovias mineiras neste domingo (21)"},"content":{"rendered":"<h4><em><strong>Batidas foram registradas nas BR&#8217;s 116, 135, 262 e 354. Em Perd\u00f5es, cinco pessoas da mesma fam\u00edlia morreram em uma colis\u00e3o frontal entre carro e carreta.<\/strong><\/em><\/h4>\n<p>Pelo menos nove pessoas morreram em quatro acidentes registrados neste domingo, 21 de dezembro, em rodovias federais que cortam o estado de Minas Gerais. O mais grave aconteceu na BR-354, em Perd\u00f5es, onde cinco pessoas da mesma fam\u00edlia perderam a vida. Outros acidentes foram registrados na BR-135, no Norte de Minas, na BR-116, no Vale do Rio Doce, e na BR-262, na regi\u00e3o Central.<\/p>\n<p><img decoding=\"async\" src=\"http:\/\/aconteceunovale.com.br\/portal\/wp-content\/uploads\/2014\/12\/acidentes_domingo_21_12_2.jpg\" alt=\"\" \/><em>Carro ficou destru\u00eddo em acidente envolvendo carreta &#8211; Foto: Divulga\u00e7\u00e3o\/Corpo de Bombeiros<\/em><br \/>\n<\/br><\/p>\n<h4>Em Perd\u00f5es<\/h4>\n<p>Na BR-354, pr\u00f3ximo a Perd\u00f5es, na regi\u00e3o Oeste de Minas Gerais, cinco pessoas morreram e uma ficou ferida na colis\u00e3o entre um Fiat P\u00e1lio Adventure, placa HBH-0530, de Lavras\/MG, e um caminh\u00e3o placa HBN-1801, de Andrel\u00e2ndia\/MG, que transportava calc\u00e1rio. Conforme informa\u00e7\u00f5es levantadas no local pelo Corpo de Bombeiros, o condutor do Fiat, que dirigia sentido Perd\u00f5es\/Cana Verde, perdeu o controle da dire\u00e7\u00e3o, atingindo frontalmente a carreta.<\/p>\n<p><img decoding=\"async\" src=\"http:\/\/aconteceunovale.com.br\/portal\/wp-content\/uploads\/2014\/12\/acidentes_domingo_21_12_1.jpg\" alt=\"\" \/><em>Ve\u00edculo teria invadido a contram\u00e3o e batido na carreta &#8211; Foto: Divulga\u00e7\u00e3o\/Corpo de Bombeiros<\/em><br \/>\n<\/br><\/p>\n<p>Com o impacto da batida, os ocupantes do P\u00e1lio Jos\u00e9 Carlos Ferreira, de 43 anos, Simone Freire Sales Ferreira, de 40 anos, Polyana Freire Ferreira, de 22 anos, Gilmar Silva Ribeiro, de 27 anos, e Mateus Freire Ferreira, de 10 anos, ficaram presos \u00e0s ferragens do ve\u00edculo e morreram no local. Os corpos foram desencarcerados e encaminhados para o Instituto M\u00e9dico Legal (IML) de Lavras. De acordo com a Pol\u00edcia Militar Rodovi\u00e1ria, eles seriam da mesma fam\u00edlia. Ainda segundo a pol\u00edcia, chovia muito no momento do acidente, e uma aquaplanagem pode ter ocasionado \u00e0 batida.<\/p>\n<h4>Em Par\u00e1 de Minas<\/h4>\n<p>Em Par\u00e1 de Minas, na regi\u00e3o Central do Estado, duas pessoas morreram e tr\u00eas ficaram feridas em um acidente na altura do quil\u00f4metro 420 da BR-262. De acordo com o Corpo de Bombeiros, testemunhas relataram que um Honda Civic invadiu a contram\u00e3o, capotou e atingiu uma caminhonete Triton que seguia na m\u00e3o correta.<\/p>\n<p>Ainda segundo os Bombeiros, os dois ocupantes do carro, uma mulher de 28 anos e um homem, com idade n\u00e3o informada, morreram no local. Na caminhonete estavam tr\u00eas pessoas que ficaram feridas e foram socorridas para o Hospital Nossa Senhora da Concei\u00e7\u00e3o em Par\u00e1 de Minas.<\/p>\n<p>Uma crian\u00e7a de 5 anos que estava no ve\u00edculo teve ferimentos leves. Uma mulher de 51 anos tamb\u00e9m se feriu, por\u00e9m sem gravidade. J\u00e1 o motorista da caminhonete de 50 anos sofreu uma fratura exposta e teria que passar por uma cirurgia.<\/p>\n<h4>Em Governador Valadares<\/h4>\n<p>Uma pessoa morreu e tr\u00eas ficaram feridas em um acidente envolvendo dois carros de passeio na madrugada deste domingo, na BR-116, pr\u00f3ximo ao distrito de Chonin de Baixo, no munic\u00edpio de Governador Valadares\/MG.<\/p>\n<p>De acordo com informa\u00e7\u00f5es do Corpo de Bombeiros, um Chevrolet Prisma, placa FWN-3199, de S\u00e3o Bernardo do Campo\/SP, com quatro ocupantes, e um Fiat Uno, placa GSB-2863, de Jampruca\/MG, com tr\u00eas ocupantes, colidiram frontalmente na altura do quil\u00f4metro 388, por volta das 4h30.<\/p>\n<p>Ainda segundo os bombeiros, com o impacto da batida, Marcos Vin\u00edcius Pereira dos Santos, ficou preso \u00e0s ferragens e morreu no local. Outras tr\u00eas pessoas ficaram feridas. Daniel Pereira, Lucas Pereira e Glaucil\u00e9ia Franca de Almeida, foram socorridos e encaminhados para atendimento m\u00e9dico no HPS de Governador Valadares.<\/p>\n<p>Ap\u00f3s os trabalhos de per\u00edcia da Pol\u00edcia Civil, a v\u00edtima fatal foi desencarcerada. Tr\u00eas ocupantes do ve\u00edculo Prisma n\u00e3o sofreram ferimentos e n\u00e3o houve necessidade de atendimento.<\/p>\n<p><img decoding=\"async\" src=\"http:\/\/aconteceunovale.com.br\/portal\/wp-content\/uploads\/2014\/12\/acidente_gv_jampruca.jpg\" alt=\"\" \/><em>Ve\u00edculos colidiram frontalmente pr\u00f3ximo a Chonin de Baixo \u2013 Foto: Roberto Higino\/Caso de Pol\u00edcia<\/em><br \/>\n<\/br><\/p>\n<h4>Em Engenheiro Navarro<\/h4>\n<p>Uma pessoa morreu e duas ficaram feridas em um acidente na BR-135, entre Joaquim Fel\u00edcio e Engenheiro Navarro, no Norte de Minas. A carreta, com placas da Bahia e que transportava produtos de festa, tombou na pista depois de bater de frente com um ve\u00edculo de passeio no quil\u00f4metro 465, trecho em que h\u00e1 um estreitamento de pista.<\/p>\n<p>De acordo com a Pol\u00edcia Rodovi\u00e1ria Federal (PRF), o passageiro do Gol, com placa de Sabar\u00e1, morreu no local. O motorista ve\u00edculo de passeio e o caminhoneiro ficaram feridos e foram encaminhados para atendimento m\u00e9dico.<\/p>\n<p><em>(Fonte: Aconteceu no Vale, Corpo de Bombeiros e O Tempo)<\/em><\/p>\n","protected":false},"excerpt":{"rendered":"<p>Batidas foram registradas nas BR&#8217;s 116, 135, 262 e 354. Em Perd\u00f5es, cinco pessoas da mesma fam\u00edlia morreram em uma colis\u00e3o frontal entre carro e carreta. Pelo menos nove pessoas morreram em quatro acidentes registrados neste domingo, 21 de dezembro, em rodovias federais que cortam o estado de Minas Gerais. O mais grave aconteceu na [&hellip;]<\/p>\n","protected":false},"author":1,"featured_media":48511,"comment_status":"open","ping_status":"closed","sticky":false,"template":"","format":"standard","meta":{"amp_status":"","footnotes":""},"categories":[123],"tags":[27605,27606,21837,27603,27604,27612,1531,27561,1018,1691,27610,27563,247,236,1043,27607,207,27562,27560,27611,962,27614,27613,27609,1779,4657,27608],"class_list":["post-48510","post","type-post","status-publish","format-standard","has-post-thumbnail","hentry","category-gerais","tag-acidente-com-familia-em-perdoes","tag-acidente-com-fiat-palio-de-lavras","tag-acidente-em-para-de-minas","tag-acidente-em-perdoes","tag-acidente-entre-carro-e-carreta-em-perdoes","tag-acidente-entre-joaquim-felicio-e-engenheiro-navarro","tag-andrelandia","tag-daniel-pereira","tag-destaque","tag-engenheiro-navarro","tag-gilmar-silva-ribeiro","tag-glaucileia-franca-de-almeida","tag-governador-valadares","tag-jampruca","tag-joaquim-felicio","tag-jose-carlos-ferreira","tag-lavras","tag-lucas-pereira","tag-marcos-vinicius-pereira-dos-santos","tag-mateus-freire-ferreira","tag-para-de-minas","tag-pelo-menos-nove-pessoas-morreram-em-acidentes-nas-rodovias-mineiras-neste-domingo","tag-pelo-menos-nove-pessoas-morreram-em-acidentes-nas-rodovias-mineiras-neste-domingo-21","tag-polyana-freire-ferreira","tag-sabara","tag-sao-bernardo-do-campo","tag-simone-freire-sales-ferreira"],"_links":{"self":[{"href":"https:\/\/aconteceunovale.com.br\/portal\/index.php?rest_route=\/wp\/v2\/posts\/48510","targetHints":{"allow":["GET"]}}],"collection":[{"href":"https:\/\/aconteceunovale.com.br\/portal\/index.php?rest_route=\/wp\/v2\/posts"}],"about":[{"href":"https:\/\/aconteceunovale.com.br\/portal\/index.php?rest_route=\/wp\/v2\/types\/post"}],"author":[{"embeddable":true,"href":"https:\/\/aconteceunovale.com.br\/portal\/index.php?rest_route=\/wp\/v2\/users\/1"}],"replies":[{"embeddable":true,"href":"https:\/\/aconteceunovale.com.br\/portal\/index.php?rest_route=%2Fwp%2Fv2%2Fcomments&post=48510"}],"version-history":[{"count":0,"href":"https:\/\/aconteceunovale.com.br\/portal\/index.php?rest_route=\/wp\/v2\/posts\/48510\/revisions"}],"wp:featuredmedia":[{"embeddable":true,"href":"https:\/\/aconteceunovale.com.br\/portal\/index.php?rest_route=\/wp\/v2\/media\/48511"}],"wp:attachment":[{"href":"https:\/\/aconteceunovale.com.br\/portal\/index.php?rest_route=%2Fwp%2Fv2%2Fmedia&parent=48510"}],"wp:term":[{"taxonomy":"category","embeddable":true,"href":"https:\/\/aconteceunovale.com.br\/portal\/index.php?rest_route=%2Fwp%2Fv2%2Fcategories&post=48510"},{"taxonomy":"post_tag","embeddable":true,"href":"https:\/\/aconteceunovale.com.br\/portal\/index.php?rest_route=%2Fwp%2Fv2%2Ftags&post=48510"}],"curies":[{"name":"wp","href":"https:\/\/api.w.org\/{rel}","templated":true}]}}