{"id":48488,"date":"2014-12-21T11:10:03","date_gmt":"2014-12-21T14:10:03","guid":{"rendered":"http:\/\/aconteceunovale.com.br\/portal\/?p=48488"},"modified":"2014-12-21T11:10:03","modified_gmt":"2014-12-21T14:10:03","slug":"povos-e-comunidades-tradicionais-de-minas-tem-comissao-para-definir-politicas-publicas","status":"publish","type":"post","link":"https:\/\/aconteceunovale.com.br\/portal\/?p=48488","title":{"rendered":"Povos e comunidades tradicionais de Minas t\u00eam comiss\u00e3o para definir pol\u00edticas p\u00fablicas"},"content":{"rendered":"<h4><strong><em>A Seapa e a Sedese, em parceria com organiza\u00e7\u00f5es da sociedade civil, dever\u00e3o realizar at\u00e9 junho de 2015 o primeiro Encontro Estadual dos PCTs<\/em><\/strong><\/h4>\n<p>A Secretaria de Agricultura, Pecu\u00e1ria e Abastecimento (Seapa) e a Secretaria de Trabalho e Desenvolvimento Social (Sedese), em parceria com organiza\u00e7\u00f5es da sociedade civil, dever\u00e3o realizar at\u00e9 junho de 2015 o primeiro Encontro Estadual dos Povos e Comunidades Tradicionais (PCTs). O compromisso consta do Decreto 46671, que cria a Comiss\u00e3o Estadual para o Desenvolvimento dos Povos e Comunidades Tradicionais de Minas Gerais (CEPCT-MG), assinado pelo governador Alberto Pinto Coelho em 16 de dezembro de 2014.<\/p>\n<p>A comiss\u00e3o, formada por 24 representantes do poder p\u00fablico e da sociedade civil, vai elaborar o Plano Estadual para o Desenvolvimento Sustent\u00e1vel dos Povos e Comunidades Tradicionais de Minas Gerais.<\/p>\n<p><img decoding=\"async\" src=\"http:\/\/aconteceunovale.com.br\/portal\/wp-content\/uploads\/2014\/12\/povos-e-comunidades-tradicionais-de-minas-tem-comissao-para-definir-politicas-publicas.jpg\" alt=\"\" \/><em>Povos e Comunidades Tradicionais de Minas Gerais &#8211; Foto: Divulga\u00e7\u00e3o\/Seapa<\/em><br \/>\n<\/br><\/p>\n<p>Conforme a Lei Estadual 21147\/2014, povos e comunidades tradicionais s\u00e3o grupos culturalmente diferenciados com formas pr\u00f3prias de organiza\u00e7\u00e3o social, \u201cocupando territ\u00f3rios e utilizando recursos naturais como condi\u00e7\u00e3o para sua reprodu\u00e7\u00e3o cultural, social, religiosa, ancestral e econ\u00f4mica, e aplicando conhecimentos, inova\u00e7\u00f5es e pr\u00e1ticas gerados e transmitidos pela tradi\u00e7\u00e3o.\u201d<\/p>\n<p>Um quarto do territ\u00f3rio brasileiro \u00e9 ocupado por comunidades tradicionais, informa a Secretaria da Agricultura, que responde pela Secretaria Executiva da comiss\u00e3o. De acordo com o subsecret\u00e1rio de Agricultura Familiar, Edmar Guariento Gadelha, integram essas comunidades os povos ind\u00edgenas, quilombolas, pescadores artesanais, geraizeiros (que exercem ocupa\u00e7\u00e3o tradicional nos gerais ou no cerrado), vazanteiros (moradores tradicionais das vazantes, que consorciam usos de terras altas e baixas), veredeiros (que tradicionalmente usam e preservam as \u00e1reas de veredas, subunidade do bioma cerrado\/gerais), faiscadores (que exercem o garimpo artesanal), apanhadores de flores sempre vivas que tradicionalmente exercem o extrativismo em \u00e1reas comuns de campinas, os catingueiros, povos de terreiros, entre outros.<\/p>\n<h4>Agenda positiva<\/h4>\n<p>O subsecret\u00e1rio explica que Minas Gerais conta com a Lei n\u00ba 21.147, promulgada em 14 de janeiro de 2014, que institui a  Pol\u00edtica Estadual para o Desenvolvimento Sustent\u00e1vel dos Povos e Comunidades Tradicionais do Estado de Minas Gerais. De acordo com Gadelha, \u201ctrata-se de uma agenda positiva para o Estado, uma vez que a pol\u00edtica estabelecer\u00e1 programas, projetos e a\u00e7\u00f5es que visem \u00e0 identifica\u00e7\u00e3o, promo\u00e7\u00e3o e reconhecimento da etnobiodiversidade que caracteriza Minas Gerais como um estado potencialmente privilegiado em sua forma\u00e7\u00e3o e composi\u00e7\u00e3o social; e tamb\u00e9m propiciar\u00e1 a promo\u00e7\u00e3o, prote\u00e7\u00e3o e restaura\u00e7\u00e3o dos direitos do referido segmento social, que condiciona o resgate de pr\u00e1ticas de prote\u00e7\u00e3o e uso sustent\u00e1veis de nossos biomas.\u201d<\/p>\n<p>Gadelha ressalta que a lei, em seu artigo 8\u00b0, determina a cria\u00e7\u00e3o de \u00f3rg\u00e3o ou comiss\u00e3o, de car\u00e1ter parit\u00e1rio e deliberativo, respons\u00e1vel por instituir a Pol\u00edtica Estadual para o Desenvolvimento Sustent\u00e1vel dos Povos e Comunidades Tradicionais. \u201cDessa maneira, a Comiss\u00e3o Estadual para o Desenvolvimento Sustent\u00e1vel dos Povos e Comunidades Tradicionais de Minas Gerais (CEPCT) deveoperacionalizar as a\u00e7\u00f5es de promo\u00e7\u00e3o e prote\u00e7\u00e3o dos direitos sociais b\u00e1sicos e a preserva\u00e7\u00e3o de cultura e territ\u00f3rio destes povos\u201d, enfatiza.<\/p>\n<p>O subsecret\u00e1rio ainda diz que, para a forma\u00e7\u00e3o da Comiss\u00e3o Estadual dos Povos e Comunidades Tradicionais, foi fundamental o I Encontro da Agricultura Familiar realizado em 2011, em Belo Horizonte. \u201cO evento foi decisivo para a defini\u00e7\u00e3o da estrat\u00e9gia de formula\u00e7\u00e3o de uma lei e sua regulamenta\u00e7\u00e3o a fim de dar respaldo ao desenvolvimento sustent\u00e1vel das comunidades\u201d, finaliza.<\/p>\n<p><strong><em>(Ag\u00eancia Minas)<\/em><\/strong><\/p>\n","protected":false},"excerpt":{"rendered":"<p>A Seapa e a Sedese, em parceria com organiza\u00e7\u00f5es da sociedade civil, dever\u00e3o realizar at\u00e9 junho de 2015 o primeiro Encontro Estadual dos PCTs A Secretaria de Agricultura, Pecu\u00e1ria e Abastecimento (Seapa) e a Secretaria de Trabalho e Desenvolvimento Social (Sedese), em parceria com organiza\u00e7\u00f5es da sociedade civil, dever\u00e3o realizar at\u00e9 junho de 2015 o [&hellip;]<\/p>\n","protected":false},"author":1,"featured_media":48489,"comment_status":"open","ping_status":"closed","sticky":false,"template":"","format":"standard","meta":{"amp_status":"","footnotes":""},"categories":[123],"tags":[1402,27582,1018,27584,27580,27581,27583,27585,27578,27579],"class_list":["post-48488","post","type-post","status-publish","format-standard","has-post-thumbnail","hentry","category-gerais","tag-alberto-pinto-coelho","tag-comissao-estadual-para-o-desenvolvimento-dos-povos-e-comunidades-tradicionais-de-minas-gerais","tag-destaque","tag-edmar-guariento-gadelha","tag-encontro-estadual-dos-povos-e-comunidades-tradicionais","tag-povos-e-comunidades-tradicionais","tag-povos-e-comunidades-tradicionais-de-minas-gerais","tag-povos-e-comunidades-tradicionais-de-minas-tem-comissao-para-definir-politicas-publicas","tag-seapa","tag-sedese"],"_links":{"self":[{"href":"https:\/\/aconteceunovale.com.br\/portal\/index.php?rest_route=\/wp\/v2\/posts\/48488","targetHints":{"allow":["GET"]}}],"collection":[{"href":"https:\/\/aconteceunovale.com.br\/portal\/index.php?rest_route=\/wp\/v2\/posts"}],"about":[{"href":"https:\/\/aconteceunovale.com.br\/portal\/index.php?rest_route=\/wp\/v2\/types\/post"}],"author":[{"embeddable":true,"href":"https:\/\/aconteceunovale.com.br\/portal\/index.php?rest_route=\/wp\/v2\/users\/1"}],"replies":[{"embeddable":true,"href":"https:\/\/aconteceunovale.com.br\/portal\/index.php?rest_route=%2Fwp%2Fv2%2Fcomments&post=48488"}],"version-history":[{"count":0,"href":"https:\/\/aconteceunovale.com.br\/portal\/index.php?rest_route=\/wp\/v2\/posts\/48488\/revisions"}],"wp:featuredmedia":[{"embeddable":true,"href":"https:\/\/aconteceunovale.com.br\/portal\/index.php?rest_route=\/wp\/v2\/media\/48489"}],"wp:attachment":[{"href":"https:\/\/aconteceunovale.com.br\/portal\/index.php?rest_route=%2Fwp%2Fv2%2Fmedia&parent=48488"}],"wp:term":[{"taxonomy":"category","embeddable":true,"href":"https:\/\/aconteceunovale.com.br\/portal\/index.php?rest_route=%2Fwp%2Fv2%2Fcategories&post=48488"},{"taxonomy":"post_tag","embeddable":true,"href":"https:\/\/aconteceunovale.com.br\/portal\/index.php?rest_route=%2Fwp%2Fv2%2Ftags&post=48488"}],"curies":[{"name":"wp","href":"https:\/\/api.w.org\/{rel}","templated":true}]}}