{"id":48482,"date":"2014-12-21T10:46:17","date_gmt":"2014-12-21T13:46:17","guid":{"rendered":"http:\/\/aconteceunovale.com.br\/portal\/?p=48482"},"modified":"2014-12-21T10:46:17","modified_gmt":"2014-12-21T13:46:17","slug":"brasil-enfrentara-primeiro-verao-com-dengue-e-chikungunya","status":"publish","type":"post","link":"https:\/\/aconteceunovale.com.br\/portal\/?p=48482","title":{"rendered":"Brasil enfrentar\u00e1 primeiro ver\u00e3o com dengue e chikungunya"},"content":{"rendered":"<p>O ver\u00e3o no Hemisf\u00e9rio Sul come\u00e7a hoje (21), com um desafio particular para o Brasil. Pela primeira vez na esta\u00e7\u00e3o, dengue e febre chikungunya circulam juntas pelo pa\u00eds. As doen\u00e7as t\u00eam sintomas parecidos e s\u00e3o transmitidas pelo mesmo mosquito. Em entrevista, o coordenador do Comit\u00ea de Doen\u00e7as Emergentes da Sociedade Brasileira de Infectologia, Rodrigo Angerami, explicou como identificar os sinais de cada uma delas e as formas mais eficazes de preven\u00e7\u00e3o.<\/p>\n<p>Angerami lembrou que o que torna o ver\u00e3o mais vulner\u00e1vel \u00e0 ocorr\u00eancia de surtos e epidemias \u00e9 a sazonalidade das doen\u00e7as. O comportamento do Aedes aegypti, transmissor da dengue e da febre chikungunya, segundo ele, tende a se intensificar em per\u00edodos de temperaturas mais altas e de muita chuva.<\/p>\n<p>Outro agravante, sobretudo no caso da febre chikungunya, \u00e9 a circula\u00e7\u00e3o de pessoas em raz\u00e3o das festas de fim de ano e das f\u00e9rias escolares. \u201cMuitos saem de um estado e acabam se deslocando para \u00e1reas onde o v\u00edrus j\u00e1 est\u00e1 circulando. Isso pode favorecer a introdu\u00e7\u00e3o do v\u00edrus em outros estados a partir do regresso dessas pessoas\u201d, explicou o infectologista.<\/p>\n<p>Segundo Angerami, febre, dor de cabe\u00e7a, mal-estar, falta de apetite e dor no corpo s\u00e3o alguns dos sintomas compartilhados por ambas as doen\u00e7as. O que diferencia a febre chikungunya da dengue \u00e9 a dor nas articula\u00e7\u00f5es, que acomete o paciente de forma incapacitante. J\u00e1 a dengue provoca complica\u00e7\u00f5es como o risco aumentado de hemorragias, queda da press\u00e3o arterial e acometimento dos \u00f3rg\u00e3os e, por isso, exige cautela.<\/p>\n<p>&#8220;At\u00e9 o momento, n\u00e3o existe vacina para as duas doen\u00e7as. Assim, o controle do mosquito \u00e9 imperativo. As pessoas ter\u00e3o de se conscientizar que, n\u00e3o s\u00f3 pela dengue, mas pelo chikungunya, deve haver um compromisso de evitar que o vetor se instale e se reproduza.&#8221;<\/p>\n<p>Dados do Minist\u00e9rio da Sa\u00fade divulgados no in\u00edcio deste m\u00eas indicam que, at\u00e9 o dia 15 de novembro, o Brasil registrou 1.364 casos de febre chikungunya, sendo 71 casos importados e 1.293 aut\u00f3ctones. Desses, 531 foram identificados no munic\u00edpio de Oiapoque, no Amap\u00e1, 563 em Feira de Santana e  196 em Riach\u00e3o do Jacu\u00edpe, ambos na Bahia, um em Matozinhos e um em Pedro Leopoldo, em Minas Gerais, e um em Campo Grande, Mato Grosso do Sul.<\/p>\n<p>No caso da dengue, o Levantamento R\u00e1pido do \u00cdndice de Infesta\u00e7\u00e3o por Aedes aegypti (LIRAa) indica que pelo menos 135 munic\u00edpios brasileiros apresentam risco de epidemia da doen\u00e7a. Alem disso, 612 cidades est\u00e3o em alerta para a dengue.<\/p>\n<p><strong><em>(Ag\u00eancia Brasil)<\/em><\/strong><\/p>\n","protected":false},"excerpt":{"rendered":"<p>O ver\u00e3o no Hemisf\u00e9rio Sul come\u00e7a hoje (21), com um desafio particular para o Brasil. Pela primeira vez na esta\u00e7\u00e3o, dengue e febre chikungunya circulam juntas pelo pa\u00eds. As doen\u00e7as t\u00eam sintomas parecidos e s\u00e3o transmitidas pelo mesmo mosquito. Em entrevista, o coordenador do Comit\u00ea de Doen\u00e7as Emergentes da Sociedade Brasileira de Infectologia, Rodrigo Angerami, [&hellip;]<\/p>\n","protected":false},"author":1,"featured_media":23005,"comment_status":"open","ping_status":"closed","sticky":false,"template":"","format":"standard","meta":{"amp_status":"","footnotes":""},"categories":[6],"tags":[8952,27564,27566,18737,27565,27567,1344,11059,27571,27572,27570,21831,27568,27569,26731,27573],"class_list":["post-48482","post","type-post","status-publish","format-standard","has-post-thumbnail","hentry","category-br","tag-aedes-aegypti","tag-brasil-enfrentara-primeiro-verao-com-dengue-e-chikungunya","tag-casos-de-febre-chikungunya-o-brasil","tag-chikungunya","tag-chikungunya-no-brasil","tag-comite-de-doencas-emergentes-da-sociedade-brasileira-de-infectologia","tag-dengue","tag-febre-chikungunya","tag-febres","tag-infectologista","tag-levantamento-rapido-do-indice-de-infestacao-por-aedes-aegypti","tag-liraa","tag-rodrigo-angerami","tag-transmissor-da-dengue-e-da-febre-chikungunya","tag-verao","tag-vulnerabilidade"],"_links":{"self":[{"href":"https:\/\/aconteceunovale.com.br\/portal\/index.php?rest_route=\/wp\/v2\/posts\/48482","targetHints":{"allow":["GET"]}}],"collection":[{"href":"https:\/\/aconteceunovale.com.br\/portal\/index.php?rest_route=\/wp\/v2\/posts"}],"about":[{"href":"https:\/\/aconteceunovale.com.br\/portal\/index.php?rest_route=\/wp\/v2\/types\/post"}],"author":[{"embeddable":true,"href":"https:\/\/aconteceunovale.com.br\/portal\/index.php?rest_route=\/wp\/v2\/users\/1"}],"replies":[{"embeddable":true,"href":"https:\/\/aconteceunovale.com.br\/portal\/index.php?rest_route=%2Fwp%2Fv2%2Fcomments&post=48482"}],"version-history":[{"count":0,"href":"https:\/\/aconteceunovale.com.br\/portal\/index.php?rest_route=\/wp\/v2\/posts\/48482\/revisions"}],"wp:featuredmedia":[{"embeddable":true,"href":"https:\/\/aconteceunovale.com.br\/portal\/index.php?rest_route=\/wp\/v2\/media\/23005"}],"wp:attachment":[{"href":"https:\/\/aconteceunovale.com.br\/portal\/index.php?rest_route=%2Fwp%2Fv2%2Fmedia&parent=48482"}],"wp:term":[{"taxonomy":"category","embeddable":true,"href":"https:\/\/aconteceunovale.com.br\/portal\/index.php?rest_route=%2Fwp%2Fv2%2Fcategories&post=48482"},{"taxonomy":"post_tag","embeddable":true,"href":"https:\/\/aconteceunovale.com.br\/portal\/index.php?rest_route=%2Fwp%2Fv2%2Ftags&post=48482"}],"curies":[{"name":"wp","href":"https:\/\/api.w.org\/{rel}","templated":true}]}}