{"id":48479,"date":"2014-12-21T10:23:05","date_gmt":"2014-12-21T13:23:05","guid":{"rendered":"http:\/\/aconteceunovale.com.br\/portal\/?p=48479"},"modified":"2014-12-21T10:23:05","modified_gmt":"2014-12-21T13:23:05","slug":"colisao-frontal-entre-dois-carros-deixa-um-morto-e-tres-feridos-em-governador-valadares","status":"publish","type":"post","link":"https:\/\/aconteceunovale.com.br\/portal\/?p=48479","title":{"rendered":"Colis\u00e3o frontal entre dois carros deixa um morto e tr\u00eas feridos em Governador Valadares"},"content":{"rendered":"<h4><strong><em>Acidente aconteceu pr\u00f3ximo ao distrito de Chonin de Baixo. Um homem morreu no local e tr\u00eas pessoas foram encaminhadas para o HPS de Governador Valadares.<\/em><\/strong><\/h4>\n<p>Uma pessoa morreu e tr\u00eas ficaram feridas em um acidente envolvendo dois carros de passeio na madrugada deste domingo, 21 de dezembro, na BR-116, pr\u00f3ximo ao distrito de Chonin de Baixo, no munic\u00edpio de Governador Valadares\/MG.<\/p>\n<p>De acordo com informa\u00e7\u00f5es do Corpo de Bombeiros, um Chevrolet Prisma, placa FWN-3199, de S\u00e3o Bernardo do Campo\/SP, com quatro ocupantes, e um Fiat Uno, placa GSB-2863, de Jampruca\/MG, com tr\u00eas ocupantes, colidiram frontalmente na altura do quil\u00f4metro 388, por volta das 4h30.<\/p>\n<p><img decoding=\"async\" src=\"http:\/\/aconteceunovale.com.br\/portal\/wp-content\/uploads\/2014\/12\/acidente_gv_jampruca.jpg\" alt=\"\" \/><em>Ve\u00edculos colidiram frontalmente pr\u00f3ximo a Chonin de Baixo &#8211; Foto: Roberto Higino\/Caso de Pol\u00edcia<\/em><br \/>\n<\/br><\/p>\n<p>Ainda segundo os bombeiros, com o impacto da batida, Marcos Vin\u00edcius Pereira dos Santos, ficou preso \u00e0s ferragens e morreu no local. Outras tr\u00eas pessoas ficaram feridas. Daniel Pereira, Lucas Pereira e Glaucil\u00e9ia Franca de Almeida, foram socorridos e encaminhados para atendimento m\u00e9dico no HPS de Governador Valadares.<\/p>\n<p>Ap\u00f3s os trabalhos de per\u00edcia da Pol\u00edcia Civil, a v\u00edtima fatal foi desencarcerada. Tr\u00eas ocupantes do ve\u00edculo Prisma n\u00e3o sofreram ferimentos e n\u00e3o houve necessidade de atendimento.<\/p>\n","protected":false},"excerpt":{"rendered":"<p>Acidente aconteceu pr\u00f3ximo ao distrito de Chonin de Baixo. Um homem morreu no local e tr\u00eas pessoas foram encaminhadas para o HPS de Governador Valadares. Uma pessoa morreu e tr\u00eas ficaram feridas em um acidente envolvendo dois carros de passeio na madrugada deste domingo, 21 de dezembro, na BR-116, pr\u00f3ximo ao distrito de Chonin de [&hellip;]<\/p>\n","protected":false},"author":1,"featured_media":48480,"comment_status":"open","ping_status":"closed","sticky":false,"template":"","format":"standard","meta":{"amp_status":"","footnotes":""},"categories":[121],"tags":[27558,27559,27557,12667,3945,27556,27561,27563,247,236,27562,27560,4657],"class_list":["post-48479","post","type-post","status-publish","format-standard","has-post-thumbnail","hentry","category-leste","tag-acidente-com-carro-de-jampruca","tag-acidente-com-carro-de-sao-bernardo-do-campo","tag-acidente-em-chonin-de-baixo","tag-acidente-em-governador-valadares","tag-acidente-na-br-116","tag-colisao-frontal-entre-dois-carros-deixa-um-morto-e-tres-feridos-em-governador-valadares","tag-daniel-pereira","tag-glaucileia-franca-de-almeida","tag-governador-valadares","tag-jampruca","tag-lucas-pereira","tag-marcos-vinicius-pereira-dos-santos","tag-sao-bernardo-do-campo"],"_links":{"self":[{"href":"https:\/\/aconteceunovale.com.br\/portal\/index.php?rest_route=\/wp\/v2\/posts\/48479","targetHints":{"allow":["GET"]}}],"collection":[{"href":"https:\/\/aconteceunovale.com.br\/portal\/index.php?rest_route=\/wp\/v2\/posts"}],"about":[{"href":"https:\/\/aconteceunovale.com.br\/portal\/index.php?rest_route=\/wp\/v2\/types\/post"}],"author":[{"embeddable":true,"href":"https:\/\/aconteceunovale.com.br\/portal\/index.php?rest_route=\/wp\/v2\/users\/1"}],"replies":[{"embeddable":true,"href":"https:\/\/aconteceunovale.com.br\/portal\/index.php?rest_route=%2Fwp%2Fv2%2Fcomments&post=48479"}],"version-history":[{"count":0,"href":"https:\/\/aconteceunovale.com.br\/portal\/index.php?rest_route=\/wp\/v2\/posts\/48479\/revisions"}],"wp:featuredmedia":[{"embeddable":true,"href":"https:\/\/aconteceunovale.com.br\/portal\/index.php?rest_route=\/wp\/v2\/media\/48480"}],"wp:attachment":[{"href":"https:\/\/aconteceunovale.com.br\/portal\/index.php?rest_route=%2Fwp%2Fv2%2Fmedia&parent=48479"}],"wp:term":[{"taxonomy":"category","embeddable":true,"href":"https:\/\/aconteceunovale.com.br\/portal\/index.php?rest_route=%2Fwp%2Fv2%2Fcategories&post=48479"},{"taxonomy":"post_tag","embeddable":true,"href":"https:\/\/aconteceunovale.com.br\/portal\/index.php?rest_route=%2Fwp%2Fv2%2Ftags&post=48479"}],"curies":[{"name":"wp","href":"https:\/\/api.w.org\/{rel}","templated":true}]}}