{"id":48475,"date":"2014-12-20T22:17:25","date_gmt":"2014-12-21T01:17:25","guid":{"rendered":"http:\/\/aconteceunovale.com.br\/portal\/?p=48475"},"modified":"2014-12-20T22:17:25","modified_gmt":"2014-12-21T01:17:25","slug":"temporal-assusta-moradores-e-provoca-prejuizos-em-sao-francisco","status":"publish","type":"post","link":"https:\/\/aconteceunovale.com.br\/portal\/?p=48475","title":{"rendered":"Temporal assusta moradores e provoca preju\u00edzos em S\u00e3o Francisco"},"content":{"rendered":"<h4><strong><em>O muro de uma casa desabou sobre um ve\u00edculo no bairro Aparecida. Ningu\u00e9m ficou ferido.<\/em><\/strong><\/h4>\n<p>Um temporal assustou os moradores de S\u00e3o Francisco, no Norte de Minas, na tarde deste s\u00e1bado (20). De acordo com a Pol\u00edcia Militar (PM), a chuva come\u00e7ou por volta das 16h e durou apenas meia hora. O preju\u00edzo ficou para o dono de um carro estacionado na esquina das ruas Ad\u00e3o Vieira com S\u00e3o Rom\u00e3o, no bairro Aparecida, atingido pelo muro de uma casa, que n\u00e3o resistiu ao vendaval.<\/p>\n<p>Ainda segundo a PM, n\u00e3o houve registro de feridos ou alagamentos, e j\u00e1 n\u00e3o chove na cidade. Em S\u00e3o Francisco tamb\u00e9m n\u00e3o h\u00e1 desabrigados ou desalojados.<\/p>\n<p>De acordo com o boletim da Defesa Civil Estadual, dez cidades foram atingidas desde o in\u00edcio do per\u00edodo chuvoso, no entanto apenas quatro decretaram situa\u00e7\u00e3o de emerg\u00eancia. Duas pessoas j\u00e1 morreram, quatro ficaram feridas, 40 est\u00e3o desabrigadas e 2.955 desalojadas em consequ\u00eancia das chuvas em Minas Gerais.<\/p>\n<p><img decoding=\"async\" src=\"http:\/\/aconteceunovale.com.br\/portal\/wp-content\/uploads\/2014\/12\/temporal_sf.jpg\" alt=\"\" \/><em>Vendaval derrubou muro de casa no bairro Aparecida &#8211; Foto: PMMG\/Divulga\u00e7\u00e3o<\/em><br \/>\n<\/br><\/p>\n<p><strong><em>(Jornal O Tempo)<\/em><\/strong><\/p>\n","protected":false},"excerpt":{"rendered":"<p>O muro de uma casa desabou sobre um ve\u00edculo no bairro Aparecida. Ningu\u00e9m ficou ferido. Um temporal assustou os moradores de S\u00e3o Francisco, no Norte de Minas, na tarde deste s\u00e1bado (20). De acordo com a Pol\u00edcia Militar (PM), a chuva come\u00e7ou por volta das 16h e durou apenas meia hora. O preju\u00edzo ficou para [&hellip;]<\/p>\n","protected":false},"author":1,"featured_media":48477,"comment_status":"open","ping_status":"closed","sticky":false,"template":"","format":"standard","meta":{"amp_status":"","footnotes":""},"categories":[1236],"tags":[27554,27555,1522,27553,27552],"class_list":["post-48475","post","type-post","status-publish","format-standard","has-post-thumbnail","hentry","category-norte_de_minas","tag-chuva-em-sao-francisco","tag-estragos-da-chuva-em-sao-francisco","tag-sao-francisco","tag-temporal-assusta-moradores-e-provoca-prejuizos-em-sao-francisco","tag-temporal-assustou-os-moradores-de-sao-francisco"],"_links":{"self":[{"href":"https:\/\/aconteceunovale.com.br\/portal\/index.php?rest_route=\/wp\/v2\/posts\/48475","targetHints":{"allow":["GET"]}}],"collection":[{"href":"https:\/\/aconteceunovale.com.br\/portal\/index.php?rest_route=\/wp\/v2\/posts"}],"about":[{"href":"https:\/\/aconteceunovale.com.br\/portal\/index.php?rest_route=\/wp\/v2\/types\/post"}],"author":[{"embeddable":true,"href":"https:\/\/aconteceunovale.com.br\/portal\/index.php?rest_route=\/wp\/v2\/users\/1"}],"replies":[{"embeddable":true,"href":"https:\/\/aconteceunovale.com.br\/portal\/index.php?rest_route=%2Fwp%2Fv2%2Fcomments&post=48475"}],"version-history":[{"count":0,"href":"https:\/\/aconteceunovale.com.br\/portal\/index.php?rest_route=\/wp\/v2\/posts\/48475\/revisions"}],"wp:featuredmedia":[{"embeddable":true,"href":"https:\/\/aconteceunovale.com.br\/portal\/index.php?rest_route=\/wp\/v2\/media\/48477"}],"wp:attachment":[{"href":"https:\/\/aconteceunovale.com.br\/portal\/index.php?rest_route=%2Fwp%2Fv2%2Fmedia&parent=48475"}],"wp:term":[{"taxonomy":"category","embeddable":true,"href":"https:\/\/aconteceunovale.com.br\/portal\/index.php?rest_route=%2Fwp%2Fv2%2Fcategories&post=48475"},{"taxonomy":"post_tag","embeddable":true,"href":"https:\/\/aconteceunovale.com.br\/portal\/index.php?rest_route=%2Fwp%2Fv2%2Ftags&post=48475"}],"curies":[{"name":"wp","href":"https:\/\/api.w.org\/{rel}","templated":true}]}}