{"id":48465,"date":"2014-12-20T20:03:31","date_gmt":"2014-12-20T23:03:31","guid":{"rendered":"http:\/\/aconteceunovale.com.br\/portal\/?p=48465"},"modified":"2014-12-20T20:03:31","modified_gmt":"2014-12-20T23:03:31","slug":"coreia-do-norte-propoe-aos-eua-investigacao-conjunta-sobre-ataque-ao-grupo-sony-pictures","status":"publish","type":"post","link":"https:\/\/aconteceunovale.com.br\/portal\/?p=48465","title":{"rendered":"Coreia do Norte prop\u00f5e aos EUA investiga\u00e7\u00e3o conjunta sobre ataque ao grupo Sony Pictures"},"content":{"rendered":"<p>A Coreia do Norte prop\u00f4s hoje (20) aos Estados Unidos um inqu\u00e9rito conjunto sobre o ataque virtual em massa contra o grupo Sony Pictures no final de novembro. O governo de Pyongyang assegurou n\u00e3o ter nenhuma responsabilidade em rela\u00e7\u00e3o ao incidente.<\/p>\n<p>\u201cLevando em conta que os Estados Unidos espalham alega\u00e7\u00f5es sem fundamento e nos difamam, n\u00f3s propomos um inqu\u00e9rito conjunto\u201d, destacou o minist\u00e9rio dos Neg\u00f3cios Estrangeiros norte-coreano. \u201cSem ir at\u00e9 a tortura como fez a CIA norte-americana, n\u00f3s temos meios para provar que n\u00e3o temos nada a ver com este incidente\u201d, adiantou o minist\u00e9rio, citado pela ag\u00eancia oficial norte-coreana KCNA.<\/p>\n<p>A Coreia do Sul tamb\u00e9m acusou hoje a Coreia do Norte de ser a respons\u00e1vel pelos ataques contra o grupo Sony Pictures, semelhantes a ataques sofridos por bancos e ag\u00eancias de not\u00edcias sul-coreanas no ano passado, que foram atribu\u00eddos a Pyongyang.<\/p>\n<p>Seul indicou estar pronta a partilhar com Washington as informa\u00e7\u00f5es ligadas ao ataque virtual contra a Sony e a refor\u00e7ar a coopera\u00e7\u00e3o internacional para enfrentar novas amea\u00e7as na \u00e1rea de inform\u00e1tica.<\/p>\n<p>O Jap\u00e3o enviou mensagem semelhante. Um porta-voz do primeiro-ministro Shinzo Abe declarou que o governo japon\u00eas tem se comunicado estreitamente com os Estados Unidos e defende a posi\u00e7\u00e3o norte-americana sobre a quest\u00e3o, sem se referir diretamente aos ataques virtuais.<\/p>\n<p>O grupo Sony Pictures foi alvo no final de novembro de um ataque virtual reivindicado pelo grupo de piratas Guardians of Peace (GOP), durante o qual diversas informa\u00e7\u00f5es foram roubadas e algumas divulgadas.<\/p>\n<p>Este ataque for\u00e7ou a Sony Pictures a anular a estreia do filme Uma Entrevista de Loucos, com\u00e9dia sat\u00edrica sobre um compl\u00f4 fict\u00edcio da CIA para assassinar o l\u00edder norte-coreano Kim Jong-un. O filme desencadeou a ira do regime comunista.<\/p>\n<p>A Coreia do Norte continua a desmentir ter encomendado o ataque virtual que o FBI, pol\u00edcia federal norte-americana, atribuiu-lhe claramente.<\/p>\n<p><em>(Ag\u00eancia Brasil)<\/em><\/p>\n","protected":false},"excerpt":{"rendered":"<p>A Coreia do Norte prop\u00f4s hoje (20) aos Estados Unidos um inqu\u00e9rito conjunto sobre o ataque virtual em massa contra o grupo Sony Pictures no final de novembro. O governo de Pyongyang assegurou n\u00e3o ter nenhuma responsabilidade em rela\u00e7\u00e3o ao incidente. \u201cLevando em conta que os Estados Unidos espalham alega\u00e7\u00f5es sem fundamento e nos difamam, [&hellip;]<\/p>\n","protected":false},"author":1,"featured_media":48466,"comment_status":"open","ping_status":"closed","sticky":false,"template":"","format":"standard","meta":{"amp_status":"","footnotes":""},"categories":[6],"tags":[27536,27537,27535,27539,27541,27540,27538],"class_list":["post-48465","post","type-post","status-publish","format-standard","has-post-thumbnail","hentry","category-br","tag-ataque-ao-grupo-sony-pictures","tag-coreia-do-norte-propoe-aos-eua-investigacao-conjunta","tag-coreia-do-norte-propoe-aos-eua-investigacao-conjunta-sobre-ataque-ao-grupo-sony-pictures","tag-coreia-do-sul-tambem-acusou-hoje-a-coreia-do-norte-de-ser-a-responsavel-pelos-ataques-contra-o-grupo-sony-pictures","tag-kim-jong-un","tag-piratas-guardians-of-peace","tag-pyongyang"],"_links":{"self":[{"href":"https:\/\/aconteceunovale.com.br\/portal\/index.php?rest_route=\/wp\/v2\/posts\/48465","targetHints":{"allow":["GET"]}}],"collection":[{"href":"https:\/\/aconteceunovale.com.br\/portal\/index.php?rest_route=\/wp\/v2\/posts"}],"about":[{"href":"https:\/\/aconteceunovale.com.br\/portal\/index.php?rest_route=\/wp\/v2\/types\/post"}],"author":[{"embeddable":true,"href":"https:\/\/aconteceunovale.com.br\/portal\/index.php?rest_route=\/wp\/v2\/users\/1"}],"replies":[{"embeddable":true,"href":"https:\/\/aconteceunovale.com.br\/portal\/index.php?rest_route=%2Fwp%2Fv2%2Fcomments&post=48465"}],"version-history":[{"count":0,"href":"https:\/\/aconteceunovale.com.br\/portal\/index.php?rest_route=\/wp\/v2\/posts\/48465\/revisions"}],"wp:featuredmedia":[{"embeddable":true,"href":"https:\/\/aconteceunovale.com.br\/portal\/index.php?rest_route=\/wp\/v2\/media\/48466"}],"wp:attachment":[{"href":"https:\/\/aconteceunovale.com.br\/portal\/index.php?rest_route=%2Fwp%2Fv2%2Fmedia&parent=48465"}],"wp:term":[{"taxonomy":"category","embeddable":true,"href":"https:\/\/aconteceunovale.com.br\/portal\/index.php?rest_route=%2Fwp%2Fv2%2Fcategories&post=48465"},{"taxonomy":"post_tag","embeddable":true,"href":"https:\/\/aconteceunovale.com.br\/portal\/index.php?rest_route=%2Fwp%2Fv2%2Ftags&post=48465"}],"curies":[{"name":"wp","href":"https:\/\/api.w.org\/{rel}","templated":true}]}}