{"id":48446,"date":"2014-12-20T13:27:22","date_gmt":"2014-12-20T16:27:22","guid":{"rendered":"http:\/\/aconteceunovale.com.br\/portal\/?p=48446"},"modified":"2014-12-20T13:27:22","modified_gmt":"2014-12-20T16:27:22","slug":"atencao-constante-e-principal-orientacao-para-evitar-esquecer-criancas-em-carro","status":"publish","type":"post","link":"https:\/\/aconteceunovale.com.br\/portal\/?p=48446","title":{"rendered":"Aten\u00e7\u00e3o constante \u00e9 principal orienta\u00e7\u00e3o para evitar esquecer crian\u00e7as em carro"},"content":{"rendered":"<p>Nesta \u00e9poca de fim de ano, quando muitas vezes a rotina \u00e9 quebrada pelas f\u00e9rias e por diversos eventos sociais, os pais e respons\u00e1veis pelo transporte de crian\u00e7as devem redobrar a aten\u00e7\u00e3o para evitar casos de esquecimentos dentro do carro. A principal orienta\u00e7\u00e3o dos especialistas para os pais \u00e9 para estarem sempre atento aos filhos, especialmente no caso de beb\u00eas e crian\u00e7as pequenas, e serem especialmente cuidadosos quando mudarem a rotina para deixar as crian\u00e7as na creche ou em outro local.<\/p>\n<p>\u201cToda vez que sa\u00edmos da rotina e dos hor\u00e1rios do dia a dia acaba tendo essa chance de esquecimento. Especialmente nesses per\u00edodos de f\u00e9rias e quando sai da rotina, devemos estar ainda mais atentos para isso n\u00e3o acontecer\u201d, diz a coordenadora da Rede Crian\u00e7a Segura, Gabriela Guida.<\/p>\n<p>Na \u00faltima semana, duas crian\u00e7as morreram dentro do carro ap\u00f3s serem esquecidas pelos pais. O primeiro caso foi o de uma menina de dois anos, em S\u00e3o Bernardo do Campo (SP), que foi deixada pelo pai. Outro caso aconteceu em Belo Horizonte (MG), com uma beb\u00ea de um ano e 11 meses, esquecida pela m\u00e3e.<\/p>\n<p><img decoding=\"async\" src=\"http:\/\/aconteceunovale.com.br\/portal\/wp-content\/uploads\/2014\/12\/morte_crianca_bh.jpg\" alt=\"\" \/><em>Carro onde a crian\u00e7a foi encontrada morta na Rua Ant\u00f4nio Paulino de Castro, pr\u00f3ximo \u00e0 creche onde ela estudava em Belo Horizonte, tinha vidros escuros &#8211; Foto: Rodrigo Clemente \/ Jornal Estado de Minas<\/em><br \/>\n<\/br><\/p>\n<p>A tecnologia pode ser uma aliada dos pais nessas horas. O alarme do telefone celular, por exemplo, pode ser acionado para lembrar de deixar a crian\u00e7a em algum lugar espec\u00edfico. \u201cOs pais podem colocar um alarme dizendo &#8216;deixar a crian\u00e7a na escola&#8217;, para lembrar o que deve ser feito\u201d, recomenda Gabriela. Outra medida \u00e9 pedir para a creche avisar caso a crian\u00e7a n\u00e3o chegue ao local ap\u00f3s alguns minutos do hor\u00e1rio que ela costuma ser deixada.<\/p>\n<p>Outra dica para que os pais n\u00e3o esque\u00e7am as crian\u00e7as dentro dos carros \u00e9 colocar algum objeto que ser\u00e1 utilizado na pr\u00f3xima parada \u2013 como uma bolsa, mochila ou maleta \u2013 no ch\u00e3o do banco de tr\u00e1s, onde a crian\u00e7a est\u00e1 sentada. No entanto, essa atitude pode representar um risco no caso de acidentes. \u201cQualquer objeto dentro do carro pode ser um grande risco no caso de colis\u00e3o\u201d, alerta a especialista.<\/p>\n<p>A psic\u00f3loga Mariana Vasconcellos, que trabalha com terapia de casais e fam\u00edlia, refor\u00e7a que a \u00e9poca de fim de ano pode ser mais prop\u00edcia para acidentes como esses. \u201cNo fim do ano, as pessoas t\u00eam muito mais coisas para fazer do que o normal como ir em happy hours de encerramento de ano, dormir mais tarde e acordar no mesmo hor\u00e1rio, comprar presentes. As pessoas ficam em um stress maior do que o comum, e isso pode auxiliar nessas falhas do c\u00e9rebro\u201d, explica.<\/p>\n<p>Para evitar que trag\u00e9dias como essas aconte\u00e7am, ela destaca que \u00e9 preciso eleger prioridades e prestar aten\u00e7\u00e3o no ritmo de vida que estamos levando. \u201cSe voc\u00ea est\u00e1 muito cansado e estressado, deve pensar no que pode mudar. Se for preciso, pedir ajuda para n\u00e3o acumular coisas demais. Isso n\u00e3o \u00e9 sinal de fraqueza, n\u00f3s somos seres humanos e n\u00e3o podemos dar conta de 100% das tarefas\u201d, diz.<\/p>\n<p>Segundo a ONG Crian\u00e7a Segura, uma crian\u00e7a esquecida no carro com temperatura externa de 38\u00b0 pode chegar a ficar exposta a uma temperatura de at\u00e9 60\u00b0 dentro do ve\u00edculo. Esquecida no carro, a crian\u00e7a pode sofrer queimaduras graves, paradas card\u00edacas e respirat\u00f3rias.<\/p>\n<p>A entidade diz que crian\u00e7as nunca devem ser deixadas sozinhas dentro do carro, mesmo com o vidro aberto. Os pais tamb\u00e9m devem orientar os filhos a n\u00e3o brincar dentro dos ve\u00edculos, especialmente no porta-malas.<\/p>\n<p><em>(Ag\u00eancia Brasil)<\/em><\/p>\n","protected":false},"excerpt":{"rendered":"<p>Nesta \u00e9poca de fim de ano, quando muitas vezes a rotina \u00e9 quebrada pelas f\u00e9rias e por diversos eventos sociais, os pais e respons\u00e1veis pelo transporte de crian\u00e7as devem redobrar a aten\u00e7\u00e3o para evitar casos de esquecimentos dentro do carro. A principal orienta\u00e7\u00e3o dos especialistas para os pais \u00e9 para estarem sempre atento aos filhos, [&hellip;]<\/p>\n","protected":false},"author":1,"featured_media":48447,"comment_status":"open","ping_status":"closed","sticky":false,"template":"","format":"standard","meta":{"amp_status":"","footnotes":""},"categories":[123],"tags":[27508,194,27511,27509,27510,21230,27516,27517,27512,27514,27515,27513,4657],"class_list":["post-48446","post","type-post","status-publish","format-standard","has-post-thumbnail","hentry","category-gerais","tag-atencao-constante-e-principal-orientacao-para-evitar-esquecer-criancas-em-carro","tag-belo-horizonte","tag-coordenadora-da-rede-crianca-segura","tag-crianca-morre-dentro-de-carro-em-belo-horizonte","tag-crianca-morre-dentro-de-carro-em-sao-bernardo-do-campo","tag-criancas","tag-cuidados-com-criancas","tag-esquecimento","tag-gabriela-guida","tag-mariana-vasconcellos","tag-ong-crianca-segura","tag-psicologa-mariana-vasconcellos","tag-sao-bernardo-do-campo"],"_links":{"self":[{"href":"https:\/\/aconteceunovale.com.br\/portal\/index.php?rest_route=\/wp\/v2\/posts\/48446","targetHints":{"allow":["GET"]}}],"collection":[{"href":"https:\/\/aconteceunovale.com.br\/portal\/index.php?rest_route=\/wp\/v2\/posts"}],"about":[{"href":"https:\/\/aconteceunovale.com.br\/portal\/index.php?rest_route=\/wp\/v2\/types\/post"}],"author":[{"embeddable":true,"href":"https:\/\/aconteceunovale.com.br\/portal\/index.php?rest_route=\/wp\/v2\/users\/1"}],"replies":[{"embeddable":true,"href":"https:\/\/aconteceunovale.com.br\/portal\/index.php?rest_route=%2Fwp%2Fv2%2Fcomments&post=48446"}],"version-history":[{"count":0,"href":"https:\/\/aconteceunovale.com.br\/portal\/index.php?rest_route=\/wp\/v2\/posts\/48446\/revisions"}],"wp:featuredmedia":[{"embeddable":true,"href":"https:\/\/aconteceunovale.com.br\/portal\/index.php?rest_route=\/wp\/v2\/media\/48447"}],"wp:attachment":[{"href":"https:\/\/aconteceunovale.com.br\/portal\/index.php?rest_route=%2Fwp%2Fv2%2Fmedia&parent=48446"}],"wp:term":[{"taxonomy":"category","embeddable":true,"href":"https:\/\/aconteceunovale.com.br\/portal\/index.php?rest_route=%2Fwp%2Fv2%2Fcategories&post=48446"},{"taxonomy":"post_tag","embeddable":true,"href":"https:\/\/aconteceunovale.com.br\/portal\/index.php?rest_route=%2Fwp%2Fv2%2Ftags&post=48446"}],"curies":[{"name":"wp","href":"https:\/\/api.w.org\/{rel}","templated":true}]}}