{"id":48441,"date":"2014-12-20T13:07:18","date_gmt":"2014-12-20T16:07:18","guid":{"rendered":"http:\/\/aconteceunovale.com.br\/portal\/?p=48441"},"modified":"2014-12-20T13:07:18","modified_gmt":"2014-12-20T16:07:18","slug":"homem-de-52-anos-morre-em-acidente-envolvendo-duas-carretas-no-norte-de-minas","status":"publish","type":"post","link":"https:\/\/aconteceunovale.com.br\/portal\/?p=48441","title":{"rendered":"Homem de 52 anos morre em acidente envolvendo duas carretas no Norte de Minas"},"content":{"rendered":"<h4><strong><em>Na BR-251, um homem de 52 anos morreu em um acidente envolvendo duas carretas. Na BR-365, dois carros se envolveram em um acidente.<\/em><\/strong><\/h4>\n<p>Um homem de 52 anos morreu em uma colis\u00e3o frontal entre  duas carretas manh\u00e3 deste s\u00e1bado, 20 de dezembro, na BR-251, pr\u00f3ximo \u00e0 entrada de Riacho dos Machados, no Norte de Minas.<\/p>\n<p>Segundo a assessoria de comunica\u00e7\u00e3o do Servi\u00e7o de Atendimento M\u00f3vel do Norte de Minas (SAMU), Carlos Ant\u00f4nio da Silva Rodrigues, n\u00e3o resistiu aos graves ferimentos e morreu no local. Outras tr\u00eas pessoas, entre elas uma crian\u00e7a, foram socorridas e encaminhadas para atendimento m\u00e9dico.<\/p>\n<h4>Outro acidente<\/h4>\n<p>Ainda segundo a Ascom do SAMU, na altura do quil\u00f4metro 27 da BR-365, sentido Cora\u00e7\u00e3o de Jesus, aconteceu um acidente envolvendo dois carros. Ainda n\u00e3o h\u00e1 informa\u00e7\u00f5es sobre v\u00edtimas. Duas unidades de resgate foram encaminhadas para o local.<\/p>\n","protected":false},"excerpt":{"rendered":"<p>Na BR-251, um homem de 52 anos morreu em um acidente envolvendo duas carretas. Na BR-365, dois carros se envolveram em um acidente. Um homem de 52 anos morreu em uma colis\u00e3o frontal entre duas carretas manh\u00e3 deste s\u00e1bado, 20 de dezembro, na BR-251, pr\u00f3ximo \u00e0 entrada de Riacho dos Machados, no Norte de Minas. [&hellip;]<\/p>\n","protected":false},"author":1,"featured_media":42404,"comment_status":"open","ping_status":"closed","sticky":false,"template":"","format":"standard","meta":{"amp_status":"","footnotes":""},"categories":[1236],"tags":[1396,27505,27506,1801,1395,27507,1807],"class_list":["post-48441","post","type-post","status-publish","format-standard","has-post-thumbnail","hentry","category-norte_de_minas","tag-acidente-na-br-251","tag-acidente-na-br-265","tag-carlos-antonio-da-silva-rodrigues","tag-coracao-de-jesus","tag-francisco-sa","tag-homem-de-52-anos-morre-em-acidente-envolvendo-duas-carretas-no-norte-de-minas","tag-riacho-dos-machados"],"_links":{"self":[{"href":"https:\/\/aconteceunovale.com.br\/portal\/index.php?rest_route=\/wp\/v2\/posts\/48441","targetHints":{"allow":["GET"]}}],"collection":[{"href":"https:\/\/aconteceunovale.com.br\/portal\/index.php?rest_route=\/wp\/v2\/posts"}],"about":[{"href":"https:\/\/aconteceunovale.com.br\/portal\/index.php?rest_route=\/wp\/v2\/types\/post"}],"author":[{"embeddable":true,"href":"https:\/\/aconteceunovale.com.br\/portal\/index.php?rest_route=\/wp\/v2\/users\/1"}],"replies":[{"embeddable":true,"href":"https:\/\/aconteceunovale.com.br\/portal\/index.php?rest_route=%2Fwp%2Fv2%2Fcomments&post=48441"}],"version-history":[{"count":0,"href":"https:\/\/aconteceunovale.com.br\/portal\/index.php?rest_route=\/wp\/v2\/posts\/48441\/revisions"}],"wp:featuredmedia":[{"embeddable":true,"href":"https:\/\/aconteceunovale.com.br\/portal\/index.php?rest_route=\/wp\/v2\/media\/42404"}],"wp:attachment":[{"href":"https:\/\/aconteceunovale.com.br\/portal\/index.php?rest_route=%2Fwp%2Fv2%2Fmedia&parent=48441"}],"wp:term":[{"taxonomy":"category","embeddable":true,"href":"https:\/\/aconteceunovale.com.br\/portal\/index.php?rest_route=%2Fwp%2Fv2%2Fcategories&post=48441"},{"taxonomy":"post_tag","embeddable":true,"href":"https:\/\/aconteceunovale.com.br\/portal\/index.php?rest_route=%2Fwp%2Fv2%2Ftags&post=48441"}],"curies":[{"name":"wp","href":"https:\/\/api.w.org\/{rel}","templated":true}]}}