{"id":48321,"date":"2014-12-19T12:45:26","date_gmt":"2014-12-19T15:45:26","guid":{"rendered":"http:\/\/aconteceunovale.com.br\/portal\/?p=48321"},"modified":"2014-12-19T12:54:09","modified_gmt":"2014-12-19T15:54:09","slug":"veiculos-de-carga-pesada-terao-trafego-restrito-nas-rodovias-de-minas-para-evitar-acidentes","status":"publish","type":"post","link":"https:\/\/aconteceunovale.com.br\/portal\/?p=48321","title":{"rendered":"Ve\u00edculos de carga pesada ter\u00e3o tr\u00e1fego restrito nas rodovias de Minas para evitar acidentes"},"content":{"rendered":"<h4><strong><em>Medida \u00e9 v\u00e1lida para alguns dias do feriado. Objetivo \u00e9 aumentar a seguran\u00e7a dos motoristas<\/em><\/strong><\/h4>\n<p>Por causa do aumento do fluxo de ve\u00edculos nas BRs nos pr\u00f3ximos dias, em fun\u00e7\u00e3o das festas de fim de ano, a Pol\u00edcia Rodovi\u00e1ria Federal (PRF) vai restringir o tr\u00e1fego para ve\u00edculos de carga a partir desta sexta-feira. <\/p>\n<p>A medida busca levar seguran\u00e7a aos motoristas durante o feriado. A restri\u00e7\u00e3o vale para carretas bitrens, rodotrens, treminh\u00f5es, cegonheiras carregadas e ve\u00edculos portadores de Autoriza\u00e7\u00e3o Especial de Tr\u00e2nsito (AET) em rodovias federais de pista simples.<\/p>\n<p>Confira abaixo os dias e hor\u00e1rios das restri\u00e7\u00f5es:<\/p>\n<p>&#8211; 19 de dezembro (sexta-feira) \u2013 das 16h \u00e0s 22h<br \/>\n&#8211; 24 de dezembro (quarta-feira) \u2013 das 6h \u00e0s 12h<br \/>\n&#8211; 25 de dezembro (quinta-feira) \u2013 das 16h \u00e0s 24h<br \/>\n&#8211; 01 de janeiro (quinta-feira) \u2013 das 16h \u00e0s 24h<br \/>\n&#8211; 4 de janeiro (domingo) \u2013 das 16h \u00e0s 24h<\/p>\n<p>Ainda de acordo com a PRF, o motorista que descumprir a determina\u00e7\u00e3o ser\u00e1 multado em R$ 85,13 \u2013 infra\u00e7\u00e3o m\u00e9dia, receber\u00e1 4 pontos na Carteira Nacional de Habilita\u00e7\u00e3o (CNH) e ter\u00e1 o ve\u00edculo retido.<\/p>\n","protected":false},"excerpt":{"rendered":"<p>Medida \u00e9 v\u00e1lida para alguns dias do feriado. Objetivo \u00e9 aumentar a seguran\u00e7a dos motoristas Por causa do aumento do fluxo de ve\u00edculos nas BRs nos pr\u00f3ximos dias, em fun\u00e7\u00e3o das festas de fim de ano, a Pol\u00edcia Rodovi\u00e1ria Federal (PRF) vai restringir o tr\u00e1fego para ve\u00edculos de carga a partir desta sexta-feira. A medida [&hellip;]<\/p>\n","protected":false},"author":1,"featured_media":48322,"comment_status":"open","ping_status":"closed","sticky":false,"template":"","format":"standard","meta":{"amp_status":"","footnotes":""},"categories":[123],"tags":[27355,27354],"class_list":["post-48321","post","type-post","status-publish","format-standard","has-post-thumbnail","hentry","category-gerais","tag-restricao-de-trafego-de-veiculos-de-carga-em-minas-gerais","tag-veiculos-de-carga-pesada-terao-trafego-restrito-nas-rodovias-de-minas-para-evitar-acidentes"],"yoast_head":"<!-- This site is optimized with the Yoast SEO plugin v28.3 - https:\/\/yoast.com\/product\/yoast-seo-wordpress\/ -->\n<title>Ve\u00edculos de carga pesada ter\u00e3o tr\u00e1fego restrito nas rodovias de Minas para evitar acidentes - Aconteceu no Vale<\/title>\n<meta name=\"robots\" content=\"index, follow, max-snippet:-1, max-image-preview:large, max-video-preview:-1\" \/>\n<link rel=\"canonical\" href=\"https:\/\/aconteceunovale.com.br\/portal\/?p=48321\" \/>\n<meta property=\"og:locale\" content=\"pt_BR\" \/>\n<meta property=\"og:type\" content=\"article\" \/>\n<meta property=\"og:title\" content=\"Ve\u00edculos de carga pesada ter\u00e3o tr\u00e1fego restrito nas rodovias de Minas para evitar acidentes - Aconteceu no Vale\" \/>\n<meta property=\"og:description\" content=\"Medida \u00e9 v\u00e1lida para alguns dias do feriado. Objetivo \u00e9 aumentar a seguran\u00e7a dos motoristas Por causa do aumento do fluxo de ve\u00edculos nas BRs nos pr\u00f3ximos dias, em fun\u00e7\u00e3o das festas de fim de ano, a Pol\u00edcia Rodovi\u00e1ria Federal (PRF) vai restringir o tr\u00e1fego para ve\u00edculos de carga a partir desta sexta-feira. A medida [&hellip;]\" \/>\n<meta property=\"og:url\" content=\"https:\/\/aconteceunovale.com.br\/portal\/?p=48321\" \/>\n<meta property=\"og:site_name\" content=\"Aconteceu no Vale\" \/>\n<meta property=\"article:publisher\" content=\"https:\/\/www.facebook.com\/aconteceunovale\/\" \/>\n<meta property=\"article:published_time\" content=\"2014-12-19T15:45:26+00:00\" \/>\n<meta property=\"article:modified_time\" content=\"2014-12-19T15:54:09+00:00\" \/>\n<meta property=\"og:image\" content=\"https:\/\/aconteceunovale.com.br\/portal\/wp-content\/uploads\/2014\/12\/retencao_trafego_minas.jpg\" \/>\n\t<meta property=\"og:image:width\" content=\"600\" \/>\n\t<meta property=\"og:image:height\" content=\"400\" \/>\n\t<meta property=\"og:image:type\" content=\"image\/jpeg\" \/>\n<meta name=\"author\" content=\"Aconteceu no Vale\" \/>\n<meta name=\"twitter:card\" content=\"summary_large_image\" \/>\n<meta name=\"twitter:creator\" content=\"@noticiadosvales\" \/>\n<meta name=\"twitter:site\" content=\"@noticiadosvales\" \/>\n<meta name=\"twitter:label1\" content=\"Escrito por\" \/>\n\t<meta name=\"twitter:data1\" content=\"Aconteceu no Vale\" \/>\n\t<meta name=\"twitter:label2\" content=\"Est. tempo de leitura\" \/>\n\t<meta name=\"twitter:data2\" content=\"1 minuto\" \/>\n<script type=\"application\/ld+json\" class=\"yoast-schema-graph\">{\"@context\":\"https:\\\/\\\/schema.org\",\"@graph\":[{\"@type\":\"Article\",\"@id\":\"https:\\\/\\\/aconteceunovale.com.br\\\/portal\\\/?p=48321#article\",\"isPartOf\":{\"@id\":\"https:\\\/\\\/aconteceunovale.com.br\\\/portal\\\/?p=48321\"},\"author\":{\"name\":\"Aconteceu no Vale\",\"@id\":\"https:\\\/\\\/aconteceunovale.com.br\\\/portal\\\/#\\\/schema\\\/person\\\/633529146f2c94272bef50ac2953d589\"},\"headline\":\"Ve\u00edculos de carga pesada ter\u00e3o tr\u00e1fego restrito nas rodovias de Minas para evitar acidentes\",\"datePublished\":\"2014-12-19T15:45:26+00:00\",\"dateModified\":\"2014-12-19T15:54:09+00:00\",\"mainEntityOfPage\":{\"@id\":\"https:\\\/\\\/aconteceunovale.com.br\\\/portal\\\/?p=48321\"},\"wordCount\":204,\"commentCount\":0,\"image\":{\"@id\":\"https:\\\/\\\/aconteceunovale.com.br\\\/portal\\\/?p=48321#primaryimage\"},\"thumbnailUrl\":\"https:\\\/\\\/aconteceunovale.com.br\\\/portal\\\/wp-content\\\/uploads\\\/2014\\\/12\\\/retencao_trafego_minas.jpg\",\"keywords\":[\"restri\u00e7\u00e3o de tr\u00e1fego de ve\u00edculos de carga em minas gerais\",\"Ve\u00edculos de carga pesada ter\u00e3o tr\u00e1fego restrito nas rodovias de Minas para evitar acidentes\"],\"articleSection\":[\"Minas Gerais\"],\"inLanguage\":\"pt-BR\",\"potentialAction\":[{\"@type\":\"CommentAction\",\"name\":\"Comment\",\"target\":[\"https:\\\/\\\/aconteceunovale.com.br\\\/portal\\\/?p=48321#respond\"]}]},{\"@type\":\"WebPage\",\"@id\":\"https:\\\/\\\/aconteceunovale.com.br\\\/portal\\\/?p=48321\",\"url\":\"https:\\\/\\\/aconteceunovale.com.br\\\/portal\\\/?p=48321\",\"name\":\"Ve\u00edculos de carga pesada ter\u00e3o tr\u00e1fego restrito nas rodovias de Minas para evitar acidentes - Aconteceu no Vale\",\"isPartOf\":{\"@id\":\"https:\\\/\\\/aconteceunovale.com.br\\\/portal\\\/#website\"},\"primaryImageOfPage\":{\"@id\":\"https:\\\/\\\/aconteceunovale.com.br\\\/portal\\\/?p=48321#primaryimage\"},\"image\":{\"@id\":\"https:\\\/\\\/aconteceunovale.com.br\\\/portal\\\/?p=48321#primaryimage\"},\"thumbnailUrl\":\"https:\\\/\\\/aconteceunovale.com.br\\\/portal\\\/wp-content\\\/uploads\\\/2014\\\/12\\\/retencao_trafego_minas.jpg\",\"datePublished\":\"2014-12-19T15:45:26+00:00\",\"dateModified\":\"2014-12-19T15:54:09+00:00\",\"author\":{\"@id\":\"https:\\\/\\\/aconteceunovale.com.br\\\/portal\\\/#\\\/schema\\\/person\\\/633529146f2c94272bef50ac2953d589\"},\"breadcrumb\":{\"@id\":\"https:\\\/\\\/aconteceunovale.com.br\\\/portal\\\/?p=48321#breadcrumb\"},\"inLanguage\":\"pt-BR\",\"potentialAction\":[{\"@type\":\"ReadAction\",\"target\":[\"https:\\\/\\\/aconteceunovale.com.br\\\/portal\\\/?p=48321\"]}]},{\"@type\":\"ImageObject\",\"inLanguage\":\"pt-BR\",\"@id\":\"https:\\\/\\\/aconteceunovale.com.br\\\/portal\\\/?p=48321#primaryimage\",\"url\":\"https:\\\/\\\/aconteceunovale.com.br\\\/portal\\\/wp-content\\\/uploads\\\/2014\\\/12\\\/retencao_trafego_minas.jpg\",\"contentUrl\":\"https:\\\/\\\/aconteceunovale.com.br\\\/portal\\\/wp-content\\\/uploads\\\/2014\\\/12\\\/retencao_trafego_minas.jpg\",\"width\":600,\"height\":400},{\"@type\":\"BreadcrumbList\",\"@id\":\"https:\\\/\\\/aconteceunovale.com.br\\\/portal\\\/?p=48321#breadcrumb\",\"itemListElement\":[{\"@type\":\"ListItem\",\"position\":1,\"name\":\"In\u00edcio\",\"item\":\"https:\\\/\\\/aconteceunovale.com.br\\\/portal\\\/\"},{\"@type\":\"ListItem\",\"position\":2,\"name\":\"Ve\u00edculos de carga pesada ter\u00e3o tr\u00e1fego restrito nas rodovias de Minas para evitar acidentes\"}]},{\"@type\":\"WebSite\",\"@id\":\"https:\\\/\\\/aconteceunovale.com.br\\\/portal\\\/#website\",\"url\":\"https:\\\/\\\/aconteceunovale.com.br\\\/portal\\\/\",\"name\":\"Aconteceu no Vale\",\"description\":\"Portal de Not\u00edcias\",\"potentialAction\":[{\"@type\":\"SearchAction\",\"target\":{\"@type\":\"EntryPoint\",\"urlTemplate\":\"https:\\\/\\\/aconteceunovale.com.br\\\/portal\\\/?s={search_term_string}\"},\"query-input\":{\"@type\":\"PropertyValueSpecification\",\"valueRequired\":true,\"valueName\":\"search_term_string\"}}],\"inLanguage\":\"pt-BR\"},{\"@type\":\"Person\",\"@id\":\"https:\\\/\\\/aconteceunovale.com.br\\\/portal\\\/#\\\/schema\\\/person\\\/633529146f2c94272bef50ac2953d589\",\"name\":\"Aconteceu no Vale\",\"description\":\"Equipe de reportagem do Aconteceu no Vale, portal de not\u00edcias do Vale do Jequitinhonha, em Minas Gerais. Cobrimos as 51 cidades do Vale desde 2013. Sugest\u00f5es de pauta e pedidos de corre\u00e7\u00e3o: contato@aconteceunovale.com.br\",\"sameAs\":[\"http:\\\/\\\/www.aconteceunovale.com.br\"],\"url\":\"https:\\\/\\\/aconteceunovale.com.br\\\/portal\\\/?author=1\"}]}<\/script>\n<!-- \/ Yoast SEO plugin. -->","yoast_head_json":{"title":"Ve\u00edculos de carga pesada ter\u00e3o tr\u00e1fego restrito nas rodovias de Minas para evitar acidentes - Aconteceu no Vale","robots":{"index":"index","follow":"follow","max-snippet":"max-snippet:-1","max-image-preview":"max-image-preview:large","max-video-preview":"max-video-preview:-1"},"canonical":"https:\/\/aconteceunovale.com.br\/portal\/?p=48321","og_locale":"pt_BR","og_type":"article","og_title":"Ve\u00edculos de carga pesada ter\u00e3o tr\u00e1fego restrito nas rodovias de Minas para evitar acidentes - Aconteceu no Vale","og_description":"Medida \u00e9 v\u00e1lida para alguns dias do feriado. Objetivo \u00e9 aumentar a seguran\u00e7a dos motoristas Por causa do aumento do fluxo de ve\u00edculos nas BRs nos pr\u00f3ximos dias, em fun\u00e7\u00e3o das festas de fim de ano, a Pol\u00edcia Rodovi\u00e1ria Federal (PRF) vai restringir o tr\u00e1fego para ve\u00edculos de carga a partir desta sexta-feira. A medida [&hellip;]","og_url":"https:\/\/aconteceunovale.com.br\/portal\/?p=48321","og_site_name":"Aconteceu no Vale","article_publisher":"https:\/\/www.facebook.com\/aconteceunovale\/","article_published_time":"2014-12-19T15:45:26+00:00","article_modified_time":"2014-12-19T15:54:09+00:00","og_image":[{"width":600,"height":400,"url":"https:\/\/aconteceunovale.com.br\/portal\/wp-content\/uploads\/2014\/12\/retencao_trafego_minas.jpg","type":"image\/jpeg"}],"author":"Aconteceu no Vale","twitter_card":"summary_large_image","twitter_creator":"@noticiadosvales","twitter_site":"@noticiadosvales","twitter_misc":{"Escrito por":"Aconteceu no Vale","Est. tempo de leitura":"1 minuto"},"schema":{"@context":"https:\/\/schema.org","@graph":[{"@type":"Article","@id":"https:\/\/aconteceunovale.com.br\/portal\/?p=48321#article","isPartOf":{"@id":"https:\/\/aconteceunovale.com.br\/portal\/?p=48321"},"author":{"name":"Aconteceu no Vale","@id":"https:\/\/aconteceunovale.com.br\/portal\/#\/schema\/person\/633529146f2c94272bef50ac2953d589"},"headline":"Ve\u00edculos de carga pesada ter\u00e3o tr\u00e1fego restrito nas rodovias de Minas para evitar acidentes","datePublished":"2014-12-19T15:45:26+00:00","dateModified":"2014-12-19T15:54:09+00:00","mainEntityOfPage":{"@id":"https:\/\/aconteceunovale.com.br\/portal\/?p=48321"},"wordCount":204,"commentCount":0,"image":{"@id":"https:\/\/aconteceunovale.com.br\/portal\/?p=48321#primaryimage"},"thumbnailUrl":"https:\/\/aconteceunovale.com.br\/portal\/wp-content\/uploads\/2014\/12\/retencao_trafego_minas.jpg","keywords":["restri\u00e7\u00e3o de tr\u00e1fego de ve\u00edculos de carga em minas gerais","Ve\u00edculos de carga pesada ter\u00e3o tr\u00e1fego restrito nas rodovias de Minas para evitar acidentes"],"articleSection":["Minas Gerais"],"inLanguage":"pt-BR","potentialAction":[{"@type":"CommentAction","name":"Comment","target":["https:\/\/aconteceunovale.com.br\/portal\/?p=48321#respond"]}]},{"@type":"WebPage","@id":"https:\/\/aconteceunovale.com.br\/portal\/?p=48321","url":"https:\/\/aconteceunovale.com.br\/portal\/?p=48321","name":"Ve\u00edculos de carga pesada ter\u00e3o tr\u00e1fego restrito nas rodovias de Minas para evitar acidentes - Aconteceu no Vale","isPartOf":{"@id":"https:\/\/aconteceunovale.com.br\/portal\/#website"},"primaryImageOfPage":{"@id":"https:\/\/aconteceunovale.com.br\/portal\/?p=48321#primaryimage"},"image":{"@id":"https:\/\/aconteceunovale.com.br\/portal\/?p=48321#primaryimage"},"thumbnailUrl":"https:\/\/aconteceunovale.com.br\/portal\/wp-content\/uploads\/2014\/12\/retencao_trafego_minas.jpg","datePublished":"2014-12-19T15:45:26+00:00","dateModified":"2014-12-19T15:54:09+00:00","author":{"@id":"https:\/\/aconteceunovale.com.br\/portal\/#\/schema\/person\/633529146f2c94272bef50ac2953d589"},"breadcrumb":{"@id":"https:\/\/aconteceunovale.com.br\/portal\/?p=48321#breadcrumb"},"inLanguage":"pt-BR","potentialAction":[{"@type":"ReadAction","target":["https:\/\/aconteceunovale.com.br\/portal\/?p=48321"]}]},{"@type":"ImageObject","inLanguage":"pt-BR","@id":"https:\/\/aconteceunovale.com.br\/portal\/?p=48321#primaryimage","url":"https:\/\/aconteceunovale.com.br\/portal\/wp-content\/uploads\/2014\/12\/retencao_trafego_minas.jpg","contentUrl":"https:\/\/aconteceunovale.com.br\/portal\/wp-content\/uploads\/2014\/12\/retencao_trafego_minas.jpg","width":600,"height":400},{"@type":"BreadcrumbList","@id":"https:\/\/aconteceunovale.com.br\/portal\/?p=48321#breadcrumb","itemListElement":[{"@type":"ListItem","position":1,"name":"In\u00edcio","item":"https:\/\/aconteceunovale.com.br\/portal\/"},{"@type":"ListItem","position":2,"name":"Ve\u00edculos de carga pesada ter\u00e3o tr\u00e1fego restrito nas rodovias de Minas para evitar acidentes"}]},{"@type":"WebSite","@id":"https:\/\/aconteceunovale.com.br\/portal\/#website","url":"https:\/\/aconteceunovale.com.br\/portal\/","name":"Aconteceu no Vale","description":"Portal de Not\u00edcias","potentialAction":[{"@type":"SearchAction","target":{"@type":"EntryPoint","urlTemplate":"https:\/\/aconteceunovale.com.br\/portal\/?s={search_term_string}"},"query-input":{"@type":"PropertyValueSpecification","valueRequired":true,"valueName":"search_term_string"}}],"inLanguage":"pt-BR"},{"@type":"Person","@id":"https:\/\/aconteceunovale.com.br\/portal\/#\/schema\/person\/633529146f2c94272bef50ac2953d589","name":"Aconteceu no Vale","description":"Equipe de reportagem do Aconteceu no Vale, portal de not\u00edcias do Vale do Jequitinhonha, em Minas Gerais. Cobrimos as 51 cidades do Vale desde 2013. Sugest\u00f5es de pauta e pedidos de corre\u00e7\u00e3o: contato@aconteceunovale.com.br","sameAs":["http:\/\/www.aconteceunovale.com.br"],"url":"https:\/\/aconteceunovale.com.br\/portal\/?author=1"}]}},"_links":{"self":[{"href":"https:\/\/aconteceunovale.com.br\/portal\/index.php?rest_route=\/wp\/v2\/posts\/48321","targetHints":{"allow":["GET"]}}],"collection":[{"href":"https:\/\/aconteceunovale.com.br\/portal\/index.php?rest_route=\/wp\/v2\/posts"}],"about":[{"href":"https:\/\/aconteceunovale.com.br\/portal\/index.php?rest_route=\/wp\/v2\/types\/post"}],"author":[{"embeddable":true,"href":"https:\/\/aconteceunovale.com.br\/portal\/index.php?rest_route=\/wp\/v2\/users\/1"}],"replies":[{"embeddable":true,"href":"https:\/\/aconteceunovale.com.br\/portal\/index.php?rest_route=%2Fwp%2Fv2%2Fcomments&post=48321"}],"version-history":[{"count":0,"href":"https:\/\/aconteceunovale.com.br\/portal\/index.php?rest_route=\/wp\/v2\/posts\/48321\/revisions"}],"wp:featuredmedia":[{"embeddable":true,"href":"https:\/\/aconteceunovale.com.br\/portal\/index.php?rest_route=\/wp\/v2\/media\/48322"}],"wp:attachment":[{"href":"https:\/\/aconteceunovale.com.br\/portal\/index.php?rest_route=%2Fwp%2Fv2%2Fmedia&parent=48321"}],"wp:term":[{"taxonomy":"category","embeddable":true,"href":"https:\/\/aconteceunovale.com.br\/portal\/index.php?rest_route=%2Fwp%2Fv2%2Fcategories&post=48321"},{"taxonomy":"post_tag","embeddable":true,"href":"https:\/\/aconteceunovale.com.br\/portal\/index.php?rest_route=%2Fwp%2Fv2%2Ftags&post=48321"}],"curies":[{"name":"wp","href":"https:\/\/api.w.org\/{rel}","templated":true}]}}