{"id":48302,"date":"2014-12-19T11:13:23","date_gmt":"2014-12-19T14:13:23","guid":{"rendered":"http:\/\/aconteceunovale.com.br\/portal\/?p=48302"},"modified":"2014-12-19T11:13:23","modified_gmt":"2014-12-19T14:13:23","slug":"consumidor-vai-pagar-mais-por-energia-eletrica-a-partir-de-janeiro","status":"publish","type":"post","link":"https:\/\/aconteceunovale.com.br\/portal\/?p=48302","title":{"rendered":"Consumidor vai pagar mais por energia el\u00e9trica a partir de janeiro"},"content":{"rendered":"<p>A tarifa de energia el\u00e9trica dever\u00e1 ficar mais cara para o consumidor no primeiro m\u00eas de 2015, anunciou ontem, 18 de dezembro, o presidente da Associa\u00e7\u00e3o Brasileira de Distribuidores de Energia El\u00e9trica (Abradee), Nelson Fonseca Leite. A medida faz parte do sistema de bandeiras tarif\u00e1rias, que repassa mensalmente os custos das distribuidoras com o uso de termel\u00e9tricas e que entra em vigor a partir de janeiro pr\u00f3ximo.<\/p>\n<p>&#8220;Nessa previs\u00e3o, a bandeira j\u00e1 chega vermelha porque os reservat\u00f3rios das hidrel\u00e9tricas ainda est\u00e3o em processo de enchimento&#8221;, disse. A bandeira vermelha significa que os custos com gera\u00e7\u00e3o de energia est\u00e3o mais altos e que, por isso, haver\u00e1 um acr\u00e9scimo de R$ 3 para cada 100 killowats-hora consumidos. No entanto, o sistema n\u00e3o dever\u00e1 resultar em custo extra para os consumidores, porque atualmente os gastos que as distribuidoras t\u00eam com a compra de energia de termel\u00e9tricas j\u00e1 s\u00e3o inclu\u00eddos nas tarifas de energia, s\u00f3 que isso \u00e9 feito anualmente.<\/p>\n<p>Fonseca disse ainda que as distribuidoras devem apresentar \u00e0 Ag\u00eancia Nacional de Energia El\u00e9trica (Aneel) os pedidos de revis\u00e3o extraordin\u00e1ria de tarifas na primeira semana de janeiro de 2015, por causa dos gastos extras que elas tiveram com a compra de energia de termel\u00e9tricas em 2014. &#8220;Em reuni\u00e3o, a Aneel se comprometeu a analisar os pedidos de revis\u00e3o [das empresas] j\u00e1 na primeira semana do ano que vem, e calcular os valores individualmente&#8221;, concluiu.<\/p>\n<p>A cobran\u00e7a pelo sistema de bandeiras tarif\u00e1rias  vai ser dividida por subsistemas, o que quer dizer que os consumidores de estados do Sul podem pagar um valor diferente daqueles que moram mais ao Norte do pa\u00eds. No entanto, a bandeira aplicada mensalmente ser\u00e1 a mesma para todos os consumidores de um mesmo subsistema. Ou seja, ainda que uma pessoa de determinada regi\u00e3o economize mais que as outras do mesmo subsistema, o valor cobrado ser\u00e1 igual.<\/p>\n<p>&#8220;Como vai ser avaliada a capacidade de produ\u00e7\u00e3o daquele determinado subsistema, as bandeiras ser\u00e3o iguais para os moradores daquela regi\u00e3o. Al\u00e9m disso, pode ser que no Sul do pa\u00eds a gera\u00e7\u00e3o de energia hidrel\u00e9trica seja maior que no Norte, o que n\u00e3o resulta em uma mesma cobran\u00e7a para todo o pa\u00eds naquele m\u00eas&#8221;, esclareceu Fonseca. A medida, segundo ele, pode ser chamada de realismo tarif\u00e1rio, &#8220;porque permite ao consumidor um uso mais eficaz e consciente da energia, j\u00e1 que ele vai ter no\u00e7\u00e3o da situa\u00e7\u00e3o dos reservat\u00f3rios [de \u00e1gua]&#8221;. <\/p>\n<p><em>(Ag\u00eancia Brasil)<\/em><\/p>\n","protected":false},"excerpt":{"rendered":"<p>A tarifa de energia el\u00e9trica dever\u00e1 ficar mais cara para o consumidor no primeiro m\u00eas de 2015, anunciou ontem, 18 de dezembro, o presidente da Associa\u00e7\u00e3o Brasileira de Distribuidores de Energia El\u00e9trica (Abradee), Nelson Fonseca Leite. A medida faz parte do sistema de bandeiras tarif\u00e1rias, que repassa mensalmente os custos das distribuidoras com o uso [&hellip;]<\/p>\n","protected":false},"author":1,"featured_media":36373,"comment_status":"open","ping_status":"closed","sticky":false,"template":"","format":"standard","meta":{"amp_status":"","footnotes":""},"categories":[6],"tags":[27330,27329,27324,27325,26915,27323,27327,27326,27331,27328],"class_list":["post-48302","post","type-post","status-publish","format-standard","has-post-thumbnail","hentry","category-br","tag-abradee","tag-associacao-brasileira-de-distribuidores-de-energia-eletrica","tag-aumento-da-conta-de-energia","tag-aumento-da-tarifa-de-energia","tag-bandeiras-tarifarias","tag-consumidor-vai-pagar-mais-por-energia-eletrica-a-partir-de-janeiro","tag-conta-de-energia-mais-cara","tag-energia-eletrica-mais-cara","tag-nelson-fonseca-leite","tag-tarifa-de-energia-mais-cara"],"yoast_head":"<!-- This site is optimized with the Yoast SEO plugin v28.3 - https:\/\/yoast.com\/product\/yoast-seo-wordpress\/ -->\n<title>Consumidor vai pagar mais por energia el\u00e9trica a partir de janeiro - Aconteceu no Vale<\/title>\n<meta name=\"robots\" content=\"index, follow, max-snippet:-1, max-image-preview:large, max-video-preview:-1\" \/>\n<link rel=\"canonical\" href=\"https:\/\/aconteceunovale.com.br\/portal\/?p=48302\" \/>\n<meta property=\"og:locale\" content=\"pt_BR\" \/>\n<meta property=\"og:type\" content=\"article\" \/>\n<meta property=\"og:title\" content=\"Consumidor vai pagar mais por energia el\u00e9trica a partir de janeiro - Aconteceu no Vale\" \/>\n<meta property=\"og:description\" content=\"A tarifa de energia el\u00e9trica dever\u00e1 ficar mais cara para o consumidor no primeiro m\u00eas de 2015, anunciou ontem, 18 de dezembro, o presidente da Associa\u00e7\u00e3o Brasileira de Distribuidores de Energia El\u00e9trica (Abradee), Nelson Fonseca Leite. A medida faz parte do sistema de bandeiras tarif\u00e1rias, que repassa mensalmente os custos das distribuidoras com o uso [&hellip;]\" \/>\n<meta property=\"og:url\" content=\"https:\/\/aconteceunovale.com.br\/portal\/?p=48302\" \/>\n<meta property=\"og:site_name\" content=\"Aconteceu no Vale\" \/>\n<meta property=\"article:publisher\" content=\"https:\/\/www.facebook.com\/aconteceunovale\/\" \/>\n<meta property=\"article:published_time\" content=\"2014-12-19T14:13:23+00:00\" \/>\n<meta property=\"og:image\" content=\"https:\/\/aconteceunovale.com.br\/portal\/wp-content\/uploads\/2014\/08\/reajuste_conta_de_luz.jpg\" \/>\n\t<meta property=\"og:image:width\" content=\"620\" \/>\n\t<meta property=\"og:image:height\" content=\"413\" \/>\n\t<meta property=\"og:image:type\" content=\"image\/jpeg\" \/>\n<meta name=\"author\" content=\"Aconteceu no Vale\" \/>\n<meta name=\"twitter:card\" content=\"summary_large_image\" \/>\n<meta name=\"twitter:creator\" content=\"@noticiadosvales\" \/>\n<meta name=\"twitter:site\" content=\"@noticiadosvales\" \/>\n<meta name=\"twitter:label1\" content=\"Escrito por\" \/>\n\t<meta name=\"twitter:data1\" content=\"Aconteceu no Vale\" \/>\n\t<meta name=\"twitter:label2\" content=\"Est. tempo de leitura\" \/>\n\t<meta name=\"twitter:data2\" content=\"2 minutos\" \/>\n<script type=\"application\/ld+json\" class=\"yoast-schema-graph\">{\"@context\":\"https:\\\/\\\/schema.org\",\"@graph\":[{\"@type\":\"Article\",\"@id\":\"https:\\\/\\\/aconteceunovale.com.br\\\/portal\\\/?p=48302#article\",\"isPartOf\":{\"@id\":\"https:\\\/\\\/aconteceunovale.com.br\\\/portal\\\/?p=48302\"},\"author\":{\"name\":\"Aconteceu no Vale\",\"@id\":\"https:\\\/\\\/aconteceunovale.com.br\\\/portal\\\/#\\\/schema\\\/person\\\/633529146f2c94272bef50ac2953d589\"},\"headline\":\"Consumidor vai pagar mais por energia el\u00e9trica a partir de janeiro\",\"datePublished\":\"2014-12-19T14:13:23+00:00\",\"mainEntityOfPage\":{\"@id\":\"https:\\\/\\\/aconteceunovale.com.br\\\/portal\\\/?p=48302\"},\"wordCount\":446,\"commentCount\":0,\"image\":{\"@id\":\"https:\\\/\\\/aconteceunovale.com.br\\\/portal\\\/?p=48302#primaryimage\"},\"thumbnailUrl\":\"https:\\\/\\\/aconteceunovale.com.br\\\/portal\\\/wp-content\\\/uploads\\\/2014\\\/08\\\/reajuste_conta_de_luz.jpg\",\"keywords\":[\"Abradee\",\"Associa\u00e7\u00e3o Brasileira de Distribuidores de Energia El\u00e9trica\",\"aumento da conta de energia\",\"aumento da tarifa de energia\",\"bandeiras tarif\u00e1rias\",\"Consumidor vai pagar mais por energia el\u00e9trica a partir de janeiro\",\"conta de energia mais cara\",\"energia el\u00e9trica mais cara\",\"Nelson Fonseca Leite\",\"tarifa de energia mais cara\"],\"articleSection\":[\"Brasil\"],\"inLanguage\":\"pt-BR\",\"potentialAction\":[{\"@type\":\"CommentAction\",\"name\":\"Comment\",\"target\":[\"https:\\\/\\\/aconteceunovale.com.br\\\/portal\\\/?p=48302#respond\"]}]},{\"@type\":\"WebPage\",\"@id\":\"https:\\\/\\\/aconteceunovale.com.br\\\/portal\\\/?p=48302\",\"url\":\"https:\\\/\\\/aconteceunovale.com.br\\\/portal\\\/?p=48302\",\"name\":\"Consumidor vai pagar mais por energia el\u00e9trica a partir de janeiro - Aconteceu no Vale\",\"isPartOf\":{\"@id\":\"https:\\\/\\\/aconteceunovale.com.br\\\/portal\\\/#website\"},\"primaryImageOfPage\":{\"@id\":\"https:\\\/\\\/aconteceunovale.com.br\\\/portal\\\/?p=48302#primaryimage\"},\"image\":{\"@id\":\"https:\\\/\\\/aconteceunovale.com.br\\\/portal\\\/?p=48302#primaryimage\"},\"thumbnailUrl\":\"https:\\\/\\\/aconteceunovale.com.br\\\/portal\\\/wp-content\\\/uploads\\\/2014\\\/08\\\/reajuste_conta_de_luz.jpg\",\"datePublished\":\"2014-12-19T14:13:23+00:00\",\"author\":{\"@id\":\"https:\\\/\\\/aconteceunovale.com.br\\\/portal\\\/#\\\/schema\\\/person\\\/633529146f2c94272bef50ac2953d589\"},\"breadcrumb\":{\"@id\":\"https:\\\/\\\/aconteceunovale.com.br\\\/portal\\\/?p=48302#breadcrumb\"},\"inLanguage\":\"pt-BR\",\"potentialAction\":[{\"@type\":\"ReadAction\",\"target\":[\"https:\\\/\\\/aconteceunovale.com.br\\\/portal\\\/?p=48302\"]}]},{\"@type\":\"ImageObject\",\"inLanguage\":\"pt-BR\",\"@id\":\"https:\\\/\\\/aconteceunovale.com.br\\\/portal\\\/?p=48302#primaryimage\",\"url\":\"https:\\\/\\\/aconteceunovale.com.br\\\/portal\\\/wp-content\\\/uploads\\\/2014\\\/08\\\/reajuste_conta_de_luz.jpg\",\"contentUrl\":\"https:\\\/\\\/aconteceunovale.com.br\\\/portal\\\/wp-content\\\/uploads\\\/2014\\\/08\\\/reajuste_conta_de_luz.jpg\",\"width\":620,\"height\":413},{\"@type\":\"BreadcrumbList\",\"@id\":\"https:\\\/\\\/aconteceunovale.com.br\\\/portal\\\/?p=48302#breadcrumb\",\"itemListElement\":[{\"@type\":\"ListItem\",\"position\":1,\"name\":\"In\u00edcio\",\"item\":\"https:\\\/\\\/aconteceunovale.com.br\\\/portal\\\/\"},{\"@type\":\"ListItem\",\"position\":2,\"name\":\"Consumidor vai pagar mais por energia el\u00e9trica a partir de janeiro\"}]},{\"@type\":\"WebSite\",\"@id\":\"https:\\\/\\\/aconteceunovale.com.br\\\/portal\\\/#website\",\"url\":\"https:\\\/\\\/aconteceunovale.com.br\\\/portal\\\/\",\"name\":\"Aconteceu no Vale\",\"description\":\"Portal de Not\u00edcias\",\"potentialAction\":[{\"@type\":\"SearchAction\",\"target\":{\"@type\":\"EntryPoint\",\"urlTemplate\":\"https:\\\/\\\/aconteceunovale.com.br\\\/portal\\\/?s={search_term_string}\"},\"query-input\":{\"@type\":\"PropertyValueSpecification\",\"valueRequired\":true,\"valueName\":\"search_term_string\"}}],\"inLanguage\":\"pt-BR\"},{\"@type\":\"Person\",\"@id\":\"https:\\\/\\\/aconteceunovale.com.br\\\/portal\\\/#\\\/schema\\\/person\\\/633529146f2c94272bef50ac2953d589\",\"name\":\"Aconteceu no Vale\",\"description\":\"Equipe de reportagem do Aconteceu no Vale, portal de not\u00edcias do Vale do Jequitinhonha, em Minas Gerais. Cobrimos as 51 cidades do Vale desde 2013. Sugest\u00f5es de pauta e pedidos de corre\u00e7\u00e3o: contato@aconteceunovale.com.br\",\"sameAs\":[\"http:\\\/\\\/www.aconteceunovale.com.br\"],\"url\":\"https:\\\/\\\/aconteceunovale.com.br\\\/portal\\\/?author=1\"}]}<\/script>\n<!-- \/ Yoast SEO plugin. -->","yoast_head_json":{"title":"Consumidor vai pagar mais por energia el\u00e9trica a partir de janeiro - Aconteceu no Vale","robots":{"index":"index","follow":"follow","max-snippet":"max-snippet:-1","max-image-preview":"max-image-preview:large","max-video-preview":"max-video-preview:-1"},"canonical":"https:\/\/aconteceunovale.com.br\/portal\/?p=48302","og_locale":"pt_BR","og_type":"article","og_title":"Consumidor vai pagar mais por energia el\u00e9trica a partir de janeiro - Aconteceu no Vale","og_description":"A tarifa de energia el\u00e9trica dever\u00e1 ficar mais cara para o consumidor no primeiro m\u00eas de 2015, anunciou ontem, 18 de dezembro, o presidente da Associa\u00e7\u00e3o Brasileira de Distribuidores de Energia El\u00e9trica (Abradee), Nelson Fonseca Leite. A medida faz parte do sistema de bandeiras tarif\u00e1rias, que repassa mensalmente os custos das distribuidoras com o uso [&hellip;]","og_url":"https:\/\/aconteceunovale.com.br\/portal\/?p=48302","og_site_name":"Aconteceu no Vale","article_publisher":"https:\/\/www.facebook.com\/aconteceunovale\/","article_published_time":"2014-12-19T14:13:23+00:00","og_image":[{"width":620,"height":413,"url":"https:\/\/aconteceunovale.com.br\/portal\/wp-content\/uploads\/2014\/08\/reajuste_conta_de_luz.jpg","type":"image\/jpeg"}],"author":"Aconteceu no Vale","twitter_card":"summary_large_image","twitter_creator":"@noticiadosvales","twitter_site":"@noticiadosvales","twitter_misc":{"Escrito por":"Aconteceu no Vale","Est. tempo de leitura":"2 minutos"},"schema":{"@context":"https:\/\/schema.org","@graph":[{"@type":"Article","@id":"https:\/\/aconteceunovale.com.br\/portal\/?p=48302#article","isPartOf":{"@id":"https:\/\/aconteceunovale.com.br\/portal\/?p=48302"},"author":{"name":"Aconteceu no Vale","@id":"https:\/\/aconteceunovale.com.br\/portal\/#\/schema\/person\/633529146f2c94272bef50ac2953d589"},"headline":"Consumidor vai pagar mais por energia el\u00e9trica a partir de janeiro","datePublished":"2014-12-19T14:13:23+00:00","mainEntityOfPage":{"@id":"https:\/\/aconteceunovale.com.br\/portal\/?p=48302"},"wordCount":446,"commentCount":0,"image":{"@id":"https:\/\/aconteceunovale.com.br\/portal\/?p=48302#primaryimage"},"thumbnailUrl":"https:\/\/aconteceunovale.com.br\/portal\/wp-content\/uploads\/2014\/08\/reajuste_conta_de_luz.jpg","keywords":["Abradee","Associa\u00e7\u00e3o Brasileira de Distribuidores de Energia El\u00e9trica","aumento da conta de energia","aumento da tarifa de energia","bandeiras tarif\u00e1rias","Consumidor vai pagar mais por energia el\u00e9trica a partir de janeiro","conta de energia mais cara","energia el\u00e9trica mais cara","Nelson Fonseca Leite","tarifa de energia mais cara"],"articleSection":["Brasil"],"inLanguage":"pt-BR","potentialAction":[{"@type":"CommentAction","name":"Comment","target":["https:\/\/aconteceunovale.com.br\/portal\/?p=48302#respond"]}]},{"@type":"WebPage","@id":"https:\/\/aconteceunovale.com.br\/portal\/?p=48302","url":"https:\/\/aconteceunovale.com.br\/portal\/?p=48302","name":"Consumidor vai pagar mais por energia el\u00e9trica a partir de janeiro - Aconteceu no Vale","isPartOf":{"@id":"https:\/\/aconteceunovale.com.br\/portal\/#website"},"primaryImageOfPage":{"@id":"https:\/\/aconteceunovale.com.br\/portal\/?p=48302#primaryimage"},"image":{"@id":"https:\/\/aconteceunovale.com.br\/portal\/?p=48302#primaryimage"},"thumbnailUrl":"https:\/\/aconteceunovale.com.br\/portal\/wp-content\/uploads\/2014\/08\/reajuste_conta_de_luz.jpg","datePublished":"2014-12-19T14:13:23+00:00","author":{"@id":"https:\/\/aconteceunovale.com.br\/portal\/#\/schema\/person\/633529146f2c94272bef50ac2953d589"},"breadcrumb":{"@id":"https:\/\/aconteceunovale.com.br\/portal\/?p=48302#breadcrumb"},"inLanguage":"pt-BR","potentialAction":[{"@type":"ReadAction","target":["https:\/\/aconteceunovale.com.br\/portal\/?p=48302"]}]},{"@type":"ImageObject","inLanguage":"pt-BR","@id":"https:\/\/aconteceunovale.com.br\/portal\/?p=48302#primaryimage","url":"https:\/\/aconteceunovale.com.br\/portal\/wp-content\/uploads\/2014\/08\/reajuste_conta_de_luz.jpg","contentUrl":"https:\/\/aconteceunovale.com.br\/portal\/wp-content\/uploads\/2014\/08\/reajuste_conta_de_luz.jpg","width":620,"height":413},{"@type":"BreadcrumbList","@id":"https:\/\/aconteceunovale.com.br\/portal\/?p=48302#breadcrumb","itemListElement":[{"@type":"ListItem","position":1,"name":"In\u00edcio","item":"https:\/\/aconteceunovale.com.br\/portal\/"},{"@type":"ListItem","position":2,"name":"Consumidor vai pagar mais por energia el\u00e9trica a partir de janeiro"}]},{"@type":"WebSite","@id":"https:\/\/aconteceunovale.com.br\/portal\/#website","url":"https:\/\/aconteceunovale.com.br\/portal\/","name":"Aconteceu no Vale","description":"Portal de Not\u00edcias","potentialAction":[{"@type":"SearchAction","target":{"@type":"EntryPoint","urlTemplate":"https:\/\/aconteceunovale.com.br\/portal\/?s={search_term_string}"},"query-input":{"@type":"PropertyValueSpecification","valueRequired":true,"valueName":"search_term_string"}}],"inLanguage":"pt-BR"},{"@type":"Person","@id":"https:\/\/aconteceunovale.com.br\/portal\/#\/schema\/person\/633529146f2c94272bef50ac2953d589","name":"Aconteceu no Vale","description":"Equipe de reportagem do Aconteceu no Vale, portal de not\u00edcias do Vale do Jequitinhonha, em Minas Gerais. Cobrimos as 51 cidades do Vale desde 2013. Sugest\u00f5es de pauta e pedidos de corre\u00e7\u00e3o: contato@aconteceunovale.com.br","sameAs":["http:\/\/www.aconteceunovale.com.br"],"url":"https:\/\/aconteceunovale.com.br\/portal\/?author=1"}]}},"_links":{"self":[{"href":"https:\/\/aconteceunovale.com.br\/portal\/index.php?rest_route=\/wp\/v2\/posts\/48302","targetHints":{"allow":["GET"]}}],"collection":[{"href":"https:\/\/aconteceunovale.com.br\/portal\/index.php?rest_route=\/wp\/v2\/posts"}],"about":[{"href":"https:\/\/aconteceunovale.com.br\/portal\/index.php?rest_route=\/wp\/v2\/types\/post"}],"author":[{"embeddable":true,"href":"https:\/\/aconteceunovale.com.br\/portal\/index.php?rest_route=\/wp\/v2\/users\/1"}],"replies":[{"embeddable":true,"href":"https:\/\/aconteceunovale.com.br\/portal\/index.php?rest_route=%2Fwp%2Fv2%2Fcomments&post=48302"}],"version-history":[{"count":0,"href":"https:\/\/aconteceunovale.com.br\/portal\/index.php?rest_route=\/wp\/v2\/posts\/48302\/revisions"}],"wp:featuredmedia":[{"embeddable":true,"href":"https:\/\/aconteceunovale.com.br\/portal\/index.php?rest_route=\/wp\/v2\/media\/36373"}],"wp:attachment":[{"href":"https:\/\/aconteceunovale.com.br\/portal\/index.php?rest_route=%2Fwp%2Fv2%2Fmedia&parent=48302"}],"wp:term":[{"taxonomy":"category","embeddable":true,"href":"https:\/\/aconteceunovale.com.br\/portal\/index.php?rest_route=%2Fwp%2Fv2%2Fcategories&post=48302"},{"taxonomy":"post_tag","embeddable":true,"href":"https:\/\/aconteceunovale.com.br\/portal\/index.php?rest_route=%2Fwp%2Fv2%2Ftags&post=48302"}],"curies":[{"name":"wp","href":"https:\/\/api.w.org\/{rel}","templated":true}]}}