{"id":48295,"date":"2014-12-19T10:47:48","date_gmt":"2014-12-19T13:47:48","guid":{"rendered":"http:\/\/aconteceunovale.com.br\/portal\/?p=48295"},"modified":"2014-12-19T11:07:42","modified_gmt":"2014-12-19T14:07:42","slug":"quatro-cursos-de-medicina-de-minas-gerais-estao-entre-os-piores-do-brasil-segundo-o-mec","status":"publish","type":"post","link":"https:\/\/aconteceunovale.com.br\/portal\/?p=48295","title":{"rendered":"Quatro cursos de medicina de Minas Gerais est\u00e3o entre os piores do Brasil, segundo o MEC"},"content":{"rendered":"<p>O Minist\u00e9rio da Educa\u00e7\u00e3o (MEC) publicou hoje as notas do ciclo de avalia\u00e7\u00e3o 2013 de cursos superiores na \u00e1rea de sa\u00fade. Os resultados est\u00e3o dispon\u00edveis no Di\u00e1rio Oficial da Uni\u00e3o desta quinta-feira (18).<\/p>\n<p>Sa\u00edram os resultados do CPC (Conceito Preliminar de Curso), que avalia os cursos, e os \u00edndices IGC (\u00cdndice Geral de Curso) que classificam as institui\u00e7\u00f5es de ensino.<\/p>\n<p>Na avalia\u00e7\u00e3o de 154 cursos de medicina, 27 foram considerados insatisfat\u00f3rios porque obtiveram CPC n\u00edvel 2, em uma escala que vai de 1 a 5. O desempenho no CPC engloba a nota do curso no Enade, a infraestrutura das institui\u00e7\u00f5es de ensino, a titula\u00e7\u00e3o dos professores, entre outros itens. <\/p>\n<p>Cinco cursos de medicina em universidades federais est\u00e3o entre os insatisfat\u00f3rios: Universidade Federal de S\u00e3o Jo\u00e3o Del-Rei (UFSJ), Universidade Federal do Par\u00e1 (UFPA), Universidade Federal do Rio Grande do Sul (UFRGS), Universidade Federal de Pelotas (UFPel) e Universidade Federal de Campina Grande (UFCG).<\/p>\n<p>Entre os cursos oferecidos por universidades mineiras, al\u00e9m da UFSJ, outros tr\u00eas integram a lista: Universidade Jos\u00e9 do Ros\u00e1rio Vellano (Unifenas), de Alfenas, Centro Universit\u00e1rio de Caratinga (UNEC) e Universidade Presidente Ant\u00f4nio Carlos (UNIPAC), de Juiz de Fora.<\/p>\n<p>Veja a lista completa:<\/p>\n<p><img decoding=\"async\" src=\"http:\/\/aconteceunovale.com.br\/portal\/wp-content\/uploads\/2014\/12\/cpc2_1.jpg\" alt=\"\" \/><img decoding=\"async\" src=\"http:\/\/aconteceunovale.com.br\/portal\/wp-content\/uploads\/2014\/12\/cpc2_2.jpg\" alt=\"\" \/><img decoding=\"async\" src=\"http:\/\/aconteceunovale.com.br\/portal\/wp-content\/uploads\/2014\/12\/cpc2_3.jpg\" alt=\"\" \/><br \/>\n<strong><em>(Fonte: Portal Exame da Abril)<\/em><\/strong><\/p>\n","protected":false},"excerpt":{"rendered":"<p>O Minist\u00e9rio da Educa\u00e7\u00e3o (MEC) publicou hoje as notas do ciclo de avalia\u00e7\u00e3o 2013 de cursos superiores na \u00e1rea de sa\u00fade. Os resultados est\u00e3o dispon\u00edveis no Di\u00e1rio Oficial da Uni\u00e3o desta quinta-feira (18). Sa\u00edram os resultados do CPC (Conceito Preliminar de Curso), que avalia os cursos, e os \u00edndices IGC (\u00cdndice Geral de Curso) que [&hellip;]<\/p>\n","protected":false},"author":1,"featured_media":28778,"comment_status":"open","ping_status":"closed","sticky":false,"template":"","format":"standard","meta":{"amp_status":"","footnotes":""},"categories":[123],"tags":[957,237,27322,27316,206035,27301,27297,21735,27320,27302,27303,206,27319,27298,27296,27299,27295,27321,27300,27313,27307,27311,27309,27305,1127,27315,27318,27312,27310,27304,27306,27308,27314,27317],"class_list":["post-48295","post","type-post","status-publish","format-standard","has-post-thumbnail","hentry","category-gerais","tag-alfenas","tag-caratinga","tag-carreira-jovem","tag-centro-universitario-de-caratinga","tag-ciencia","tag-conceito-preliminar-de-curso","tag-cursos-de-medicina-de-minas-gerais","tag-ensino-superior","tag-faculdades-e-universidades","tag-igc","tag-indice-geral-de-curso","tag-juiz-de-fora","tag-medicina","tag-os-piores-cursos-de-medicina-do-brasil","tag-piores-cursos-de-medicina-de-minas-gerais","tag-piores-cursos-de-medicina-do-brasil","tag-quatro-cursos-de-medicina-de-minas-gerais-estao-entre-os-piores-do-brasil","tag-rankings-de-faculdades","tag-resultados-do-cpc","tag-ufcg","tag-ufpa","tag-ufpel","tag-ufrgs","tag-ufsj","tag-unec","tag-unifenas","tag-unipac","tag-universidade-federal-de-campina-grande","tag-universidade-federal-de-pelotas","tag-universidade-federal-de-sao-joao-del-rei","tag-universidade-federal-do-para","tag-universidade-federal-do-rio-grande-do-sul","tag-universidade-jose-do-rosario-vellano","tag-universidade-presidente-antonio-carlos"],"yoast_head":"<!-- This site is optimized with the Yoast SEO plugin v28.3 - https:\/\/yoast.com\/product\/yoast-seo-wordpress\/ -->\n<title>Quatro cursos de medicina de Minas Gerais est\u00e3o entre os piores do Brasil, segundo o MEC - Aconteceu no Vale<\/title>\n<meta name=\"robots\" content=\"index, follow, max-snippet:-1, max-image-preview:large, max-video-preview:-1\" \/>\n<link rel=\"canonical\" href=\"https:\/\/aconteceunovale.com.br\/portal\/?p=48295\" \/>\n<meta property=\"og:locale\" content=\"pt_BR\" \/>\n<meta property=\"og:type\" content=\"article\" \/>\n<meta property=\"og:title\" content=\"Quatro cursos de medicina de Minas Gerais est\u00e3o entre os piores do Brasil, segundo o MEC - Aconteceu no Vale\" \/>\n<meta property=\"og:description\" content=\"O Minist\u00e9rio da Educa\u00e7\u00e3o (MEC) publicou hoje as notas do ciclo de avalia\u00e7\u00e3o 2013 de cursos superiores na \u00e1rea de sa\u00fade. Os resultados est\u00e3o dispon\u00edveis no Di\u00e1rio Oficial da Uni\u00e3o desta quinta-feira (18). Sa\u00edram os resultados do CPC (Conceito Preliminar de Curso), que avalia os cursos, e os \u00edndices IGC (\u00cdndice Geral de Curso) que [&hellip;]\" \/>\n<meta property=\"og:url\" content=\"https:\/\/aconteceunovale.com.br\/portal\/?p=48295\" \/>\n<meta property=\"og:site_name\" content=\"Aconteceu no Vale\" \/>\n<meta property=\"article:publisher\" content=\"https:\/\/www.facebook.com\/aconteceunovale\/\" \/>\n<meta property=\"article:published_time\" content=\"2014-12-19T13:47:48+00:00\" \/>\n<meta property=\"article:modified_time\" content=\"2014-12-19T14:07:42+00:00\" \/>\n<meta property=\"og:image\" content=\"https:\/\/aconteceunovale.com.br\/portal\/wp-content\/uploads\/2014\/05\/medico_ufvjm.jpg\" \/>\n\t<meta property=\"og:image:width\" content=\"520\" \/>\n\t<meta property=\"og:image:height\" content=\"368\" \/>\n\t<meta property=\"og:image:type\" content=\"image\/jpeg\" \/>\n<meta name=\"author\" content=\"Aconteceu no Vale\" \/>\n<meta name=\"twitter:card\" content=\"summary_large_image\" \/>\n<meta name=\"twitter:creator\" content=\"@noticiadosvales\" \/>\n<meta name=\"twitter:site\" content=\"@noticiadosvales\" \/>\n<meta name=\"twitter:label1\" content=\"Escrito por\" \/>\n\t<meta name=\"twitter:data1\" content=\"Aconteceu no Vale\" \/>\n\t<meta name=\"twitter:label2\" content=\"Est. tempo de leitura\" \/>\n\t<meta name=\"twitter:data2\" content=\"1 minuto\" \/>\n<script type=\"application\/ld+json\" class=\"yoast-schema-graph\">{\"@context\":\"https:\\\/\\\/schema.org\",\"@graph\":[{\"@type\":\"Article\",\"@id\":\"https:\\\/\\\/aconteceunovale.com.br\\\/portal\\\/?p=48295#article\",\"isPartOf\":{\"@id\":\"https:\\\/\\\/aconteceunovale.com.br\\\/portal\\\/?p=48295\"},\"author\":{\"name\":\"Aconteceu no Vale\",\"@id\":\"https:\\\/\\\/aconteceunovale.com.br\\\/portal\\\/#\\\/schema\\\/person\\\/633529146f2c94272bef50ac2953d589\"},\"headline\":\"Quatro cursos de medicina de Minas Gerais est\u00e3o entre os piores do Brasil, segundo o MEC\",\"datePublished\":\"2014-12-19T13:47:48+00:00\",\"dateModified\":\"2014-12-19T14:07:42+00:00\",\"mainEntityOfPage\":{\"@id\":\"https:\\\/\\\/aconteceunovale.com.br\\\/portal\\\/?p=48295\"},\"wordCount\":233,\"commentCount\":0,\"image\":{\"@id\":\"https:\\\/\\\/aconteceunovale.com.br\\\/portal\\\/?p=48295#primaryimage\"},\"thumbnailUrl\":\"https:\\\/\\\/aconteceunovale.com.br\\\/portal\\\/wp-content\\\/uploads\\\/2014\\\/05\\\/medico_ufvjm.jpg\",\"keywords\":[\"Alfenas\",\"Caratinga\",\"Carreira jovem\",\"Centro Universit\u00e1rio de Caratinga\",\"Ci\u00eancia\",\"Conceito Preliminar de Curso\",\"cursos de medicina de Minas Gerais\",\"ensino superior\",\"Faculdades e universidades\",\"IGC\",\"\u00cdndice Geral de Curso\",\"Juiz de Fora\",\"Medicina\",\"Os piores cursos de medicina do Brasil\",\"piores cursos de medicina de minas gerais\",\"piores cursos de medicina do Brasil\",\"Quatro cursos de medicina de Minas Gerais est\u00e3o entre os piores do Brasil\",\"Rankings de faculdades\",\"resultados do CPC\",\"UFCG\",\"UFPA\",\"UFPel\",\"UFRGS\",\"UFSJ\",\"unec\",\"Unifenas\",\"UNIPAC\",\"Universidade Federal de Campina Grande\",\"Universidade Federal de Pelotas\",\"Universidade Federal de S\u00e3o Jo\u00e3o Del-Rei\",\"Universidade Federal do Par\u00e1\",\"Universidade Federal do Rio Grande do Sul\",\"Universidade Jos\u00e9 do Ros\u00e1rio Vellano\",\"Universidade Presidente Ant\u00f4nio Carlos\"],\"articleSection\":[\"Minas Gerais\"],\"inLanguage\":\"pt-BR\",\"potentialAction\":[{\"@type\":\"CommentAction\",\"name\":\"Comment\",\"target\":[\"https:\\\/\\\/aconteceunovale.com.br\\\/portal\\\/?p=48295#respond\"]}]},{\"@type\":\"WebPage\",\"@id\":\"https:\\\/\\\/aconteceunovale.com.br\\\/portal\\\/?p=48295\",\"url\":\"https:\\\/\\\/aconteceunovale.com.br\\\/portal\\\/?p=48295\",\"name\":\"Quatro cursos de medicina de Minas Gerais est\u00e3o entre os piores do Brasil, segundo o MEC - Aconteceu no Vale\",\"isPartOf\":{\"@id\":\"https:\\\/\\\/aconteceunovale.com.br\\\/portal\\\/#website\"},\"primaryImageOfPage\":{\"@id\":\"https:\\\/\\\/aconteceunovale.com.br\\\/portal\\\/?p=48295#primaryimage\"},\"image\":{\"@id\":\"https:\\\/\\\/aconteceunovale.com.br\\\/portal\\\/?p=48295#primaryimage\"},\"thumbnailUrl\":\"https:\\\/\\\/aconteceunovale.com.br\\\/portal\\\/wp-content\\\/uploads\\\/2014\\\/05\\\/medico_ufvjm.jpg\",\"datePublished\":\"2014-12-19T13:47:48+00:00\",\"dateModified\":\"2014-12-19T14:07:42+00:00\",\"author\":{\"@id\":\"https:\\\/\\\/aconteceunovale.com.br\\\/portal\\\/#\\\/schema\\\/person\\\/633529146f2c94272bef50ac2953d589\"},\"breadcrumb\":{\"@id\":\"https:\\\/\\\/aconteceunovale.com.br\\\/portal\\\/?p=48295#breadcrumb\"},\"inLanguage\":\"pt-BR\",\"potentialAction\":[{\"@type\":\"ReadAction\",\"target\":[\"https:\\\/\\\/aconteceunovale.com.br\\\/portal\\\/?p=48295\"]}]},{\"@type\":\"ImageObject\",\"inLanguage\":\"pt-BR\",\"@id\":\"https:\\\/\\\/aconteceunovale.com.br\\\/portal\\\/?p=48295#primaryimage\",\"url\":\"https:\\\/\\\/aconteceunovale.com.br\\\/portal\\\/wp-content\\\/uploads\\\/2014\\\/05\\\/medico_ufvjm.jpg\",\"contentUrl\":\"https:\\\/\\\/aconteceunovale.com.br\\\/portal\\\/wp-content\\\/uploads\\\/2014\\\/05\\\/medico_ufvjm.jpg\",\"width\":520,\"height\":368},{\"@type\":\"BreadcrumbList\",\"@id\":\"https:\\\/\\\/aconteceunovale.com.br\\\/portal\\\/?p=48295#breadcrumb\",\"itemListElement\":[{\"@type\":\"ListItem\",\"position\":1,\"name\":\"In\u00edcio\",\"item\":\"https:\\\/\\\/aconteceunovale.com.br\\\/portal\\\/\"},{\"@type\":\"ListItem\",\"position\":2,\"name\":\"Quatro cursos de medicina de Minas Gerais est\u00e3o entre os piores do Brasil, segundo o MEC\"}]},{\"@type\":\"WebSite\",\"@id\":\"https:\\\/\\\/aconteceunovale.com.br\\\/portal\\\/#website\",\"url\":\"https:\\\/\\\/aconteceunovale.com.br\\\/portal\\\/\",\"name\":\"Aconteceu no Vale\",\"description\":\"Portal de Not\u00edcias\",\"potentialAction\":[{\"@type\":\"SearchAction\",\"target\":{\"@type\":\"EntryPoint\",\"urlTemplate\":\"https:\\\/\\\/aconteceunovale.com.br\\\/portal\\\/?s={search_term_string}\"},\"query-input\":{\"@type\":\"PropertyValueSpecification\",\"valueRequired\":true,\"valueName\":\"search_term_string\"}}],\"inLanguage\":\"pt-BR\"},{\"@type\":\"Person\",\"@id\":\"https:\\\/\\\/aconteceunovale.com.br\\\/portal\\\/#\\\/schema\\\/person\\\/633529146f2c94272bef50ac2953d589\",\"name\":\"Aconteceu no Vale\",\"description\":\"Equipe de reportagem do Aconteceu no Vale, portal de not\u00edcias do Vale do Jequitinhonha, em Minas Gerais. Cobrimos as 51 cidades do Vale desde 2013. Sugest\u00f5es de pauta e pedidos de corre\u00e7\u00e3o: contato@aconteceunovale.com.br\",\"sameAs\":[\"http:\\\/\\\/www.aconteceunovale.com.br\"],\"url\":\"https:\\\/\\\/aconteceunovale.com.br\\\/portal\\\/?author=1\"}]}<\/script>\n<!-- \/ Yoast SEO plugin. -->","yoast_head_json":{"title":"Quatro cursos de medicina de Minas Gerais est\u00e3o entre os piores do Brasil, segundo o MEC - Aconteceu no Vale","robots":{"index":"index","follow":"follow","max-snippet":"max-snippet:-1","max-image-preview":"max-image-preview:large","max-video-preview":"max-video-preview:-1"},"canonical":"https:\/\/aconteceunovale.com.br\/portal\/?p=48295","og_locale":"pt_BR","og_type":"article","og_title":"Quatro cursos de medicina de Minas Gerais est\u00e3o entre os piores do Brasil, segundo o MEC - Aconteceu no Vale","og_description":"O Minist\u00e9rio da Educa\u00e7\u00e3o (MEC) publicou hoje as notas do ciclo de avalia\u00e7\u00e3o 2013 de cursos superiores na \u00e1rea de sa\u00fade. Os resultados est\u00e3o dispon\u00edveis no Di\u00e1rio Oficial da Uni\u00e3o desta quinta-feira (18). Sa\u00edram os resultados do CPC (Conceito Preliminar de Curso), que avalia os cursos, e os \u00edndices IGC (\u00cdndice Geral de Curso) que [&hellip;]","og_url":"https:\/\/aconteceunovale.com.br\/portal\/?p=48295","og_site_name":"Aconteceu no Vale","article_publisher":"https:\/\/www.facebook.com\/aconteceunovale\/","article_published_time":"2014-12-19T13:47:48+00:00","article_modified_time":"2014-12-19T14:07:42+00:00","og_image":[{"width":520,"height":368,"url":"https:\/\/aconteceunovale.com.br\/portal\/wp-content\/uploads\/2014\/05\/medico_ufvjm.jpg","type":"image\/jpeg"}],"author":"Aconteceu no Vale","twitter_card":"summary_large_image","twitter_creator":"@noticiadosvales","twitter_site":"@noticiadosvales","twitter_misc":{"Escrito por":"Aconteceu no Vale","Est. tempo de leitura":"1 minuto"},"schema":{"@context":"https:\/\/schema.org","@graph":[{"@type":"Article","@id":"https:\/\/aconteceunovale.com.br\/portal\/?p=48295#article","isPartOf":{"@id":"https:\/\/aconteceunovale.com.br\/portal\/?p=48295"},"author":{"name":"Aconteceu no Vale","@id":"https:\/\/aconteceunovale.com.br\/portal\/#\/schema\/person\/633529146f2c94272bef50ac2953d589"},"headline":"Quatro cursos de medicina de Minas Gerais est\u00e3o entre os piores do Brasil, segundo o MEC","datePublished":"2014-12-19T13:47:48+00:00","dateModified":"2014-12-19T14:07:42+00:00","mainEntityOfPage":{"@id":"https:\/\/aconteceunovale.com.br\/portal\/?p=48295"},"wordCount":233,"commentCount":0,"image":{"@id":"https:\/\/aconteceunovale.com.br\/portal\/?p=48295#primaryimage"},"thumbnailUrl":"https:\/\/aconteceunovale.com.br\/portal\/wp-content\/uploads\/2014\/05\/medico_ufvjm.jpg","keywords":["Alfenas","Caratinga","Carreira jovem","Centro Universit\u00e1rio de Caratinga","Ci\u00eancia","Conceito Preliminar de Curso","cursos de medicina de Minas Gerais","ensino superior","Faculdades e universidades","IGC","\u00cdndice Geral de Curso","Juiz de Fora","Medicina","Os piores cursos de medicina do Brasil","piores cursos de medicina de minas gerais","piores cursos de medicina do Brasil","Quatro cursos de medicina de Minas Gerais est\u00e3o entre os piores do Brasil","Rankings de faculdades","resultados do CPC","UFCG","UFPA","UFPel","UFRGS","UFSJ","unec","Unifenas","UNIPAC","Universidade Federal de Campina Grande","Universidade Federal de Pelotas","Universidade Federal de S\u00e3o Jo\u00e3o Del-Rei","Universidade Federal do Par\u00e1","Universidade Federal do Rio Grande do Sul","Universidade Jos\u00e9 do Ros\u00e1rio Vellano","Universidade Presidente Ant\u00f4nio Carlos"],"articleSection":["Minas Gerais"],"inLanguage":"pt-BR","potentialAction":[{"@type":"CommentAction","name":"Comment","target":["https:\/\/aconteceunovale.com.br\/portal\/?p=48295#respond"]}]},{"@type":"WebPage","@id":"https:\/\/aconteceunovale.com.br\/portal\/?p=48295","url":"https:\/\/aconteceunovale.com.br\/portal\/?p=48295","name":"Quatro cursos de medicina de Minas Gerais est\u00e3o entre os piores do Brasil, segundo o MEC - Aconteceu no Vale","isPartOf":{"@id":"https:\/\/aconteceunovale.com.br\/portal\/#website"},"primaryImageOfPage":{"@id":"https:\/\/aconteceunovale.com.br\/portal\/?p=48295#primaryimage"},"image":{"@id":"https:\/\/aconteceunovale.com.br\/portal\/?p=48295#primaryimage"},"thumbnailUrl":"https:\/\/aconteceunovale.com.br\/portal\/wp-content\/uploads\/2014\/05\/medico_ufvjm.jpg","datePublished":"2014-12-19T13:47:48+00:00","dateModified":"2014-12-19T14:07:42+00:00","author":{"@id":"https:\/\/aconteceunovale.com.br\/portal\/#\/schema\/person\/633529146f2c94272bef50ac2953d589"},"breadcrumb":{"@id":"https:\/\/aconteceunovale.com.br\/portal\/?p=48295#breadcrumb"},"inLanguage":"pt-BR","potentialAction":[{"@type":"ReadAction","target":["https:\/\/aconteceunovale.com.br\/portal\/?p=48295"]}]},{"@type":"ImageObject","inLanguage":"pt-BR","@id":"https:\/\/aconteceunovale.com.br\/portal\/?p=48295#primaryimage","url":"https:\/\/aconteceunovale.com.br\/portal\/wp-content\/uploads\/2014\/05\/medico_ufvjm.jpg","contentUrl":"https:\/\/aconteceunovale.com.br\/portal\/wp-content\/uploads\/2014\/05\/medico_ufvjm.jpg","width":520,"height":368},{"@type":"BreadcrumbList","@id":"https:\/\/aconteceunovale.com.br\/portal\/?p=48295#breadcrumb","itemListElement":[{"@type":"ListItem","position":1,"name":"In\u00edcio","item":"https:\/\/aconteceunovale.com.br\/portal\/"},{"@type":"ListItem","position":2,"name":"Quatro cursos de medicina de Minas Gerais est\u00e3o entre os piores do Brasil, segundo o MEC"}]},{"@type":"WebSite","@id":"https:\/\/aconteceunovale.com.br\/portal\/#website","url":"https:\/\/aconteceunovale.com.br\/portal\/","name":"Aconteceu no Vale","description":"Portal de Not\u00edcias","potentialAction":[{"@type":"SearchAction","target":{"@type":"EntryPoint","urlTemplate":"https:\/\/aconteceunovale.com.br\/portal\/?s={search_term_string}"},"query-input":{"@type":"PropertyValueSpecification","valueRequired":true,"valueName":"search_term_string"}}],"inLanguage":"pt-BR"},{"@type":"Person","@id":"https:\/\/aconteceunovale.com.br\/portal\/#\/schema\/person\/633529146f2c94272bef50ac2953d589","name":"Aconteceu no Vale","description":"Equipe de reportagem do Aconteceu no Vale, portal de not\u00edcias do Vale do Jequitinhonha, em Minas Gerais. Cobrimos as 51 cidades do Vale desde 2013. Sugest\u00f5es de pauta e pedidos de corre\u00e7\u00e3o: contato@aconteceunovale.com.br","sameAs":["http:\/\/www.aconteceunovale.com.br"],"url":"https:\/\/aconteceunovale.com.br\/portal\/?author=1"}]}},"_links":{"self":[{"href":"https:\/\/aconteceunovale.com.br\/portal\/index.php?rest_route=\/wp\/v2\/posts\/48295","targetHints":{"allow":["GET"]}}],"collection":[{"href":"https:\/\/aconteceunovale.com.br\/portal\/index.php?rest_route=\/wp\/v2\/posts"}],"about":[{"href":"https:\/\/aconteceunovale.com.br\/portal\/index.php?rest_route=\/wp\/v2\/types\/post"}],"author":[{"embeddable":true,"href":"https:\/\/aconteceunovale.com.br\/portal\/index.php?rest_route=\/wp\/v2\/users\/1"}],"replies":[{"embeddable":true,"href":"https:\/\/aconteceunovale.com.br\/portal\/index.php?rest_route=%2Fwp%2Fv2%2Fcomments&post=48295"}],"version-history":[{"count":0,"href":"https:\/\/aconteceunovale.com.br\/portal\/index.php?rest_route=\/wp\/v2\/posts\/48295\/revisions"}],"wp:featuredmedia":[{"embeddable":true,"href":"https:\/\/aconteceunovale.com.br\/portal\/index.php?rest_route=\/wp\/v2\/media\/28778"}],"wp:attachment":[{"href":"https:\/\/aconteceunovale.com.br\/portal\/index.php?rest_route=%2Fwp%2Fv2%2Fmedia&parent=48295"}],"wp:term":[{"taxonomy":"category","embeddable":true,"href":"https:\/\/aconteceunovale.com.br\/portal\/index.php?rest_route=%2Fwp%2Fv2%2Fcategories&post=48295"},{"taxonomy":"post_tag","embeddable":true,"href":"https:\/\/aconteceunovale.com.br\/portal\/index.php?rest_route=%2Fwp%2Fv2%2Ftags&post=48295"}],"curies":[{"name":"wp","href":"https:\/\/api.w.org\/{rel}","templated":true}]}}