{"id":48290,"date":"2014-12-18T22:44:32","date_gmt":"2014-12-19T01:44:32","guid":{"rendered":"http:\/\/aconteceunovale.com.br\/portal\/?p=48290"},"modified":"2014-12-18T22:44:32","modified_gmt":"2014-12-19T01:44:32","slug":"nestle-lanca-pedra-fundamental-de-fabrica-de-capsulas-de-cafe-em-montes-claros","status":"publish","type":"post","link":"https:\/\/aconteceunovale.com.br\/portal\/?p=48290","title":{"rendered":"Nestl\u00e9 lan\u00e7a pedra fundamental de f\u00e1brica de c\u00e1psulas de caf\u00e9 em Montes Claros"},"content":{"rendered":"<h4><strong><em>Produto s\u00f3 \u00e9 fabricado na Europa e ser\u00e1 produzido em Montes Claros. Empresa vai investir R$ 200 milh\u00f5es e gerar 1.090 empregos.<\/em><\/strong><\/h4>\n<p>Foi lan\u00e7ada da tarde desta quinta-feira (18), em Montes Claros, no Norte de Minas Gerais, a pedra fundamental da primeira f\u00e1brica de c\u00e1psulas de caf\u00e9, da Nestl\u00e9, instalada fora da Europa. A produ\u00e7\u00e3o est\u00e1 programada para come\u00e7ar no quarto semestre de 2015, e as instala\u00e7\u00f5es ocupar\u00e3o uma \u00e1rea de 9.750 m\u00b2, ao lado da f\u00e1brica de leite condensado, que funciona na cidade desde 1983.<\/p>\n<p><img decoding=\"async\" src=\"http:\/\/aconteceunovale.com.br\/portal\/wp-content\/uploads\/2014\/12\/nestle_moc_1.jpg\" alt=\"\" \/><em>Lan\u00e7amento da pedra fundamental da f\u00e1brica de c\u00e1psulas de caf\u00e9 em Montes Claros (Foto: Adriana Lisboa\/G1)<\/em><br \/>\n<\/br><\/p>\n<p>O segmento de c\u00e1psulas de caf\u00e9 para m\u00e1quinas \u00e9 desenvolvido atualmente somente na Europa. Montes Claros ser\u00e1 a sexta f\u00e1brica no mundo a produzir o produto. Durante o lan\u00e7amento, o CEO da Nestl\u00e9, Paul Bulcke, disse que a empresa investir\u00e1 aproximadamente R$ 200 milh\u00f5es e ir\u00e1 gerar, inicialmente, 1090 empregos diretos e indiretos. Segundo ele, as oportunidades de emprego devem aumentar gradualmente com a evolu\u00e7\u00e3o da produ\u00e7\u00e3o. A expectativa da empresa \u00e9 produzir 350 milh\u00f5es de c\u00e1psulas por ano.<\/p>\n<p>&#8220;O Brasil tem grande potencial de crescimento no segmento de doses individuais [c\u00e1psulas de caf\u00e9], que cresceu mais de 45% em 2013. Temos aqui um grande parceiro neste neg\u00f3cio, gerando ganhos para toda cadeia produtiva&#8221;, disse.<\/p>\n<p>Ainda de acordo com Bulcke, a cidade de Montes Claros foi escolhida para ser a primeira f\u00e1brica de c\u00e1psulas de caf\u00e9 fora da Europa por uma coincid\u00eancia de fatores, e n\u00e3o por raz\u00f5es fiscais. &#8220;Minas Gerais \u00e9 um dos tr\u00eas maiores produtores da caf\u00e9 do pa\u00eds, e aqui temos uma ampla oferta de mat\u00e9ria prima para desenvolvermos e aprimorarmos o caf\u00e9&#8221;.<\/p>\n<h4>Sustentabilidade<\/h4>\n<p>O diretor da empresa no Brasil, Juan Carlos Marroqu\u00edn, afirmou que a f\u00e1brica brasileira ter\u00e1 diversos diferenciais para uma opera\u00e7\u00e3o mais sustent\u00e1vel. Segundo ele, o sistema de torrefa\u00e7\u00e3o do caf\u00e9 consumir\u00e1 30% menos de energia, e todo res\u00edduo proveniente da produ\u00e7\u00e3o ser\u00e1 reciclado e utilizado na gera\u00e7\u00e3o de energia, e, al\u00e9m disso, a f\u00e1brica usar\u00e1 apenas \u00e1gua reciclada.<\/p>\n<p>Marroquim disse ainda que a ideia \u00e9 valorizar a mat\u00e9ria prima nacional. &#8220;Seguimos desenvolvendo a ind\u00fastria do caf\u00e9 no Brasil h\u00e1 mais de 60 anos. Estamos comprometidos com o desenvolvimento do pa\u00eds, desde o produtores rurais, at\u00e9 os consumidores&#8221;, afirma.<\/p>\n<p>Para o prefeito de Montes Claros, Ruy Muniz, a cidade est\u00e1 preparada para receber as novas instala\u00e7\u00f5es da empresa de caf\u00e9. &#8220;Montes Claros \u00e9 uma cidade que \u00e9 um polo universit\u00e1rio, tem recursos humanos, disponibilidade de terreno, incentivos fiscais, e, acima de tudo, a sua posi\u00e7\u00e3o geogr\u00e1fica; f\u00e1cil de levar o produtos para o Nordeste, para o Centro-Oeste, e mesmo para a exporta\u00e7\u00e3o&#8221;, diz.<\/p>\n<p><img decoding=\"async\" src=\"http:\/\/aconteceunovale.com.br\/portal\/wp-content\/uploads\/2014\/12\/nestle_moc_2.jpg\" alt=\"\" \/><em>Terreno onde ser\u00e1 instalada a f\u00e1brica de c\u00e1psulas de caf\u00e9 em Montes Claros (Foto: Adriana Lisboa\/G1)<\/em><br \/>\n<\/br><\/p>\n<p><strong><em>(Inter TV Grande Minas)<\/em><\/strong><\/p>\n","protected":false},"excerpt":{"rendered":"<p>Produto s\u00f3 \u00e9 fabricado na Europa e ser\u00e1 produzido em Montes Claros. Empresa vai investir R$ 200 milh\u00f5es e gerar 1.090 empregos. Foi lan\u00e7ada da tarde desta quinta-feira (18), em Montes Claros, no Norte de Minas Gerais, a pedra fundamental da primeira f\u00e1brica de c\u00e1psulas de caf\u00e9, da Nestl\u00e9, instalada fora da Europa. A produ\u00e7\u00e3o [&hellip;]<\/p>\n","protected":false},"author":1,"featured_media":48291,"comment_status":"open","ping_status":"closed","sticky":false,"template":"","format":"standard","meta":{"amp_status":"","footnotes":""},"categories":[1236],"tags":[27294,27293,27292,27291,26499,26500,210,27290,26498,4616],"class_list":["post-48290","post","type-post","status-publish","format-standard","has-post-thumbnail","hentry","category-norte_de_minas","tag-capsulas-de-cafe","tag-fabrica-da-nestle-em-montes-claros","tag-fabrica-de-capsulas-de-cafe-da-nestle-em-montes-claros","tag-fabrica-de-capsulas-de-cafe-da-nestle-instalada-fora-da-europa","tag-juan-carlos-marroquin","tag-laurent-freixe","tag-montes-claros","tag-nestle-lanca-pedra-fundamental-de-fabrica-de-capsulas-de-cafe-em-montes-claros","tag-paul-bulcke","tag-ruy-muniz"],"_links":{"self":[{"href":"https:\/\/aconteceunovale.com.br\/portal\/index.php?rest_route=\/wp\/v2\/posts\/48290","targetHints":{"allow":["GET"]}}],"collection":[{"href":"https:\/\/aconteceunovale.com.br\/portal\/index.php?rest_route=\/wp\/v2\/posts"}],"about":[{"href":"https:\/\/aconteceunovale.com.br\/portal\/index.php?rest_route=\/wp\/v2\/types\/post"}],"author":[{"embeddable":true,"href":"https:\/\/aconteceunovale.com.br\/portal\/index.php?rest_route=\/wp\/v2\/users\/1"}],"replies":[{"embeddable":true,"href":"https:\/\/aconteceunovale.com.br\/portal\/index.php?rest_route=%2Fwp%2Fv2%2Fcomments&post=48290"}],"version-history":[{"count":0,"href":"https:\/\/aconteceunovale.com.br\/portal\/index.php?rest_route=\/wp\/v2\/posts\/48290\/revisions"}],"wp:featuredmedia":[{"embeddable":true,"href":"https:\/\/aconteceunovale.com.br\/portal\/index.php?rest_route=\/wp\/v2\/media\/48291"}],"wp:attachment":[{"href":"https:\/\/aconteceunovale.com.br\/portal\/index.php?rest_route=%2Fwp%2Fv2%2Fmedia&parent=48290"}],"wp:term":[{"taxonomy":"category","embeddable":true,"href":"https:\/\/aconteceunovale.com.br\/portal\/index.php?rest_route=%2Fwp%2Fv2%2Fcategories&post=48290"},{"taxonomy":"post_tag","embeddable":true,"href":"https:\/\/aconteceunovale.com.br\/portal\/index.php?rest_route=%2Fwp%2Fv2%2Ftags&post=48290"}],"curies":[{"name":"wp","href":"https:\/\/api.w.org\/{rel}","templated":true}]}}