{"id":48287,"date":"2014-12-18T22:35:19","date_gmt":"2014-12-19T01:35:19","guid":{"rendered":"http:\/\/aconteceunovale.com.br\/portal\/?p=48287"},"modified":"2014-12-18T22:35:19","modified_gmt":"2014-12-19T01:35:19","slug":"homem-e-morto-com-tiro-na-nuca-no-bairro-vitoria-em-governador-valadares","status":"publish","type":"post","link":"https:\/\/aconteceunovale.com.br\/portal\/?p=48287","title":{"rendered":"Homem \u00e9 morto com tiro na nuca no Bairro Vit\u00f3ria em Governador Valadares"},"content":{"rendered":"<h4><strong><em>Homem foi baleado em uma casa na Rua B. A v\u00edtima havia deixado a cadeia recentemente.<\/em><\/strong><\/h4>\n<p>Um homem de 30 anos foi morto com um tiro na nuca no in\u00edcio da tarde desta quinta-feira (18). O crime ocorreu na Rua B, do Bairro Vit\u00f3ria, em Governador Valadares, no Leste de Minas Gerais. A v\u00edtima estava em uma casa supostamente abandonada quando foi baleada.<\/p>\n<p>O homem chegou a ser socorrido com vida pelo Servi\u00e7o de Atendimento M\u00e9dico de Urg\u00eancia (Samu), mas n\u00e3o resistiu ao ferimento e morreu a caminho do Hospital Municipal.<\/p>\n<p>De acordo com o sargento da Pol\u00edcia Militar, Ezequiel Peres, n\u00e3o h\u00e1 informa\u00e7\u00f5es sobre a motiva\u00e7\u00e3o crime e quem seriam os suspeitos. \u201cA m\u00e3e da v\u00edtima ganhou uma casa popular aqui no Bairro Vit\u00f3ria e \u00e9 moradora da localidade. Ele [a v\u00edtima] encontrou essa outra casa que estaria abandonada e estava residindo no local onde acabou sendo morto\u201d, contou o militar.<\/p>\n<p>Ainda segundo o sargento Peres, a v\u00edtima havia deixado a cadeia recentemente. \u201cEle estava preso e tem algumas passagens pela pol\u00edcia. Temendo repres\u00e1lias, nenhum morador quis se pronunciar ou contribuir com a pol\u00edcia\u201d.<\/p>\n<p>A Delegacia de Homic\u00eddios de Governador Valadares vai investigar o crime.<\/p>\n<p><img decoding=\"async\" src=\"http:\/\/aconteceunovale.com.br\/portal\/wp-content\/uploads\/2014\/12\/morte_gv_18.jpg\" alt=\"\" \/><em>Homic\u00eddio aconteceu nesta resid\u00eancia na Rua B (Foto: Diego Souza\/G1)<\/em><br \/>\n<\/br><\/p>\n<p><strong><em>(Inter TV dos Vales)<\/em><\/strong><\/p>\n","protected":false},"excerpt":{"rendered":"<p>Homem foi baleado em uma casa na Rua B. A v\u00edtima havia deixado a cadeia recentemente. Um homem de 30 anos foi morto com um tiro na nuca no in\u00edcio da tarde desta quinta-feira (18). O crime ocorreu na Rua B, do Bairro Vit\u00f3ria, em Governador Valadares, no Leste de Minas Gerais. A v\u00edtima estava [&hellip;]<\/p>\n","protected":false},"author":1,"featured_media":48288,"comment_status":"open","ping_status":"closed","sticky":false,"template":"","format":"standard","meta":{"amp_status":"","footnotes":""},"categories":[121],"tags":[247,27289],"class_list":["post-48287","post","type-post","status-publish","format-standard","has-post-thumbnail","hentry","category-leste","tag-governador-valadares","tag-homem-e-morto-com-tiro-na-nuca-no-bairro-vitoria-em-governador-valadares"],"_links":{"self":[{"href":"https:\/\/aconteceunovale.com.br\/portal\/index.php?rest_route=\/wp\/v2\/posts\/48287","targetHints":{"allow":["GET"]}}],"collection":[{"href":"https:\/\/aconteceunovale.com.br\/portal\/index.php?rest_route=\/wp\/v2\/posts"}],"about":[{"href":"https:\/\/aconteceunovale.com.br\/portal\/index.php?rest_route=\/wp\/v2\/types\/post"}],"author":[{"embeddable":true,"href":"https:\/\/aconteceunovale.com.br\/portal\/index.php?rest_route=\/wp\/v2\/users\/1"}],"replies":[{"embeddable":true,"href":"https:\/\/aconteceunovale.com.br\/portal\/index.php?rest_route=%2Fwp%2Fv2%2Fcomments&post=48287"}],"version-history":[{"count":0,"href":"https:\/\/aconteceunovale.com.br\/portal\/index.php?rest_route=\/wp\/v2\/posts\/48287\/revisions"}],"wp:featuredmedia":[{"embeddable":true,"href":"https:\/\/aconteceunovale.com.br\/portal\/index.php?rest_route=\/wp\/v2\/media\/48288"}],"wp:attachment":[{"href":"https:\/\/aconteceunovale.com.br\/portal\/index.php?rest_route=%2Fwp%2Fv2%2Fmedia&parent=48287"}],"wp:term":[{"taxonomy":"category","embeddable":true,"href":"https:\/\/aconteceunovale.com.br\/portal\/index.php?rest_route=%2Fwp%2Fv2%2Fcategories&post=48287"},{"taxonomy":"post_tag","embeddable":true,"href":"https:\/\/aconteceunovale.com.br\/portal\/index.php?rest_route=%2Fwp%2Fv2%2Ftags&post=48287"}],"curies":[{"name":"wp","href":"https:\/\/api.w.org\/{rel}","templated":true}]}}