{"id":48277,"date":"2014-12-18T21:57:38","date_gmt":"2014-12-19T00:57:38","guid":{"rendered":"http:\/\/aconteceunovale.com.br\/portal\/?p=48277"},"modified":"2014-12-18T21:57:38","modified_gmt":"2014-12-19T00:57:38","slug":"ministerio-publico-propoe-acao-com-pedido-de-liminar-visando-tratamento-de-esgoto-em-diamantina","status":"publish","type":"post","link":"https:\/\/aconteceunovale.com.br\/portal\/?p=48277","title":{"rendered":"Minist\u00e9rio P\u00fablico prop\u00f5e a\u00e7\u00e3o com pedido de liminar visando tratamento de esgoto em Diamantina"},"content":{"rendered":"<h4><strong><em>O MPMG requer \u00e0 Justi\u00e7a que determine a implanta\u00e7\u00e3o da ETE em 180 dias<\/em><\/strong><\/h4>\n<p>O Minist\u00e9rio P\u00fablico de Minas Gerais (MPMG) prop\u00f4s A\u00e7\u00e3o Civil P\u00fablica com pedido de liminar requerendo \u00e0 Justi\u00e7a prazo de 180 dias para o munic\u00edpio de Diamantina e a Companhia Mineira de Saneamento de Minas Gerais (Copasa) colocarem em funcionamento o sistema de tratamento do esgoto e interromperem o lan\u00e7amento de efluentes sem tratamento pr\u00e9vio no solo e nos cursos d\u2019\u00e1gua, sob pena de multa di\u00e1ria de R$ 500,00, a ser revertida ao Fundo Estadual do Minist\u00e9rio P\u00fablico (Funemp).<\/p>\n<p>Entre outras conseq\u00fc\u00eancias, a falta de esgoto causa prolifera\u00e7\u00e3o de doen\u00e7as, contamina\u00e7\u00e3o de nascentes, morte de animais e desequil\u00edbrio dos ecossistemas. <\/p>\n<p>O MPMG requer que, ao final, o munic\u00edpio e a Copasa sejam condenados \u00e0 multa di\u00e1ria do mesmo valor caso deixem de cumprir tamb\u00e9m em 180 dias todas as medidas necess\u00e1rias para: a obten\u00e7\u00e3o das licen\u00e7as ambientais; a efetiva\u00e7\u00e3o do funcionamento do sistema; a destina\u00e7\u00e3o adequada aos efluentes sanit\u00e1rios e para a interrup\u00e7\u00e3o do lan\u00e7amento de efluentes sanit\u00e1rios, sem tratamento pr\u00e9vio, no solo e nos cursos d\u2019\u00e1gua. <\/p>\n<p>O coordenador Regional das Promotorias de Meio Ambiente das Bacias dos Rios Jequitinhonha e Mucuri, Felipe Faria de Oliveira, e o promotor de Defesa do Meio Ambiente de Diamantina, Wagner Augusto Moura e Silva, destacam na a\u00e7\u00e3o o \u201cp\u00edfio percentual da popula\u00e7\u00e3o atendido pela Copasa\u201d. Segundo eles, somente 30% dos moradores t\u00eam acesso ao sistema de coleta ou canaliza\u00e7\u00e3o. \u201cOs demais sequer t\u00eam este servi\u00e7o \u00e0 disposi\u00e7\u00e3o, correndo o esgoto pelas ruas, a c\u00e9u aberto\u201d, afirmam.<\/p>\n<p>Buscando uma atua\u00e7\u00e3o resolutiva, o MPMG tentou resolver a quest\u00e3o extrajudicialmente, sem qualquer sucesso.<\/p>\n<h4>Hist\u00f3rico<\/h4>\n<p>Desde meados de 2008, o MPMG vem investigando os problemas ambientais decorrentes da falta de sistema de tratamento de efluentes sanit\u00e1rios, o que vinha gerando danos ambientais e colocando em risco a sa\u00fade da popula\u00e7\u00e3o.<\/p>\n<p>A Copasa firmou com o munic\u00edpio conv\u00eanio de coopera\u00e7\u00e3o e contrato de concess\u00e3o dos servi\u00e7os p\u00fablicos de abastecimento de \u00e1gua e de esgotamento sanit\u00e1rio e afirmou que a constru\u00e7\u00e3o da ETE estaria conclu\u00edda em 2012, juntamente com as obras de amplia\u00e7\u00e3o do Sistema de Esgotamento Sanit\u00e1rio.<\/p>\n<p>Em outubro de 2012, a Pol\u00edcia Militar Ambiental vistoriou a \u00e1rea e relatou fatos graves, inclusive com danos a nascentes e ao Parque Estadual do Biribiri, unidade de conserva\u00e7\u00e3o de prote\u00e7\u00e3o integral, protegida pela Lei 9.985\/2000.<\/p>\n<p>Posteriormente, a Copasa afirmou que as obras da ETE estavam na fase final, com a implanta\u00e7\u00e3o de todas as unidades, mas que restava finalizar a parte eletromec\u00e2nica, o que permitia uma previs\u00e3o de opera\u00e7\u00e3o para mar\u00e7o de 2013.<\/p>\n<p>Em setembro de 2013, ap\u00f3s constatar que nenhuma provid\u00eancia havia sido adotada, os militares expediram autos de infra\u00e7\u00e3o ambiental.<\/p>\n<p>A per\u00edcia t\u00e9cnica confirmou os dados e emitiu laudo atestando que 100% do esgoto \u00e9 lan\u00e7ado nos cursos d\u2019agua que cortam a \u00e1rea urbana de Diamantina.<\/p>\n<p>A pr\u00f3pria Secretaria Municipal de Sa\u00fade se deslocou para determinada localidade ap\u00f3s informa\u00e7\u00f5es acerca da ocorr\u00eancia de esgoto a c\u00e9u aberto e reconheceu os riscos para a sa\u00fade da popula\u00e7\u00e3o.<\/p>\n<p><em>(Fonte: Minist\u00e9rio P\u00fablico Federal)<\/em><\/p>\n","protected":false},"excerpt":{"rendered":"<p>O MPMG requer \u00e0 Justi\u00e7a que determine a implanta\u00e7\u00e3o da ETE em 180 dias O Minist\u00e9rio P\u00fablico de Minas Gerais (MPMG) prop\u00f4s A\u00e7\u00e3o Civil P\u00fablica com pedido de liminar requerendo \u00e0 Justi\u00e7a prazo de 180 dias para o munic\u00edpio de Diamantina e a Companhia Mineira de Saneamento de Minas Gerais (Copasa) colocarem em funcionamento o [&hellip;]<\/p>\n","protected":false},"author":1,"featured_media":48278,"comment_status":"open","ping_status":"closed","sticky":false,"template":"","format":"standard","meta":{"amp_status":"","footnotes":""},"categories":[120],"tags":[27277,179,198,27279,27275,27278,27276],"class_list":["post-48277","post","type-post","status-publish","format-standard","has-post-thumbnail","hentry","category-jequi","tag-companhia-mineira-de-saneamento-de-minas-gerais","tag-copasa","tag-diamantina","tag-felipe-faria-de-oliveira","tag-ministerio-publico-propoe-acao-com-pedido-de-liminar-visando-tratamento-de-esgoto-em-diamantina","tag-promotorias-de-meio-ambiente-das-bacias-dos-rios-jequitinhonha-e-mucuri","tag-tratamento-de-esgoto-em-diamantina"],"_links":{"self":[{"href":"https:\/\/aconteceunovale.com.br\/portal\/index.php?rest_route=\/wp\/v2\/posts\/48277","targetHints":{"allow":["GET"]}}],"collection":[{"href":"https:\/\/aconteceunovale.com.br\/portal\/index.php?rest_route=\/wp\/v2\/posts"}],"about":[{"href":"https:\/\/aconteceunovale.com.br\/portal\/index.php?rest_route=\/wp\/v2\/types\/post"}],"author":[{"embeddable":true,"href":"https:\/\/aconteceunovale.com.br\/portal\/index.php?rest_route=\/wp\/v2\/users\/1"}],"replies":[{"embeddable":true,"href":"https:\/\/aconteceunovale.com.br\/portal\/index.php?rest_route=%2Fwp%2Fv2%2Fcomments&post=48277"}],"version-history":[{"count":0,"href":"https:\/\/aconteceunovale.com.br\/portal\/index.php?rest_route=\/wp\/v2\/posts\/48277\/revisions"}],"wp:featuredmedia":[{"embeddable":true,"href":"https:\/\/aconteceunovale.com.br\/portal\/index.php?rest_route=\/wp\/v2\/media\/48278"}],"wp:attachment":[{"href":"https:\/\/aconteceunovale.com.br\/portal\/index.php?rest_route=%2Fwp%2Fv2%2Fmedia&parent=48277"}],"wp:term":[{"taxonomy":"category","embeddable":true,"href":"https:\/\/aconteceunovale.com.br\/portal\/index.php?rest_route=%2Fwp%2Fv2%2Fcategories&post=48277"},{"taxonomy":"post_tag","embeddable":true,"href":"https:\/\/aconteceunovale.com.br\/portal\/index.php?rest_route=%2Fwp%2Fv2%2Ftags&post=48277"}],"curies":[{"name":"wp","href":"https:\/\/api.w.org\/{rel}","templated":true}]}}