{"id":48265,"date":"2014-12-18T20:25:21","date_gmt":"2014-12-18T23:25:21","guid":{"rendered":"http:\/\/aconteceunovale.com.br\/portal\/?p=48265"},"modified":"2014-12-18T20:25:21","modified_gmt":"2014-12-18T23:25:21","slug":"novos-voos-e-infraestrutura-consolidarao-minas-como-a-maior-malha-viaria-do-pais","status":"publish","type":"post","link":"https:\/\/aconteceunovale.com.br\/portal\/?p=48265","title":{"rendered":"Novos voos e infraestrutura consolidar\u00e3o Minas como a maior malha vi\u00e1ria do pa\u00eds"},"content":{"rendered":"<h4><strong><em>A Azul Linhas A\u00e9reas come\u00e7a a operar em Divin\u00f3polis e poder\u00e1 ampliar sua malha de destinos no Estado e implantar novo centro de treinamento<\/em><\/strong><\/h4>\n<p>O governador Alberto Pinto Coelho assinou, nesta quinta-feira (18\/12), no Pal\u00e1cio Tiradentes, em Belo Horizonte, protocolo de inten\u00e7\u00f5es com a Azul Linhas A\u00e9reas Brasileiras para a amplia\u00e7\u00e3o da oferta de voos regionais no Estado. A empresa j\u00e1 se prepara para iniciar opera\u00e7\u00e3o em Divin\u00f3polis, no Centro-Oeste, e estudar\u00e1 a amplia\u00e7\u00e3o de sua malha de voos e destinos regionais em Minas.<\/p>\n<p>Para o governador, a expans\u00e3o dos voos e de novos empreendimentos no Estado s\u00e3o resultados de um esfor\u00e7o de anos de planejamento para garantir o desenvolvimento econ\u00f4mico e a moderniza\u00e7\u00e3o da infraestrutura vi\u00e1ria de Minas.<\/p>\n<p>\u201cCom imensa satisfa\u00e7\u00e3o, podemos dizer, com muito orgulho que, ao longo desses 12 anos, a realidade de Minas \u00e9 outra, como consequ\u00eancia de um trabalho desenvolvido por um governo comprometido com o planejamento de curto, m\u00e9dio e longo prazo. Alicer\u00e7ado nisso, programas e a\u00e7\u00f5es com o compromisso de resultados. Nada pode ser mais gratificante e estimulante do que a concretude dos neg\u00f3cios mas, mais do que isso, o reconhecimento pela palavra que nos enche de \u00e2nimo para poder continuar, na certeza de que estamos com o norte certo\u201d, afirmou.<\/p>\n<p><img decoding=\"async\" src=\"http:\/\/aconteceunovale.com.br\/portal\/wp-content\/uploads\/2014\/12\/o-presidente-da-azul-jose-mario-caprioli-dos-santos-a-esquerda.jpg.750x541_q85_upscale.jpg\" alt=\"\" \/><em>O presidente da Azul, Jos\u00e9 M\u00e1rio Caprioli dos Santos, \u00e0 esquerda &#8211; Foto: Gil Leonardi \/ Ag\u00eancia Minas<\/em><br \/>\n<\/br><\/p>\n<p>Segundo o presidente da Holding Azul Linhas A\u00e9reas, Jos\u00e9 M\u00e1rio Caprioli dos Santos, a empresa tamb\u00e9m negocia a implanta\u00e7\u00e3o de um centro de treinamento da Academia de Servi\u00e7os Azul (ASA) no Centro de Tecnologia e Capacita\u00e7\u00e3o Aeroespacial (CTCA), que est\u00e1 sendo constru\u00eddo em Lagoa Santa, na Regi\u00e3o Metropolitana de Belo Horizonte.<\/p>\n<p>\u201cQuero reafirmar o desejo de continuar crescendo em parceria com o Estado de Minas Gerais. De todos os estados da Federa\u00e7\u00e3o, podemos afirmar que foi em Minas onde encontramos o melhor ambiente para desenvolver nossos neg\u00f3cios na rela\u00e7\u00e3o entre o p\u00fablico e o privado. Foi um desenvolvimento constru\u00eddo a quatro m\u00e3os. Gostaria que esse legado constru\u00eddo pelo time que aqui est\u00e1 seja um legado do povo mineiro e que isso tenha continuidade\u201d, destacou.<\/p>\n<p>O Aeroporto de Divin\u00f3polis ser\u00e1 o 11\u00ba servido pela Azul em Minas Gerais. A empresa j\u00e1 atua em Belo Horizonte (Pampulha e Confins), Uberaba, Uberl\u00e2ndia, Montes Claros, Juiz de Fora, Arax\u00e1, Patos de Minas, Governador Valadares e Ipatinga. Atualmente, s\u00e3o 240 pousos e decolagens di\u00e1rios da empresa no Estado. O Aeroporto Internacional Tancredo Neves \u00e9 a segunda maior base em n\u00famero de opera\u00e7\u00f5es e destinos servidos pela Azul, com mais de 70 voos di\u00e1rios.<\/p>\n<h4>Mais rotas para Minas<\/h4>\n<p>A Azul \u00e9 a segunda companhia a\u00e9rea que demonstra interesse em ampliar a oferta de rotas em Minas. No in\u00edcio deste m\u00eas, a Gol Linhas A\u00e9reas firmou protocolo de inten\u00e7\u00f5es para aumentar a oferta de voos em novos mercados regionais, nacionais e internacionais, partindo do Aeroporto Internacional Tancredo Neves. Montes Claros, Uberl\u00e2ndia e Juiz de Fora passar\u00e3o, em um curto espa\u00e7o de tempo, a contar com a oferta de voos regulares para destinos internacionais, como Punta Cana (Rep\u00fablica Dominicana), Buenos Aires e Lisboa, com uma conex\u00e3o direta \u00e0 malha a\u00e9rea internacional.<\/p>\n<p>Da mesma forma, devem ser ampliadas as frequ\u00eancias de voos entre Belo Horizonte e as cidades de Vit\u00f3ria, S\u00e3o Paulo, Salvador e Recife. No mercado dom\u00e9stico, novos voos diretos ser\u00e3o implantados, partindo de Belo Horizonte para Juiz de Fora, Porto Alegre, S\u00e3o Luiz, Caraj\u00e1s, Natal e Macei\u00f3, e partindo de Montes Claros para Salvador e Porto Seguro. Juiz de Fora passar\u00e1 ainda a contar com dois voos di\u00e1rios regulares para Belo Horizonte e prosseguimento, sem troca de aeronave, para o aeroporto de Congonhas (S\u00e3o Paulo).<\/p>\n<p>Para o secret\u00e1rio de Desenvolvimento Econ\u00f4mico, Rog\u00e9rio Nery, o Governo de Minas trabalhou fortemente para a diversifica\u00e7\u00e3o da economia e a atra\u00e7\u00e3o de empresas a\u00e9reas contribuiu para os avan\u00e7os econ\u00f4micos conquistados no Estado.<\/p>\n<p>\u201cQuando a gente avalia os protocolos de inten\u00e7\u00e3o, percebe claramente a diversidade dos investimentos no Estado. Hoje n\u00e3o tem nenhum setor econ\u00f4mico que represente mais do que 15% da nossa for\u00e7a. Isso j\u00e1 chegou a mais de 60% num segmento s\u00f3, que era a minera\u00e7\u00e3o. Aquilo que um dia foi sonho, podemos chegar ao final e dizer que \u00e9 uma realidade\u201d, ressaltou.<\/p>\n<p>O secret\u00e1rio ainda afirmou que o Aeroporto Tancredo Neves ser\u00e1 o terceiro maior aeroporto em fluxo de passageiro e conex\u00e3o do pa\u00eds. \u201cIsso era um sonho porque, quando come\u00e7amos essa constru\u00e7\u00e3o, \u00e9ramos 300 mil passageiros por ano e vamos ultrapassar 11 milh\u00f5es neste ano ou no que vem. Isso \u00e9 resultado de trabalho com empresas como a Azul, que vai dobrar o n\u00famero de voos em Minas, passando de 10 para 20. Seremos o Estado com o maior n\u00famero de voos regionais em todo pa\u00eds. Isso \u00e9 muito bom porque significa dizer que estamos unificando as pessoas, o com\u00e9rcio e a ind\u00fastria com desenvolvimento econ\u00f4mico\u201d, disse.<\/p>\n<h4>De olho no futuro<\/h4>\n<p>As negocia\u00e7\u00f5es envolvendo o Governo de Minas e empresas como a Azul e a Gol est\u00e3o alinhadas com o planejamento estrat\u00e9gico, que vem sendo conduzido pelo Estado desde 2003, visando a consolida\u00e7\u00e3o do Aeroporto Internacional Tancredo Neves como um dos principais hubs de cargas e passageiros nacional e internacional do Brasil. A medida visa oferecer maior conectividade e competitividade para as empresas instaladas em Minas Gerais e maior mobilidade para todos os passageiros que saem ou se destinam ao Estado. A oferta de voos em cidades-polo do Estado tamb\u00e9m \u00e9 uma reivindica\u00e7\u00e3o antiga. <\/p>\n<p><em>(Ag\u00eancia Minas)<\/em><\/p>\n","protected":false},"excerpt":{"rendered":"<p>A Azul Linhas A\u00e9reas come\u00e7a a operar em Divin\u00f3polis e poder\u00e1 ampliar sua malha de destinos no Estado e implantar novo centro de treinamento O governador Alberto Pinto Coelho assinou, nesta quinta-feira (18\/12), no Pal\u00e1cio Tiradentes, em Belo Horizonte, protocolo de inten\u00e7\u00f5es com a Azul Linhas A\u00e9reas Brasileiras para a amplia\u00e7\u00e3o da oferta de voos [&hellip;]<\/p>\n","protected":false},"author":1,"featured_media":48266,"comment_status":"open","ping_status":"closed","sticky":false,"template":"","format":"standard","meta":{"amp_status":"","footnotes":""},"categories":[123],"tags":[27252,27257,1402,1504,27253,194,23885,27258,199,247,27255,201,27256,206,10160,25559,27259,210,27251,214,27254,25251,21177,6531,2382,220,221,9763],"class_list":["post-48265","post","type-post","status-publish","format-standard","has-post-thumbnail","hentry","category-gerais","tag-a-azul-linhas-aereas-comeca-a-operar-em-divinopolis-e-podera-ampliar-sua-malha-de-destinos-no-estado-e-implantar-novo-centro-de-treinamento","tag-academia-de-servicos-azul","tag-alberto-pinto-coelho","tag-araxa","tag-azul-linhas-aereas-comeca-a-operar-em-divinopolis","tag-belo-horizonte","tag-buenos-aires","tag-centro-de-tecnologia-e-capacitacao-aeroespacial","tag-divinopolis","tag-governador-valadares","tag-holding-azul-linhas-aereas","tag-ipatinga","tag-jose-mario-caprioli-dos-santos","tag-juiz-de-fora","tag-lagoa-santa","tag-lisboa","tag-mais-rotas-aereas-para-minas","tag-montes-claros","tag-novos-voos-e-infraestrutura-consolidarao-minas-como-a-maior-malha-viaria-do-pais","tag-patos-de-minas","tag-protocolo-de-intencoes-com-a-azul-linhas-aereas-brasileiras-para-a-ampliacao-da-oferta-de-voos-regionais","tag-punta-cana","tag-recife","tag-salvador","tag-sao-paulo","tag-uberaba","tag-uberlandia","tag-vitoria"],"_links":{"self":[{"href":"https:\/\/aconteceunovale.com.br\/portal\/index.php?rest_route=\/wp\/v2\/posts\/48265","targetHints":{"allow":["GET"]}}],"collection":[{"href":"https:\/\/aconteceunovale.com.br\/portal\/index.php?rest_route=\/wp\/v2\/posts"}],"about":[{"href":"https:\/\/aconteceunovale.com.br\/portal\/index.php?rest_route=\/wp\/v2\/types\/post"}],"author":[{"embeddable":true,"href":"https:\/\/aconteceunovale.com.br\/portal\/index.php?rest_route=\/wp\/v2\/users\/1"}],"replies":[{"embeddable":true,"href":"https:\/\/aconteceunovale.com.br\/portal\/index.php?rest_route=%2Fwp%2Fv2%2Fcomments&post=48265"}],"version-history":[{"count":0,"href":"https:\/\/aconteceunovale.com.br\/portal\/index.php?rest_route=\/wp\/v2\/posts\/48265\/revisions"}],"wp:featuredmedia":[{"embeddable":true,"href":"https:\/\/aconteceunovale.com.br\/portal\/index.php?rest_route=\/wp\/v2\/media\/48266"}],"wp:attachment":[{"href":"https:\/\/aconteceunovale.com.br\/portal\/index.php?rest_route=%2Fwp%2Fv2%2Fmedia&parent=48265"}],"wp:term":[{"taxonomy":"category","embeddable":true,"href":"https:\/\/aconteceunovale.com.br\/portal\/index.php?rest_route=%2Fwp%2Fv2%2Fcategories&post=48265"},{"taxonomy":"post_tag","embeddable":true,"href":"https:\/\/aconteceunovale.com.br\/portal\/index.php?rest_route=%2Fwp%2Fv2%2Ftags&post=48265"}],"curies":[{"name":"wp","href":"https:\/\/api.w.org\/{rel}","templated":true}]}}