{"id":48262,"date":"2014-12-18T20:20:06","date_gmt":"2014-12-18T23:20:06","guid":{"rendered":"http:\/\/aconteceunovale.com.br\/portal\/?p=48262"},"modified":"2014-12-18T20:20:06","modified_gmt":"2014-12-18T23:20:06","slug":"plano-estrategico-de-integracao-do-norte-e-nordeste-de-minas-conclui-relatorio-de-investimentos","status":"publish","type":"post","link":"https:\/\/aconteceunovale.com.br\/portal\/?p=48262","title":{"rendered":"Plano Estrat\u00e9gico de Integra\u00e7\u00e3o do Norte e Nordeste de Minas conclui relat\u00f3rio de investimentos"},"content":{"rendered":"<h4><strong><em>Sedinor reuniu representantes do Governo do Estado, da iniciativa privada e do terceiro setor para contribu\u00edrem com a pr\u00f3xima etapa, ainda a ser desenvolvida<\/em><\/strong><\/h4>\n<p>O Plano Estrat\u00e9gico de Integra\u00e7\u00e3o do Norte e Nordeste de Minas Gerais (PESI-NNE), coordenado pela Secretaria de Estado de Desenvolvimento e Integra\u00e7\u00e3o do Norte e Nordeste de Minas Gerais (Sedinor), teve a sua segunda etapa conclu\u00edda. O chamado \u201cProduto 2\u201d, entregue pela equipe contratada, apresenta o \u201cRelat\u00f3rio de An\u00e1lises de Investimentos\u201d p\u00fablicos, privados e do terceiro setor feitos nas regi\u00f5es pesquisadas.<\/p>\n<p>O documento revela aportes feitos em quatro \u00e1reas tem\u00e1ticas: educa\u00e7\u00e3o, sa\u00fade e servi\u00e7os; ci\u00eancia, tecnologia e informa\u00e7\u00e3o; estrutura produtiva e infraestrutura. O conte\u00fado desta segunda etapa ainda n\u00e3o est\u00e1 dispon\u00edvel para consultas.<\/p>\n<p><img decoding=\"async\" src=\"http:\/\/aconteceunovale.com.br\/portal\/wp-content\/uploads\/2014\/12\/o-secretario-da-sedinor-raimundo-benoni-destacou-a-importancia-do-mapeamento-das-regioes.JPG.750x541_q85_upscale.jpg\" alt=\"\" \/><em>O secret\u00e1rio da Sedinor destacou a import\u00e2ncia do mapeamento das regi\u00f5es &#8211; Foto: Divulga\u00e7\u00e3o\/Sedinor<\/em><br \/>\n<\/br><\/p>\n<h4>Workshop<\/h4>\n<p>Para dar sequ\u00eancia ao plano, a Sedinor organizou o 1\u00ba workshop de elabora\u00e7\u00e3o do PESI-NNE com vistas \u00e0 realiza\u00e7\u00e3o do \u201cProduto 3\u201d, a ser desenvolvido no pr\u00f3ximo governo: o Relat\u00f3rio de An\u00e1lise de Converg\u00eancia dos planos de desenvolvimento existentes para o Norte e Nordeste do Estado.<\/p>\n<p>Participaram representantes das secretarias de Estado de Agricultura, Pecu\u00e1ria e Abastecimento, Fazenda, Cultura, Desenvolvimento Regional Pol\u00edtica Urbana e Gest\u00e3o Metropolitana, Governo, Sa\u00fade, Ci\u00eancia, Tecnologia e Ensino Superior, Meio Ambiente e Desenvolvimento Sustent\u00e1vel e Planejamento e Gest\u00e3o, al\u00e9m de \u00f3rg\u00e3os como Epamig, Funda\u00e7\u00e3o Jo\u00e3o Pinheiro e Instituto de Desenvolvimento Integrado de Minas Gerais (Indi). Pela iniciativa privada, vieram representantes das empresas Novo Nordisk, SAM \u2013 Sul Americana de Metais S\/A e da Terracal \u2013 Alimentos e Bioenergia.<\/p>\n<p>O encontro foi aberto pelo secret\u00e1rio da Sedinor, Raimundo Benoni, que destacou a import\u00e2ncia do plano como ferramenta de pol\u00edtica de Estado. \u201cO mapeamento mostra desigualdades, defici\u00eancias e potencialidades de desenvolvimento dessas regi\u00f5es. Por isso as pol\u00edticas p\u00fablicas da Uni\u00e3o, do Estado e dos munic\u00edpios devem estar alinhadas para produzir o desenvolvimento que o Norte e Nordeste de Minas necessitam\u201d, disse o secret\u00e1rio.<\/p>\n<p>Ap\u00f3s a abertura, os representantes foram divididos em grupos tem\u00e1ticos de discuss\u00e3o com o objetivo de estudar as \u201can\u00e1lises de Swot\u201d reveladas no \u201cProduto 2\u201d, que servir\u00e3o como base para a elabora\u00e7\u00e3o do \u201cProduto 3\u201d.<\/p>\n<h4>Entenda o PESI-NNE<\/h4>\n<p>Lan\u00e7ado pelo governador Alberto Pinto Coelho, em 21 de agosto de 2014, o PESI-NNE tem como objetivo detectar pontos de converg\u00eancia e de conflitos entre os planos de desenvolvimento existentes nas regi\u00f5es Norte e Nordeste de Minas.<\/p>\n<p>A elabora\u00e7\u00e3o do PESI-NNE possibilitar\u00e1 o alinhamento dos investimentos econ\u00f4micos e sociais em execu\u00e7\u00e3o ou que est\u00e3o sendo planejados para o Norte e o Nordeste de Minas.<\/p>\n<p>O PESI-NNE pesquisar\u00e1 168 munic\u00edpios mineiros presentes na \u00e1rea de atua\u00e7\u00e3o da Superintend\u00eancia de Desenvolvimento do Nordeste (Sudene).<\/p>\n<p><em>(Ag\u00eancia Minas)<\/em><\/p>\n","protected":false},"excerpt":{"rendered":"<p>Sedinor reuniu representantes do Governo do Estado, da iniciativa privada e do terceiro setor para contribu\u00edrem com a pr\u00f3xima etapa, ainda a ser desenvolvida O Plano Estrat\u00e9gico de Integra\u00e7\u00e3o do Norte e Nordeste de Minas Gerais (PESI-NNE), coordenado pela Secretaria de Estado de Desenvolvimento e Integra\u00e7\u00e3o do Norte e Nordeste de Minas Gerais (Sedinor), teve [&hellip;]<\/p>\n","protected":false},"author":1,"featured_media":48263,"comment_status":"open","ping_status":"closed","sticky":false,"template":"","format":"standard","meta":{"amp_status":"","footnotes":""},"categories":[123],"tags":[27250,1402,25260,27247,25261,27249,27248],"class_list":["post-48262","post","type-post","status-publish","format-standard","has-post-thumbnail","hentry","category-gerais","tag-1o-workshop-de-elaboracao-do-pesi-nne","tag-alberto-pinto-coelho","tag-pesi-nne","tag-plano-estrategico-de-integracao-do-norte-e-nordeste-de-minas-conclui-relatorio-de-investimentos","tag-plano-estrategico-de-integracao-do-norte-e-nordeste-de-minas-gerais","tag-secretaria-de-estado-de-desenvolvimento-e-integracao-do-norte-e-nordeste-de-minas-gerais","tag-sedinor"],"_links":{"self":[{"href":"https:\/\/aconteceunovale.com.br\/portal\/index.php?rest_route=\/wp\/v2\/posts\/48262","targetHints":{"allow":["GET"]}}],"collection":[{"href":"https:\/\/aconteceunovale.com.br\/portal\/index.php?rest_route=\/wp\/v2\/posts"}],"about":[{"href":"https:\/\/aconteceunovale.com.br\/portal\/index.php?rest_route=\/wp\/v2\/types\/post"}],"author":[{"embeddable":true,"href":"https:\/\/aconteceunovale.com.br\/portal\/index.php?rest_route=\/wp\/v2\/users\/1"}],"replies":[{"embeddable":true,"href":"https:\/\/aconteceunovale.com.br\/portal\/index.php?rest_route=%2Fwp%2Fv2%2Fcomments&post=48262"}],"version-history":[{"count":0,"href":"https:\/\/aconteceunovale.com.br\/portal\/index.php?rest_route=\/wp\/v2\/posts\/48262\/revisions"}],"wp:featuredmedia":[{"embeddable":true,"href":"https:\/\/aconteceunovale.com.br\/portal\/index.php?rest_route=\/wp\/v2\/media\/48263"}],"wp:attachment":[{"href":"https:\/\/aconteceunovale.com.br\/portal\/index.php?rest_route=%2Fwp%2Fv2%2Fmedia&parent=48262"}],"wp:term":[{"taxonomy":"category","embeddable":true,"href":"https:\/\/aconteceunovale.com.br\/portal\/index.php?rest_route=%2Fwp%2Fv2%2Fcategories&post=48262"},{"taxonomy":"post_tag","embeddable":true,"href":"https:\/\/aconteceunovale.com.br\/portal\/index.php?rest_route=%2Fwp%2Fv2%2Ftags&post=48262"}],"curies":[{"name":"wp","href":"https:\/\/api.w.org\/{rel}","templated":true}]}}