{"id":48254,"date":"2014-12-18T20:12:52","date_gmt":"2014-12-18T23:12:52","guid":{"rendered":"http:\/\/aconteceunovale.com.br\/portal\/?p=48254"},"modified":"2014-12-18T20:12:52","modified_gmt":"2014-12-18T23:12:52","slug":"penitenciaria-de-teofilo-otoni-realiza-formatura-de-detentos-do-eja","status":"publish","type":"post","link":"https:\/\/aconteceunovale.com.br\/portal\/?p=48254","title":{"rendered":"Penitenci\u00e1ria de Te\u00f3filo Otoni realiza formatura de detentos do EJA"},"content":{"rendered":"<h4><strong><em>A solenidade, realizada nesta quinta-feira (18), teve apresenta\u00e7\u00e3o musical realizada por presos da penitenci\u00e1ria<\/em><\/strong><\/h4>\n<p>Com becas confeccionadas pelos pr\u00f3prios detentos, na alfaiataria que funciona na penitenci\u00e1ria de Te\u00f3filo Otoni, no Vale do Mucuri, dez detentos participaram da cerim\u00f4nia de formatura no ensino m\u00e9dio na modalidade Educa\u00e7\u00e3o para Jovens e Adultos \u2013 EJA. Os detentos formandos estudaram na Escola Estadual Escola Estadual Rubem Tomich, que funciona dentro da unidade desde 1989. A origem do nome da escola foi em homenagem ao primeiro diretor da penitenci\u00e1ria.<\/p>\n<p><img decoding=\"async\" src=\"http:\/\/aconteceunovale.com.br\/portal\/wp-content\/uploads\/2014\/12\/formandos_penitenciaria_teo_1.jpg\" alt=\"\" \/><em>Os detentos formandos estudaram na Escola Estadual Escola Estadual Rubem Tomich &#8211; Foto: Divulga\u00e7\u00e3o\/Seds<\/em><br \/>\n<\/br><\/p>\n<p>O detento Cleiton Ferreira, de 29 anos, trabalha na horta da unidade e foi um dos formandos do EJA. Ele se mostrou confiante com a nova forma\u00e7\u00e3o. \u201cApesar do pequeno trope\u00e7o que tive na vida, consegui subir mais um degrau na minha forma\u00e7\u00e3o. A penitenci\u00e1ria me deu a oportunidade de estudar e eu abracei; os professores me deram muito apoio para essa caminhada e esse curso vai me ajudar muito quando eu for procurar emprego fora daqui\u201d, disse. O custodiado pretende estudar o curso t\u00e9cnico de radiologia quando se tornar egresso.<\/p>\n<p>De acordo com a pedagoga Deliane Ferraz dos Santos, a aprendizagem \u00e9 de suma import\u00e2ncia na reintegra\u00e7\u00e3o dos apenados \u00e0 sociedade. Ela acredita que a remi\u00e7\u00e3o de pena \u00e9 um dos fatores que mais estimula a aprendizagem dos detentos \u201cOs alunos t\u00eam muita vontade de aprender, e o que mais os estimula \u00e9 a remi\u00e7\u00e3o de pena e o interesse em mudar de vida para reingressar na sociedade\u201d.<\/p>\n<p>Para Deliane, a formatura refor\u00e7a a import\u00e2ncia do ensino para ressocializa\u00e7\u00e3o dos sentenciados. \u201cEssa \u00e9 uma oportunidade \u00fanica para essas pessoas. Com a forma\u00e7\u00e3o no ensino m\u00e9dio, os detentos t\u00eam mais chances de serem reinseridos na sociedade\u201d, afirmou.<\/p>\n<p>Atualmente 50% dos detentos da unidade estudam &#8211; s\u00e3o 150 custodiados matriculados desde a alfabetiza\u00e7\u00e3o at\u00e9 o ensino m\u00e9dio. Al\u00e9m disso, dois detentos cursam o ensino superior a dist\u00e2ncia, um no 3\u00ba per\u00edodo de ci\u00eancias cont\u00e1beis e o outro no 4\u00ba per\u00edodo de administra\u00e7\u00e3o. Esse ano 50 sentenciados foram inscritos no Exame Nacional do Ensino M\u00e9dio (Enem), todos com faixa et\u00e1ria entre 22 e 34 anos.<\/p>\n<p><img decoding=\"async\" src=\"http:\/\/aconteceunovale.com.br\/portal\/wp-content\/uploads\/2014\/12\/formandos_penitenciaria_teo_2.jpg\" alt=\"\" \/><em>A penitenci\u00e1ria promove a ressocializa\u00e7\u00e3o por meio da educa\u00e7\u00e3o e do trabalho &#8211; Foto: Divulga\u00e7\u00e3o\/Seds<\/em><br \/>\n<\/br><\/p>\n<p>A penitenci\u00e1ria promove a ressocializa\u00e7\u00e3o por meio da educa\u00e7\u00e3o e do trabalho, conta com biblioteca atualizada e dentre as atividades ofertadas est\u00e3o oficinas de horticultura, bovinocultura, alfaiataria, artesanato, pomicultura e servi\u00e7os gerais de limpeza e manuten\u00e7\u00e3o. Na escola tamb\u00e9m s\u00e3o promovidos campeonatos de futsal, futebol e peteca, e um coral.<\/p>\n<p>Para o diretor-geral da penitenci\u00e1ria, Ademilson Rodrigues Jardim, as atividades educacionais contribuem de forma significativa para a seguran\u00e7a da unidadee ressocializa\u00e7\u00e3o dos detentos. \u201cA atividade de ensino \u00e9 de extrema import\u00e2ncia para os custodiados e tamb\u00e9m para a unidade. Na escola os detentos aprendem novos valores culturais e morais e aumentam a autoestima ao adquirirem novo saberes. A educa\u00e7\u00e3o faz parte da fun\u00e7\u00e3o social da ressocializa\u00e7\u00e3o\u201d.<\/p>\n<h4>EJA<\/h4>\n<p>A Educa\u00e7\u00e3o de Jovens e Adultos \u2013 EJA \u00e9 uma modalidade da educa\u00e7\u00e3o b\u00e1sica destinada aos jovens e adultos que n\u00e3o tiveram acesso ou n\u00e3o conclu\u00edram os estudos no ensino fundamental e no ensino m\u00e9dio.<\/p>\n<p>Atualmente, cerca de 13 mil detentos trabalham no Estado em atividades de ressocializa\u00e7\u00e3o. As ocupa\u00e7\u00f5es s\u00e3o em segmentos como mec\u00e2nica, serralheria, marcenaria, tornearia, costura e atividades  agropecu\u00e1rias.  As a\u00e7\u00f5es s\u00e3o realizadas por meio de aproximadamente 300 parcerias entre a Secretaria de Defesa Social (Seds) e empresas de Minas.<\/p>\n<p>Al\u00e9m disso, outros 6.500 estudam enquanto cumprem pena no sistema prisional mineiro. Eles representam cerca de 29% do total de presos condenados sob a cust\u00f3dia da Suapi.<\/p>\n<p><img decoding=\"async\" src=\"http:\/\/aconteceunovale.com.br\/portal\/wp-content\/uploads\/2014\/12\/formandos_penitenciaria_teo_3.jpg\" alt=\"\" \/><em>A penitenci\u00e1ria promove a ressocializa\u00e7\u00e3o por meio da educa\u00e7\u00e3o e do trabalho &#8211; Foto: Divulga\u00e7\u00e3o\/Seds<\/em><br \/>\n<\/br><\/p>\n<p><strong><em>(Ag\u00eancia Minas)<\/em><\/strong><\/p>\n","protected":false},"excerpt":{"rendered":"<p>A solenidade, realizada nesta quinta-feira (18), teve apresenta\u00e7\u00e3o musical realizada por presos da penitenci\u00e1ria Com becas confeccionadas pelos pr\u00f3prios detentos, na alfaiataria que funciona na penitenci\u00e1ria de Te\u00f3filo Otoni, no Vale do Mucuri, dez detentos participaram da cerim\u00f4nia de formatura no ensino m\u00e9dio na modalidade Educa\u00e7\u00e3o para Jovens e Adultos \u2013 EJA. Os detentos formandos [&hellip;]<\/p>\n","protected":false},"author":1,"featured_media":48258,"comment_status":"open","ping_status":"closed","sticky":false,"template":"","format":"standard","meta":{"amp_status":"","footnotes":""},"categories":[122],"tags":[27239,27237,27238,27233,27235,27236,27234,27232,164],"class_list":["post-48254","post","type-post","status-publish","format-standard","has-post-thumbnail","hentry","category-mucuri","tag-ademilson-rodrigues-jardim","tag-cleiton-ferreira","tag-deliane-ferraz-dos-santos","tag-detentos-do-eja","tag-educacao-para-jovens-e-adultos","tag-escola-estadual-escola-estadual-rubem-tomich","tag-penitenciaria-de-teofilo-otoni","tag-penitenciaria-de-teofilo-otoni-realiza-formatura-de-detentos-do-eja","tag-teofilo-otoni"],"_links":{"self":[{"href":"https:\/\/aconteceunovale.com.br\/portal\/index.php?rest_route=\/wp\/v2\/posts\/48254","targetHints":{"allow":["GET"]}}],"collection":[{"href":"https:\/\/aconteceunovale.com.br\/portal\/index.php?rest_route=\/wp\/v2\/posts"}],"about":[{"href":"https:\/\/aconteceunovale.com.br\/portal\/index.php?rest_route=\/wp\/v2\/types\/post"}],"author":[{"embeddable":true,"href":"https:\/\/aconteceunovale.com.br\/portal\/index.php?rest_route=\/wp\/v2\/users\/1"}],"replies":[{"embeddable":true,"href":"https:\/\/aconteceunovale.com.br\/portal\/index.php?rest_route=%2Fwp%2Fv2%2Fcomments&post=48254"}],"version-history":[{"count":0,"href":"https:\/\/aconteceunovale.com.br\/portal\/index.php?rest_route=\/wp\/v2\/posts\/48254\/revisions"}],"wp:featuredmedia":[{"embeddable":true,"href":"https:\/\/aconteceunovale.com.br\/portal\/index.php?rest_route=\/wp\/v2\/media\/48258"}],"wp:attachment":[{"href":"https:\/\/aconteceunovale.com.br\/portal\/index.php?rest_route=%2Fwp%2Fv2%2Fmedia&parent=48254"}],"wp:term":[{"taxonomy":"category","embeddable":true,"href":"https:\/\/aconteceunovale.com.br\/portal\/index.php?rest_route=%2Fwp%2Fv2%2Fcategories&post=48254"},{"taxonomy":"post_tag","embeddable":true,"href":"https:\/\/aconteceunovale.com.br\/portal\/index.php?rest_route=%2Fwp%2Fv2%2Ftags&post=48254"}],"curies":[{"name":"wp","href":"https:\/\/api.w.org\/{rel}","templated":true}]}}