{"id":48252,"date":"2014-12-18T20:07:38","date_gmt":"2014-12-18T23:07:38","guid":{"rendered":"http:\/\/aconteceunovale.com.br\/portal\/?p=48252"},"modified":"2014-12-18T20:07:38","modified_gmt":"2014-12-18T23:07:38","slug":"sarau-reune-poesia-musica-e-danca-em-penitenciaria-de-ipaba","status":"publish","type":"post","link":"https:\/\/aconteceunovale.com.br\/portal\/?p=48252","title":{"rendered":"Sarau re\u00fane poesia, m\u00fasica e dan\u00e7a em penitenci\u00e1ria de Ipaba"},"content":{"rendered":"<h4><strong><em>A primeira edi\u00e7\u00e3o do Sarau livre \u201cVida e Liberdade\u201d foi realizado na tarde desta quinta-feira (12), na Penitenci\u00e1ria D\u00eanio Moreira de Carvalho<\/em><\/strong><\/h4>\n<p>Um audit\u00f3rio repleto de olhos atentos e um palco iluminado por lumin\u00e1rias artesanais. Bandeirolas, cores, sons e um varal de poesias. Vinte e tr\u00eas poemas declamados entre uma apresenta\u00e7\u00e3o musical e outra. Este foi o cen\u00e1rio da primeira edi\u00e7\u00e3o do Sarau livre \u201cVida e Liberdade\u201d, realizado na tarde desta quinta-feira (18\/12), na Penitenci\u00e1ria D\u00eanio Moreira de Carvalho, em Ipaba, regi\u00e3o do Rio Doce.<\/p>\n<p>No palco, os artistas eram internos da unidade prisional que, ao longo do semestre, se dedicaram \u00e0s oficinas culturais conduzidas pelo m\u00fasico Mateus Soares Malaquias e pelo rapper mineiro Peterson Rodrigues, conhecido como Pets Killaone. Foram doze oficinas e muita for\u00e7a de vontade dos detentos para aprender t\u00e9cnicas de cria\u00e7\u00e3o, rimas e desenvolvimento de poesias, bem como aulas pr\u00e1ticas de instrumentos musicais. O resultado das oficinas encheu de alegria todos os envolvidos no projeto: muita emo\u00e7\u00e3o e a certeza de que a arte \u00e9 capaz de transformar.<\/p>\n<p>O sarau \u00e9 a consequ\u00eancia de um projeto articulado entre a unidade prisional, t\u00e9cnicos do Programa de Inclus\u00e3o Social de Egressos do Sistema Prisional (PrEsp), da Secretaria de Estado de Defesa Social, e o projeto \u201cA Rua Declama\u201d, de Pets Killaone. Para Francislaine Sampaio, gestora social do PrEsp, que acompanhou todo o trabalho realizado durante as oficinas, o sarau superou as expectativas. \u201cForam 23 poesias autorais declamadas e um envolvimento muito grande por parte dos detentos. A ideia foi criar alternativas diante de um contexto de habilidades que eles n\u00e3o estavam habituados\u201d, disse. Para Francislaine este foi um evento que possibilitou aos expectadores ter outro olhar sobre os internos, que n\u00e3o fosse o rotulado e estigmatizado.<\/p>\n<p>O professor de m\u00fasica e facilitador do projeto, Mateus Malaquias, captou as habilidades dos detentos, aproveitando os talentos j\u00e1 demonstrados e os ensinou algumas t\u00e9cnicas instrumentais. O resultado foi um show musical que emocionou a todos. O projeto foi abra\u00e7ado tamb\u00e9m pelo reconhecido rapper Pets Killaone, que trabalha h\u00e1 dez anos com express\u00e3o art\u00edstica urbana, demonstrada por meio do rap, dos poemas e da dan\u00e7a. Killaone \u00e9 idealizador do projeto \u201cA Rua Declama\u201d, que est\u00e1 dispon\u00edvel em seu canal no site youtube e representa a exposi\u00e7\u00e3o do grito que vem das ruas, da periferia, entoado em forma de poesias e suas m\u00e9tricas.<\/p>\n<p>Com tantos interessados pelas oficinas, a ideia em se produzir um sarau livre surgiu pela necessidade de se destinar espa\u00e7o para as mais diferentes demonstra\u00e7\u00f5es art\u00edsticas: a m\u00fasica, a poesia, a dan\u00e7a e o canto. E o evento possibilitou tudo isso. Quem n\u00e3o escreveu uma poesia, mas teve vontade de ler um poema, recolheu um dos versos do varal e declamou. Quem sabia dan\u00e7ar, dan\u00e7ou. Os que sabiam cantar, assim o fizeram.<\/p>\n<p>Para Killaone o resultado do sarau foi surpreendente. \u201cQuando as oficinas come\u00e7aram os detentos n\u00e3o sabiam se expressar sem serem t\u00e3o expl\u00edcitos. Os ensinei a escrever poesia sem serem t\u00e3o agressivos. Ensinei t\u00e9cnicas de rima, composi\u00e7\u00e3o de estrofes e versos. Eles estavam dispostos a aprender e encontraram nesta oportunidade a possibilidade da mudan\u00e7a, da reflex\u00e3o e do autoconhecimento, deixando aflorar o talento que cada um tem dentro de si\u201d, disse o rapper.<\/p>\n<p>A li\u00e7\u00e3o foi aprendida e o resultado foi um sarau repleto de poesias que retratam a liberdade, as mazelas da vida cotidiana, a pol\u00edtica, o arrependimento, o perd\u00e3o e o desejo de uma vida nova. E foi por meio do poema \u201cCaminho da Liberdade\u201d que o detento Francislan Pires da Mata expressou o seu sentimento. Nas \u00faltimas estrofes do seu poema ele escreveu: \u201cMas quem \u00e9 aquele que saiu da f\u00e1brica de monstros? Mudados podemos falar, sou algu\u00e9m e estou pronto. Com a minha fam\u00edlia ganhei n\u00e3o dez, mas mil pontos. De carteira assinada me orgulho e conto. Estou mudado, regenerado. A\u00ed mund\u00e3o eu, algu\u00e9m estou pronto! Gra\u00e7as a Deus hoje me orgulho e conto. Hoje sou cidad\u00e3o, n\u00e3o monstro\u201d.<\/p>\n<p>A primeira edi\u00e7\u00e3o do sarau livre resultou em muitas satisfa\u00e7\u00f5es e a principal delas foi a certeza de que a arte \u00e9 um dos caminhos para o resgate da dignidade. Participaram do evento artistas da regi\u00e3o, t\u00e9cnicos do PrEsp, facilitadores das oficinas culturais e convidados da Penitenci\u00e1ria D\u00eanio Moreira de Carvalho.<\/p>\n<h4>Sobre o PrEsp<\/h4>\n<p>O Programa de Inclus\u00e3o Social do Egresso do Sistema Prisional &#8211; PrEsp \u00e9 um programa da Pol\u00edtica de Preven\u00e7\u00e3o Social \u00e0 Criminalidade desenvolvido pela Secretaria do Estado de Defesa Social  (SEDS) por meio da Coordenadoria Especial de Preven\u00e7\u00e3o \u00e0 Criminalidade (CPEC) que visa favorecer o acesso a direitos e promover condi\u00e7\u00f5es para a inclus\u00e3o social de egressos e egressas do sistema prisional, minimizando as vulnerabilidades relacionadas a processos de criminaliza\u00e7\u00e3o agravadas pelo aprisionamento.<\/p>\n<p><strong><em>(Ag\u00eancia Minas)<\/em><\/strong><\/p>\n","protected":false},"excerpt":{"rendered":"<p>A primeira edi\u00e7\u00e3o do Sarau livre \u201cVida e Liberdade\u201d foi realizado na tarde desta quinta-feira (12), na Penitenci\u00e1ria D\u00eanio Moreira de Carvalho Um audit\u00f3rio repleto de olhos atentos e um palco iluminado por lumin\u00e1rias artesanais. Bandeirolas, cores, sons e um varal de poesias. Vinte e tr\u00eas poemas declamados entre uma apresenta\u00e7\u00e3o musical e outra. Este [&hellip;]<\/p>\n","protected":false},"author":1,"featured_media":47298,"comment_status":"open","ping_status":"closed","sticky":false,"template":"","format":"standard","meta":{"amp_status":"","footnotes":""},"categories":[121],"tags":[2234,27225,27227,27230,27231,27228,27229,27226,27224],"class_list":["post-48252","post","type-post","status-publish","format-standard","has-post-thumbnail","hentry","category-leste","tag-ipaba","tag-penitenciaria-de-ipaba","tag-penitenciaria-denio-moreira-de-carvalho","tag-peterson-rodrigues","tag-pets-killaone","tag-presp","tag-programa-de-inclusao-social-do-egresso-do-sistema-prisional","tag-sarau-livre-vida-e-liberdade","tag-sarau-reune-poesia-musica-e-danca-em-penitenciaria-de-ipaba"],"_links":{"self":[{"href":"https:\/\/aconteceunovale.com.br\/portal\/index.php?rest_route=\/wp\/v2\/posts\/48252","targetHints":{"allow":["GET"]}}],"collection":[{"href":"https:\/\/aconteceunovale.com.br\/portal\/index.php?rest_route=\/wp\/v2\/posts"}],"about":[{"href":"https:\/\/aconteceunovale.com.br\/portal\/index.php?rest_route=\/wp\/v2\/types\/post"}],"author":[{"embeddable":true,"href":"https:\/\/aconteceunovale.com.br\/portal\/index.php?rest_route=\/wp\/v2\/users\/1"}],"replies":[{"embeddable":true,"href":"https:\/\/aconteceunovale.com.br\/portal\/index.php?rest_route=%2Fwp%2Fv2%2Fcomments&post=48252"}],"version-history":[{"count":0,"href":"https:\/\/aconteceunovale.com.br\/portal\/index.php?rest_route=\/wp\/v2\/posts\/48252\/revisions"}],"wp:featuredmedia":[{"embeddable":true,"href":"https:\/\/aconteceunovale.com.br\/portal\/index.php?rest_route=\/wp\/v2\/media\/47298"}],"wp:attachment":[{"href":"https:\/\/aconteceunovale.com.br\/portal\/index.php?rest_route=%2Fwp%2Fv2%2Fmedia&parent=48252"}],"wp:term":[{"taxonomy":"category","embeddable":true,"href":"https:\/\/aconteceunovale.com.br\/portal\/index.php?rest_route=%2Fwp%2Fv2%2Fcategories&post=48252"},{"taxonomy":"post_tag","embeddable":true,"href":"https:\/\/aconteceunovale.com.br\/portal\/index.php?rest_route=%2Fwp%2Fv2%2Ftags&post=48252"}],"curies":[{"name":"wp","href":"https:\/\/api.w.org\/{rel}","templated":true}]}}