{"id":48237,"date":"2014-12-18T19:52:02","date_gmt":"2014-12-18T22:52:02","guid":{"rendered":"http:\/\/aconteceunovale.com.br\/portal\/?p=48237"},"modified":"2014-12-18T19:52:02","modified_gmt":"2014-12-18T22:52:02","slug":"coca-cola-investe-r-14-milhao-em-virgem-da-lapa-varzelandia-e-pedras-da-maria-da-cruz","status":"publish","type":"post","link":"https:\/\/aconteceunovale.com.br\/portal\/?p=48237","title":{"rendered":"Coca-Cola investe R$ 1,4 milh\u00e3o em Virgem da Lapa, Varzel\u00e2ndia e Pedras da Maria da Cruz"},"content":{"rendered":"<h4><strong><em>A iniciativa, que j\u00e1 atende cerca de 5 mil pessoas por dia, por meio das tr\u00eas m\u00e1quinas potabilizadoras fixas instaladas, passar\u00e1 a atender cerca de 20 mil do Norte de Minas<\/em><\/strong><\/h4>\n<p>A Defesa Civil de Minas Gerais realizou, nesta quinta-feira (18\/12), na Cidade Administrativa, evento para oficializar a entrega de tr\u00eas caminh\u00f5es-pipa, 120 cisternas e tr\u00eas caixas d&#8217;\u00e1gua aos prefeitos das cidades de Pedras da Maria da Cruz, Virgem da Lapa e Varzel\u00e2ndia. A doa\u00e7\u00e3o de equipamentos foi viabilizada por meio do investimento de R$ 1,4 milh\u00e3o da Coca-Cola FEMSA Brasil na amplia\u00e7\u00e3o do &#8220;Programa \u00c1gua &#8211; Plantas Potabilizadoras&#8221;. A iniciativa busca beneficiar a popula\u00e7\u00e3o sem acesso a \u00e1gua para o consumo humano com a disponibiliza\u00e7\u00e3o de \u00e1gua pot\u00e1vel \u00e0s comunidades atingidas por cat\u00e1strofes ambientais e pelos per\u00edodos de seca.<\/p>\n<p><img decoding=\"async\" src=\"http:\/\/aconteceunovale.com.br\/portal\/wp-content\/uploads\/2014\/12\/investimento_coca_1.jpg\" alt=\"\" \/><em>Equipamentos foram entregues aos prefeitos das tr\u00eas cidades &#8211; Foto: Osvaldo Afonso\/Ag\u00eancia Minas<\/em><br \/>\n<\/br><\/p>\n<p>O investimento da empresa incluiu, tamb\u00e9m, a doa\u00e7\u00e3o de duas plantas potabilizadoras m\u00f3veis e tr\u00eas plantas fixas que transformam \u00e1gua impr\u00f3pria para consumo em pot\u00e1vel, e, ainda, capacita\u00e7\u00f5es que foram concedidas \u00e0 Defesa Civil e aos munic\u00edpios contemplados pelo programa. A a\u00e7\u00e3o, que j\u00e1 atende cerca de 5 mil pessoas por dia, por meio das tr\u00eas m\u00e1quinas potabilizadoras fixas instaladas, passar\u00e1 a atender cerca de 20 mil do Norte de Minas.<\/p>\n<p>De acordo com o chefe do Gabinete Militar do Governador e Coordenador Estadual de Defesa, coronel Alex de Melo, esta iniciativa \u00e9 uma forma de amenizar o sofrimento das fam\u00edlias e oferecer o b\u00e1sico &#8211; \u00e1gua tratada. Muitas dessas fam\u00edlias, lembrou o coronel, &#8220;em locais que s\u00e3o fruto da constru\u00e7\u00e3o historicamente desordenada dos munic\u00edpios, onde faltava o b\u00e1sico. Com esta maquina, a popula\u00e7\u00e3o, principalmente crian\u00e7as e idosos, n\u00e3o dever\u00e3o mais sofrer com problemas gastrointestinais. As crian\u00e7as ter\u00e3o, inclusive, um desenvolvimento f\u00edsico e neurol\u00f3gico melhor&#8221;, ressaltou.<\/p>\n<p>O vice-presidente Jur\u00eddico e de Assuntos Corporativos da Coca-Cola FEMSA Brasil, Eduardo Lacerda, afirmou que &#8220;o programa j\u00e1 funciona como um grande aux\u00edlio para as comunidades que n\u00e3o t\u00eam acesso a esse recurso t\u00e3o essencial para a vida humana. Agora, com a doa\u00e7\u00e3o desses novos equipamentos, a \u00e1gua poder\u00e1 chegar a um n\u00famero maior de pessoas\u201d.<\/p>\n<p>Segundo informa\u00e7\u00f5es de relat\u00f3rio realizado pela secretaria municipal de Sa\u00fade nas comunidades de Lagoinha I e II em Varzel\u00e2ndia, onde foi instalada uma das m\u00e1quinas potabilizadoras fixas, houve redu\u00e7\u00e3o de 83% dos casos de patologias causadas pelo consumo de \u00e1gua n\u00e3o-pot\u00e1vel. \u201cA iniciativa possibilita uma grande melhoria da qualidade de vida e sa\u00fade de pessoas que, por um longo per\u00edodo, foram obrigadas a consumir \u00e1gua impr\u00f3pria\u201d, declarou Lacerda. <\/p>\n<p><img decoding=\"async\" src=\"http:\/\/aconteceunovale.com.br\/portal\/wp-content\/uploads\/2014\/12\/investimento_coca_2.jpg\" alt=\"\" \/><em>Equipamentos foram entregues aos prefeitos das tr\u00eas cidades &#8211; Foto: Osvaldo Afonso\/Ag\u00eancia Minas<\/em><br \/>\n<\/br><\/p>\n<p><img decoding=\"async\" src=\"http:\/\/aconteceunovale.com.br\/portal\/wp-content\/uploads\/2014\/12\/investimento_coca_3.jpg\" alt=\"\" \/><em>Equipamentos foram entregues aos prefeitos das tr\u00eas cidades &#8211; Foto: Osvaldo Afonso\/Ag\u00eancia Minas<\/em><br \/>\n<\/br><\/p>\n<p><img decoding=\"async\" src=\"http:\/\/aconteceunovale.com.br\/portal\/wp-content\/uploads\/2014\/12\/investimento_coca_4.jpg\" alt=\"\" \/><em>Equipamentos foram entregues aos prefeitos das tr\u00eas cidades &#8211; Foto: Osvaldo Afonso\/Ag\u00eancia Minas<\/em><br \/>\n<\/br><\/p>\n<p><img decoding=\"async\" src=\"http:\/\/aconteceunovale.com.br\/portal\/wp-content\/uploads\/2014\/12\/investimento_coca_5.jpg\" alt=\"\" \/><em>Equipamentos foram entregues aos prefeitos das tr\u00eas cidades &#8211; Foto: Osvaldo Afonso\/Ag\u00eancia Minas<\/em><br \/>\n<\/br><\/p>\n<p><img decoding=\"async\" src=\"http:\/\/aconteceunovale.com.br\/portal\/wp-content\/uploads\/2014\/12\/investimento_coca_6.jpg\" alt=\"\" \/><em>Equipamentos foram entregues aos prefeitos das tr\u00eas cidades &#8211; Foto: Osvaldo Afonso\/Ag\u00eancia Minas<\/em><br \/>\n<\/br><\/p>\n<p><img decoding=\"async\" src=\"http:\/\/aconteceunovale.com.br\/portal\/wp-content\/uploads\/2014\/12\/investimento_coca_7.jpg\" alt=\"\" \/><em>Equipamentos foram entregues aos prefeitos das tr\u00eas cidades &#8211; Foto: Osvaldo Afonso\/Ag\u00eancia Minas<\/em><br \/>\n<\/br><\/p>\n<p><img decoding=\"async\" src=\"http:\/\/aconteceunovale.com.br\/portal\/wp-content\/uploads\/2014\/12\/investimento_coca_8.jpg\" alt=\"\" \/><em>Equipamentos foram entregues aos prefeitos das tr\u00eas cidades &#8211; Foto: Osvaldo Afonso\/Ag\u00eancia Minas<\/em><br \/>\n<\/br><\/p>\n<p><img decoding=\"async\" src=\"http:\/\/aconteceunovale.com.br\/portal\/wp-content\/uploads\/2014\/12\/investimento_coca_9.jpg\" alt=\"\" \/><em>Equipamentos foram entregues aos prefeitos das tr\u00eas cidades &#8211; Foto: Osvaldo Afonso\/Ag\u00eancia Minas<\/em><br \/>\n<\/br><\/p>\n<p><strong><em>(Ag\u00eancia Minas)<\/em><\/strong><\/p>\n","protected":false},"excerpt":{"rendered":"<p>A iniciativa, que j\u00e1 atende cerca de 5 mil pessoas por dia, por meio das tr\u00eas m\u00e1quinas potabilizadoras fixas instaladas, passar\u00e1 a atender cerca de 20 mil do Norte de Minas A Defesa Civil de Minas Gerais realizou, nesta quinta-feira (18\/12), na Cidade Administrativa, evento para oficializar a entrega de tr\u00eas caminh\u00f5es-pipa, 120 cisternas e [&hellip;]<\/p>\n","protected":false},"author":1,"featured_media":48238,"comment_status":"open","ping_status":"closed","sticky":false,"template":"","format":"standard","meta":{"amp_status":"","footnotes":""},"categories":[123],"tags":[27215,27213,27217,27212,27210,1018,27216,27211,27214,1713,482],"class_list":["post-48237","post","type-post","status-publish","format-standard","has-post-thumbnail","hentry","category-gerais","tag-alex-de-melo","tag-coca-cola-femsa-brasil","tag-coca-cola-investe-r-1-4-milhao-em-virgem-da-lapa-varzelandia-e-pedras-da-maria-da-cruz","tag-coca-cola-investe-virgem-da-lapa-varzelandia-e-pedras-da-maria-da-cruz","tag-defesa-civil-e-coca-cola-femsa-entregam-equipamentos-para-garantir-acesso-a-agua-potavel","tag-destaque","tag-eduardo-lacerda","tag-pedras-da-maria-da-cruz","tag-programa-agua-plantas-potabilizadoras","tag-varzelandia","tag-virgem-da-lapa"],"_links":{"self":[{"href":"https:\/\/aconteceunovale.com.br\/portal\/index.php?rest_route=\/wp\/v2\/posts\/48237","targetHints":{"allow":["GET"]}}],"collection":[{"href":"https:\/\/aconteceunovale.com.br\/portal\/index.php?rest_route=\/wp\/v2\/posts"}],"about":[{"href":"https:\/\/aconteceunovale.com.br\/portal\/index.php?rest_route=\/wp\/v2\/types\/post"}],"author":[{"embeddable":true,"href":"https:\/\/aconteceunovale.com.br\/portal\/index.php?rest_route=\/wp\/v2\/users\/1"}],"replies":[{"embeddable":true,"href":"https:\/\/aconteceunovale.com.br\/portal\/index.php?rest_route=%2Fwp%2Fv2%2Fcomments&post=48237"}],"version-history":[{"count":0,"href":"https:\/\/aconteceunovale.com.br\/portal\/index.php?rest_route=\/wp\/v2\/posts\/48237\/revisions"}],"wp:featuredmedia":[{"embeddable":true,"href":"https:\/\/aconteceunovale.com.br\/portal\/index.php?rest_route=\/wp\/v2\/media\/48238"}],"wp:attachment":[{"href":"https:\/\/aconteceunovale.com.br\/portal\/index.php?rest_route=%2Fwp%2Fv2%2Fmedia&parent=48237"}],"wp:term":[{"taxonomy":"category","embeddable":true,"href":"https:\/\/aconteceunovale.com.br\/portal\/index.php?rest_route=%2Fwp%2Fv2%2Fcategories&post=48237"},{"taxonomy":"post_tag","embeddable":true,"href":"https:\/\/aconteceunovale.com.br\/portal\/index.php?rest_route=%2Fwp%2Fv2%2Ftags&post=48237"}],"curies":[{"name":"wp","href":"https:\/\/api.w.org\/{rel}","templated":true}]}}