{"id":48234,"date":"2014-12-18T19:41:18","date_gmt":"2014-12-18T22:41:18","guid":{"rendered":"http:\/\/aconteceunovale.com.br\/portal\/?p=48234"},"modified":"2014-12-18T19:41:18","modified_gmt":"2014-12-18T22:41:18","slug":"governo-de-minas-firma-acordos-para-incentivar-melhoria-da-qualidade-do-cafe","status":"publish","type":"post","link":"https:\/\/aconteceunovale.com.br\/portal\/?p=48234","title":{"rendered":"Governo de Minas firma acordos para incentivar melhoria da qualidade do caf\u00e9"},"content":{"rendered":"<h4><strong><em>Coopera\u00e7\u00e3o t\u00e9cnica e investimentos no Leste e no Sul do estado s\u00e3o algumas das iniciativas para agregar valor \u00e0 produ\u00e7\u00e3o mineira<\/em><\/strong><\/h4>\n<p>Minas, o principal produtor de caf\u00e9 do Brasil, passar\u00e1 a contar com uma s\u00e9rie de iniciativas voltadas para a melhoria da qualidade e a amplia\u00e7\u00e3o da comercializa\u00e7\u00e3o de caf\u00e9s especiais, tanto no Leste quanto no Sul de Minas. Esta semana, foi firmado um Acordo de Coopera\u00e7\u00e3o T\u00e9cnica entre as Secretarias de Estado de Desenvolvimento Econ\u00f4mico (SEDE) e de Agricultura Pecu\u00e1ria e Abastecimento (SEAPA), com a colabora\u00e7\u00e3o da Emater (Empresa de Assist\u00eancia T\u00e9cnica e Extens\u00e3o Rural do Estado de Minas Gerais), para capacitar representantes de entidades regionais ligadas \u00e0 Associa\u00e7\u00e3o das Matas de Minas, na regi\u00e3o Leste.<\/p>\n<p>O treinamento abrange desde o envio de amostras, comercializa\u00e7\u00e3o direta do caf\u00e9 e cota\u00e7\u00e3o de pre\u00e7os no mercado internacional at\u00e9 o desenvolvimento de estrat\u00e9gias de benchmarking para os produtores.<\/p>\n<p><img decoding=\"async\" src=\"http:\/\/aconteceunovale.com.br\/portal\/wp-content\/uploads\/2014\/12\/o-secretario-rogerio-nery-sede-a-esq-e-antonio-gama-da-seapa-centro.jpg.750x541_q85_upscale.jpg\" alt=\"\" \/><em>O secret\u00e1rio Rog\u00e9rio Nery (\u00e0 esq.) e Ant\u00f4nio Gama, da Seapa (centro) &#8211; Foto: Leonardo Horta\/Ascom SEDE<\/em><br \/>\n<\/br><\/p>\n<p>As empresas interessadas na internacionaliza\u00e7\u00e3o de suas atividades ter\u00e3o ainda o suporte da Exportaminas, para receberem orienta\u00e7\u00f5es sobre as principais demandas do mercado internacional. Para o secret\u00e1rio de Estado de Desenvolvimento Econ\u00f4mico, Rog\u00e9rio Nery, a iniciativa \u00e9 de extrema import\u00e2ncia e revela os esfor\u00e7os do Governo do Estado em torno da articula\u00e7\u00e3o necess\u00e1ria a fim de ampliar a competitividade do setor. \u201cO Estado n\u00e3o mede esfor\u00e7os para viabilizar iniciativas que melhorem os diferentes setores da economia, como o agroneg\u00f3cio\u201d, refor\u00e7a.<\/p>\n<p>Situada no leste do Estado, a Regi\u00e3o das Matas de Minas \u00e9 composta por 63 munic\u00edpios diretamente ligados \u00e0 produ\u00e7\u00e3o de caf\u00e9s especiais. A \u00e1rea \u00e9 composta por cerca de 36 mil produtores de caf\u00e9, que geram mais de 230 mil empregos diretos e indiretos. A expectativa \u00e9 que seja feito um mapeamento das principais demandas do setor na regi\u00e3o, com a cria\u00e7\u00e3o de uma agenda para o ano de 2015. \u201cO acordo nos permitir\u00e1 ter a\u00e7\u00f5es mais planejadas e articuladas na Regi\u00e3o das Matas de Minas. Essa capilaridade nos ajudar\u00e1 a melhorar e atuar de forma mais eficaz na regi\u00e3o\u201d, afirma a coordenadora da Exportaminas, Fernanda Cimini.<\/p>\n<h4>Caf\u00e9 reconhecido internacionalmente<\/h4>\n<p>O presidente da Associa\u00e7\u00e3o das Matas de Minas, Eduardo Ribeiro, destacou a import\u00e2ncia do caf\u00e9 da regi\u00e3o, premiado nacionalmente. O produto tem sido comercializado n\u00e3o s\u00f3 no mercado interno, como tamb\u00e9m cotado a ser exportado para pa\u00edses da Europa e \u00c1sia, que nos \u00faltimos anos tem aumentado o consumo do caf\u00e9 brasileiro. \u201cPara n\u00f3s da regi\u00e3o, \u00e9 muito importante essa articula\u00e7\u00e3o. Vemos que a uni\u00e3o entre cafeicultores, associa\u00e7\u00e3o e governo d\u00e1 resultado. Agora esperamos que, a partir desse termo, possamos desenvolver outras inciativas em prol do caf\u00e9s produzidos nas Matas de Minas\u201d, acredita.<\/p>\n<p>O subsecret\u00e1rio do Agroneg\u00f3cio da Seapa, Antonio Gama, juntamente com o secretario Rog\u00e9rio Nery, tamb\u00e9m debateu a import\u00e2ncia do desenvolvimento do turismo na regi\u00e3o, tendo como foco a ind\u00fastria do caf\u00e9, com destaque para o caf\u00e9 especial. \u201cAs Matas de Minas t\u00eam caf\u00e9s com qualidade reconhecida. Agora temos que pensar na melhoria de toda regi\u00e3o por meio da explora\u00e7\u00e3o do potencial tur\u00edstico e a gera\u00e7\u00e3o de empregos de qualidade, que trar\u00e1 riqueza e dinamizar\u00e1 as Matas de Minas\u201d, acredita. <\/p>\n<h4>Novos investimentos no Sul de Minas<\/h4>\n<p>Tamb\u00e9m esta, semana a Secretaria de Estado de Desenvolvimento Econ\u00f4mico (SEDE), por meio do Instituto de Desenvolvimento Integrado de Minas Gerais (INDI), assinou protocolo de inten\u00e7\u00e3o junto \u00e0 Cooperativa Regional de Cafeicultores em Guaxup\u00e9 (Cooxup\u00e9), que prev\u00ea investimentos de R$ 15,8 milh\u00f5es na implanta\u00e7\u00e3o de uma unidade industrial de torrefa\u00e7\u00e3o de caf\u00e9 no munic\u00edpio de Guaxup\u00e9, no Sul de Minas.<\/p>\n<p>A expectativa \u00e9 de que com o investimento, a torrefa\u00e7\u00e3o realizada pela cooperativa, que hoje est\u00e1 em torno de 300 mil quilos por m\u00eas, passe para cerca de 500 mil quilos. A cooperativa mant\u00e9m o foco na produ\u00e7\u00e3o para o consumo interno de caf\u00e9, mas tem ampliado a produ\u00e7\u00e3o de caf\u00e9s especiais, que j\u00e1 conquistaram o paladar dos asi\u00e1ticos e europeus.<\/p>\n<p>A Cooxup\u00e9 conta hoje com mais de 12 mil cooperados, sendo 84% deles pequenos produtores de mais de 200 munic\u00edpios. \u201cReunimos a maior e melhor produ\u00e7\u00e3o de caf\u00e9 do Estado, portanto esse investimento ser\u00e1 bom n\u00e3o s\u00f3 para a Cooxup\u00e9 mas para todo o Estado\u201d, afirma o diretor-presidente da Cooxup\u00e9, Carlos Alberto Paulino.<\/p>\n<p><em>(Ag\u00eancia Minas)<\/em><\/p>\n","protected":false},"excerpt":{"rendered":"<p>Coopera\u00e7\u00e3o t\u00e9cnica e investimentos no Leste e no Sul do estado s\u00e3o algumas das iniciativas para agregar valor \u00e0 produ\u00e7\u00e3o mineira Minas, o principal produtor de caf\u00e9 do Brasil, passar\u00e1 a contar com uma s\u00e9rie de iniciativas voltadas para a melhoria da qualidade e a amplia\u00e7\u00e3o da comercializa\u00e7\u00e3o de caf\u00e9s especiais, tanto no Leste quanto [&hellip;]<\/p>\n","protected":false},"author":1,"featured_media":48235,"comment_status":"open","ping_status":"closed","sticky":false,"template":"","format":"standard","meta":{"amp_status":"","footnotes":""},"categories":[123],"tags":[27202,27200,27209,27207,27208,27206,27204,27199,959,27201,27203,27205],"class_list":["post-48234","post","type-post","status-publish","format-standard","has-post-thumbnail","hentry","category-gerais","tag-cafe-do-brasil","tag-cafe-reconhecido-internacionalmente","tag-carlos-alberto-paulino","tag-cooperativa-regional-de-cafeicultores-em-guaxupe","tag-cooxupe","tag-eduardo-ribeiro","tag-exportaminas","tag-governo-de-minas-firma-acordos-para-incentivar-melhoria-da-qualidade-do-cafe","tag-guaxupe","tag-novos-investimentos-no-sul-de-minas","tag-principal-produtor-de-cafe-do-brasil","tag-rogerio-nery"],"_links":{"self":[{"href":"https:\/\/aconteceunovale.com.br\/portal\/index.php?rest_route=\/wp\/v2\/posts\/48234","targetHints":{"allow":["GET"]}}],"collection":[{"href":"https:\/\/aconteceunovale.com.br\/portal\/index.php?rest_route=\/wp\/v2\/posts"}],"about":[{"href":"https:\/\/aconteceunovale.com.br\/portal\/index.php?rest_route=\/wp\/v2\/types\/post"}],"author":[{"embeddable":true,"href":"https:\/\/aconteceunovale.com.br\/portal\/index.php?rest_route=\/wp\/v2\/users\/1"}],"replies":[{"embeddable":true,"href":"https:\/\/aconteceunovale.com.br\/portal\/index.php?rest_route=%2Fwp%2Fv2%2Fcomments&post=48234"}],"version-history":[{"count":0,"href":"https:\/\/aconteceunovale.com.br\/portal\/index.php?rest_route=\/wp\/v2\/posts\/48234\/revisions"}],"wp:featuredmedia":[{"embeddable":true,"href":"https:\/\/aconteceunovale.com.br\/portal\/index.php?rest_route=\/wp\/v2\/media\/48235"}],"wp:attachment":[{"href":"https:\/\/aconteceunovale.com.br\/portal\/index.php?rest_route=%2Fwp%2Fv2%2Fmedia&parent=48234"}],"wp:term":[{"taxonomy":"category","embeddable":true,"href":"https:\/\/aconteceunovale.com.br\/portal\/index.php?rest_route=%2Fwp%2Fv2%2Fcategories&post=48234"},{"taxonomy":"post_tag","embeddable":true,"href":"https:\/\/aconteceunovale.com.br\/portal\/index.php?rest_route=%2Fwp%2Fv2%2Ftags&post=48234"}],"curies":[{"name":"wp","href":"https:\/\/api.w.org\/{rel}","templated":true}]}}