{"id":48201,"date":"2014-12-18T11:30:33","date_gmt":"2014-12-18T14:30:33","guid":{"rendered":"http:\/\/aconteceunovale.com.br\/portal\/?p=48201"},"modified":"2014-12-18T11:30:33","modified_gmt":"2014-12-18T14:30:33","slug":"prefeito-de-guarapari-quer-limitar-a-presenca-de-pobres-nas-praias-do-municipio","status":"publish","type":"post","link":"https:\/\/aconteceunovale.com.br\/portal\/?p=48201","title":{"rendered":"Prefeito de Guarapari quer limitar a presen\u00e7a de pobres nas praias do munic\u00edpio"},"content":{"rendered":"<h4><strong><em>Uma das metas do pol\u00edtico \u00e9 elevar gasto per capita de viajantes de R$ 86 para R$ 200 por dia<\/em><\/strong><\/h4>\n<p>Destino certo para milhares de mineiros que escolhem o Esp\u00edrito Santo para aproveitar as praias todos os anos \u2013 foram 300 mil em 2013 \u2013, uma das cidades mais procuradas pelos turistas, Guarapari pode ter novas \u201cnormas\u201d para a entrada dos visitantes. Em entrevista \u00e0 r\u00e1dio CBN Vit\u00f3ria, nesta quarta, o prefeito Orly Gomes (DEM) disse que quer limitar o n\u00famero de pessoas em casas de veraneio e receber turistas que gastem R$ 200 por dia.<\/p>\n<p>\u201cPrecisamos de pessoas que venham com dinheiro para gastar e, assim, justificar os investimentos na cidade. Seria melhor ter 100 mil turistas com melhor poder aquisitivo, que frequentassem restaurantes, bares e ocupassem hot\u00e9is, que gerassem renda para a cidade, que gastassem R$ 200 por dia\u201d, disse.<\/p>\n<p><img decoding=\"async\" src=\"http:\/\/aconteceunovale.com.br\/portal\/wp-content\/uploads\/2014\/12\/praia_guarapari.jpg\" alt=\"\" \/><em>Vista a\u00e9rea de Guarapari, no Esp\u00edrito Santo &#8211; Foto: Companhia Esp\u00edrito Santense de Saneamento<\/em><br \/>\n<\/br><\/p>\n<p>Com a expectativa de que entre o feriado de Natal e o Carnaval do pr\u00f3ximo ano mais de 1 milh\u00e3o de turistas passem por Guarapari, o prefeito prop\u00f4s a ado\u00e7\u00e3o de regras para evitar a superlota\u00e7\u00e3o da cidade.<\/p>\n<p>\u201cPretendemos normatizar as casas de veraneio, assim elas gerar\u00e3o impostos. O excesso de pessoas em uma \u00fanica casa \u00e9 o que causa transtorno, como a falta de \u00e1gua. As casas ter\u00e3o que ter alvar\u00e1s e ser\u00e3o fiscalizadas pelos bombeiros. A metragem quadrada ter\u00e1 que determinar o n\u00famero de pessoas. A cria\u00e7\u00e3o de uma microempresa seria uma das possibilidades, assim as casas pagariam impostos\u201d, explicou. As medidas ainda n\u00e3o valem para 2015.<\/p>\n<h4>Turista n\u00e3o concordam com a decis\u00e3o do prefeito<\/h4>\n<p>O blogueiro Rafael C\u00e2mara, 29, visita pelo menos uma vez por ano Guarapari e reconhece que a cidade j\u00e1 n\u00e3o tem suportado quase 1 milh\u00e3o de pessoas em algumas \u00e9pocas do ano. Por\u00e9m, ele n\u00e3o concorda com algumas exig\u00eancias do gestor. \u201cEle quer gente para gastar cerca de R$ 200 por dia, mas isso \u00e9 quase o que \u00e9 exigido para entrar na Europa \u2013 cerca de \u20ac 60 por dia (R$ 190). \u00c9 completamente fora da realidade\u201d, afirma.<\/p>\n<p>Mesmo economizando na hospedagem por ficar em um im\u00f3vel da fam\u00edlia, C\u00e2mara diz que o destino n\u00e3o \u00e9 dos mais baratos. \u201cN\u00e3o \u00e9 uma cidade muito barata. Em um dia de praia, \u00e9 poss\u00edvel gastar tranquilamente R$ 80, fora os outros gastos\u201d, conta.<\/p>\n<p>Na avalia\u00e7\u00e3o do empres\u00e1rio Leonardo Diniz Silveira, 50, que tamb\u00e9m tem apartamento na cidade, as mudan\u00e7as no perfil do turista \u201cideal\u201d desejado pelo prefeito j\u00e1 est\u00e3o sendo percebidas. \u201cA cidade passou por muitas obras nos \u00faltimos anos. Os quiosques que eram antigos e ultrapassados foram derrubados, e a praia foi modernizada. A cidade em si deu uma boa melhorada e, automaticamente, melhorou o turismo\u201d, diz.<\/p>\n<p>No entanto, Silveira tamb\u00e9m reconhece que ainda \u00e9 preciso investir mais. \u201cA cidade tem que atender todo tipo de p\u00fablico. Ele (prefeito) teria que se preparar para esses momentos de maior movimento porque falta \u00e1gua com frequ\u00eancia. E, de alguns anos para c\u00e1, alguns turistas t\u00eam preferido ir para outras regi\u00f5es, como o Nordeste. Ele tem que agradecer ao turista que est\u00e1 movimentado a cidade, pois, mesmo comprando em supermercado, significa que gastei\u201d, diz.<\/p>\n<h4>Visitantes criticam falta de infraestrutura e de seguran\u00e7a<\/h4>\n<p>O prefeito da cidade, Orly Gomes, tamb\u00e9m disse que a cobran\u00e7a de taxas para os \u00f4nibus de turismo est\u00e1 entre as medidas que podem ser adotadas para receber um turista com maior poder de consumo.<\/p>\n<p>No entanto, Guarapari ainda deixa a desejar em alguns aspectos, como infraestrutura, seguran\u00e7a e op\u00e7\u00f5es de lazer. De acordo com o \u00faltimo levantamento feito pela Secretaria de Turismo do Esp\u00edrito Santo, na avalia\u00e7\u00e3o de 807 turistas, para apenas 34,10% nada faltou ao destino escolhido durante o per\u00edodo de estadia na alta temporada de 2013. Enquanto 20,60% criticaram a falta de infraestrutura para atender o turista, 13,50% sentiram falta de mais op\u00e7\u00f5es de lazer e 8,60% esperavam mais seguran\u00e7a.<\/p>\n<p><strong><em>(O Tempo Online)<\/em><\/strong><\/p>\n","protected":false},"excerpt":{"rendered":"<p>Uma das metas do pol\u00edtico \u00e9 elevar gasto per capita de viajantes de R$ 86 para R$ 200 por dia Destino certo para milhares de mineiros que escolhem o Esp\u00edrito Santo para aproveitar as praias todos os anos \u2013 foram 300 mil em 2013 \u2013, uma das cidades mais procuradas pelos turistas, Guarapari pode ter [&hellip;]<\/p>\n","protected":false},"author":1,"featured_media":48202,"comment_status":"open","ping_status":"closed","sticky":false,"template":"","format":"standard","meta":{"amp_status":"","footnotes":""},"categories":[6],"tags":[1018,26931,27163,27164,27168,27170,27162,27166,27167,27169,27165],"class_list":["post-48201","post","type-post","status-publish","format-standard","has-post-thumbnail","hentry","category-br","tag-destaque","tag-guarapari","tag-orly-gomes","tag-orly-gomes-prefeito-de-guarapari","tag-pobre-nao-e-bem-vindo-em-guarapari","tag-pobres-nao-podem-frequentar-guarapari","tag-praia-de-guarapari","tag-prefeito-de-guarapari-quer-limitar-a-presenca-de-pobres-nas-praias-do-municipio","tag-prefeito-diz-que-turista-pobre-nao-e-bem-vindo-em-guarapari","tag-prefeito-quer-impedir-presenca-de-pobres-em-guarapari","tag-rafael-camara"],"_links":{"self":[{"href":"https:\/\/aconteceunovale.com.br\/portal\/index.php?rest_route=\/wp\/v2\/posts\/48201","targetHints":{"allow":["GET"]}}],"collection":[{"href":"https:\/\/aconteceunovale.com.br\/portal\/index.php?rest_route=\/wp\/v2\/posts"}],"about":[{"href":"https:\/\/aconteceunovale.com.br\/portal\/index.php?rest_route=\/wp\/v2\/types\/post"}],"author":[{"embeddable":true,"href":"https:\/\/aconteceunovale.com.br\/portal\/index.php?rest_route=\/wp\/v2\/users\/1"}],"replies":[{"embeddable":true,"href":"https:\/\/aconteceunovale.com.br\/portal\/index.php?rest_route=%2Fwp%2Fv2%2Fcomments&post=48201"}],"version-history":[{"count":0,"href":"https:\/\/aconteceunovale.com.br\/portal\/index.php?rest_route=\/wp\/v2\/posts\/48201\/revisions"}],"wp:featuredmedia":[{"embeddable":true,"href":"https:\/\/aconteceunovale.com.br\/portal\/index.php?rest_route=\/wp\/v2\/media\/48202"}],"wp:attachment":[{"href":"https:\/\/aconteceunovale.com.br\/portal\/index.php?rest_route=%2Fwp%2Fv2%2Fmedia&parent=48201"}],"wp:term":[{"taxonomy":"category","embeddable":true,"href":"https:\/\/aconteceunovale.com.br\/portal\/index.php?rest_route=%2Fwp%2Fv2%2Fcategories&post=48201"},{"taxonomy":"post_tag","embeddable":true,"href":"https:\/\/aconteceunovale.com.br\/portal\/index.php?rest_route=%2Fwp%2Fv2%2Ftags&post=48201"}],"curies":[{"name":"wp","href":"https:\/\/api.w.org\/{rel}","templated":true}]}}