{"id":48197,"date":"2014-12-18T11:18:56","date_gmt":"2014-12-18T14:18:56","guid":{"rendered":"http:\/\/aconteceunovale.com.br\/portal\/?p=48197"},"modified":"2014-12-18T11:18:56","modified_gmt":"2014-12-18T14:18:56","slug":"comerciante-de-montes-claros-e-assassinado-a-tiros-no-mato-grosso","status":"publish","type":"post","link":"https:\/\/aconteceunovale.com.br\/portal\/?p=48197","title":{"rendered":"Comerciante de Montes Claros \u00e9 assassinado a tiros no Mato Grosso"},"content":{"rendered":"<h4><strong><em>Homem foi encontrado morto no munic\u00edpio de Nova Lacerda. Uma quantia de R$ 14 mil que estaria com ele n\u00e3o foi encontrada.<\/em><\/strong><\/h4>\n<p>Um comerciante de Montes Claros, no Norte de Minas, foi encontrado morto na manh\u00e3 da \u00faltima ter\u00e7a-feira (16), em uma estrada rural no munic\u00edpio de Nova Lacerda, no Matro Grosso. O corpo de Jeferson Ferreira da Silva estava dentro de uma caminhonete.<\/p>\n<p>De acordo com informa\u00e7\u00f5es, ele estaria na cidade para venda de roupas. A v\u00edtima transportava uma quantia de R$ 14 mil reais em dinheiro, que n\u00e3o foi encontrada na cena do crime.<\/p>\n<p>Segundo a Pol\u00edcia Militar de Nova Lacerda, um denunciante an\u00f4nimo informou que havia um corpo dentro de uma caminhonete em uma estrada rural. Militares foram deslocados at\u00e9 o local e constataram a veracidade dos fatos, onde depararam com a v\u00edtima e constataram duas perfura\u00e7\u00f5es de arma de fogo, sendo uma na cabe\u00e7a e outra na altura do abd\u00f4men.<\/p>\n<p>A per\u00edcia t\u00e9cnica da Pol\u00edcia Civil foi acionada e ap\u00f3s os trabalhos de praxe, o corpo foi levado para o IML da regi\u00e3o. O caso \u00e9 investigado, a autoria do crime ainda \u00e9 desconhecida.<\/p>\n<p><img decoding=\"async\" src=\"http:\/\/aconteceunovale.com.br\/portal\/wp-content\/uploads\/2014\/12\/morte_nova_lacerda.jpg\" alt=\"\" \/><em>Comerciante foi assassinado na zona rural de Nova Lacerda (MT) &#8211; Foto: TV Centro Oeste<\/em><\/p>\n","protected":false},"excerpt":{"rendered":"<p>Homem foi encontrado morto no munic\u00edpio de Nova Lacerda. Uma quantia de R$ 14 mil que estaria com ele n\u00e3o foi encontrada. Um comerciante de Montes Claros, no Norte de Minas, foi encontrado morto na manh\u00e3 da \u00faltima ter\u00e7a-feira (16), em uma estrada rural no munic\u00edpio de Nova Lacerda, no Matro Grosso. O corpo de [&hellip;]<\/p>\n","protected":false},"author":1,"featured_media":48199,"comment_status":"open","ping_status":"closed","sticky":false,"template":"","format":"standard","meta":{"amp_status":"","footnotes":""},"categories":[1236],"tags":[27158,27157,27159,27161,210,27160],"class_list":["post-48197","post","type-post","status-publish","format-standard","has-post-thumbnail","hentry","category-norte_de_minas","tag-comerciante-de-montes-claros","tag-comerciante-de-montes-claros-e-assassinado-a-tiros-no-mato-grosso","tag-homem-morto-em-nova-lacerda","tag-jeferson-ferreira-da-silva","tag-montes-claros","tag-nova-lacerda"],"_links":{"self":[{"href":"https:\/\/aconteceunovale.com.br\/portal\/index.php?rest_route=\/wp\/v2\/posts\/48197","targetHints":{"allow":["GET"]}}],"collection":[{"href":"https:\/\/aconteceunovale.com.br\/portal\/index.php?rest_route=\/wp\/v2\/posts"}],"about":[{"href":"https:\/\/aconteceunovale.com.br\/portal\/index.php?rest_route=\/wp\/v2\/types\/post"}],"author":[{"embeddable":true,"href":"https:\/\/aconteceunovale.com.br\/portal\/index.php?rest_route=\/wp\/v2\/users\/1"}],"replies":[{"embeddable":true,"href":"https:\/\/aconteceunovale.com.br\/portal\/index.php?rest_route=%2Fwp%2Fv2%2Fcomments&post=48197"}],"version-history":[{"count":0,"href":"https:\/\/aconteceunovale.com.br\/portal\/index.php?rest_route=\/wp\/v2\/posts\/48197\/revisions"}],"wp:featuredmedia":[{"embeddable":true,"href":"https:\/\/aconteceunovale.com.br\/portal\/index.php?rest_route=\/wp\/v2\/media\/48199"}],"wp:attachment":[{"href":"https:\/\/aconteceunovale.com.br\/portal\/index.php?rest_route=%2Fwp%2Fv2%2Fmedia&parent=48197"}],"wp:term":[{"taxonomy":"category","embeddable":true,"href":"https:\/\/aconteceunovale.com.br\/portal\/index.php?rest_route=%2Fwp%2Fv2%2Fcategories&post=48197"},{"taxonomy":"post_tag","embeddable":true,"href":"https:\/\/aconteceunovale.com.br\/portal\/index.php?rest_route=%2Fwp%2Fv2%2Ftags&post=48197"}],"curies":[{"name":"wp","href":"https:\/\/api.w.org\/{rel}","templated":true}]}}