{"id":48195,"date":"2014-12-18T11:01:13","date_gmt":"2014-12-18T14:01:13","guid":{"rendered":"http:\/\/aconteceunovale.com.br\/portal\/?p=48195"},"modified":"2014-12-18T11:01:13","modified_gmt":"2014-12-18T14:01:13","slug":"previsao-do-tempo-para-minas-gerais-nesta-quinta-feira-18-de-dezembro","status":"publish","type":"post","link":"https:\/\/aconteceunovale.com.br\/portal\/?p=48195","title":{"rendered":"Previs\u00e3o do tempo para Minas Gerais nesta quinta-feira, 18 de dezembro"},"content":{"rendered":"<h4><strong><em>No decorrer da tarde, as condi\u00e7\u00f5es de tempo ficam favor\u00e1veis \u00e0 ocorr\u00eancia de pancadas de chuva no Tri\u00e2ngulo Mineiro e Sul de Minas<\/em><\/strong><\/h4>\n<p>Nesta quinta-feira, o tempo segue est\u00e1vel na maior parte de Minas Gerais. No decorrer da tarde, as condi\u00e7\u00f5es de tempo ficam favor\u00e1veis \u00e0 ocorr\u00eancia de pancadas de chuva no Tri\u00e2ngulo Mineiro e Sul de Minas, possibilidade de chuvas isoladas nas mesorregi\u00f5es Oeste e Campo das Vertentes. As temperaturas diurnas seguem elevadas, \u00e0 tarde. Na Regi\u00e3o Metropolitana de Belo Horizonte, o dia ser\u00e1 de c\u00e9u claro a parcialmente nublado, com remotas possibilidades de chuva. Na capital a manh\u00e3 ser\u00e1 de c\u00e9u claro e gradativo aumento de nebulosidade no decorrer da tarde. As temperaturas oscilam entre 18\u00b0C e 30\u00b0C.<\/p>\n","protected":false},"excerpt":{"rendered":"<p>No decorrer da tarde, as condi\u00e7\u00f5es de tempo ficam favor\u00e1veis \u00e0 ocorr\u00eancia de pancadas de chuva no Tri\u00e2ngulo Mineiro e Sul de Minas Nesta quinta-feira, o tempo segue est\u00e1vel na maior parte de Minas Gerais. No decorrer da tarde, as condi\u00e7\u00f5es de tempo ficam favor\u00e1veis \u00e0 ocorr\u00eancia de pancadas de chuva no Tri\u00e2ngulo Mineiro e [&hellip;]<\/p>\n","protected":false},"author":1,"featured_media":15765,"comment_status":"open","ping_status":"closed","sticky":false,"template":"","format":"standard","meta":{"amp_status":"","footnotes":""},"categories":[123],"tags":[1956,1839,27155,27156],"class_list":["post-48195","post","type-post","status-publish","format-standard","has-post-thumbnail","hentry","category-gerais","tag-previsao-do-tempo","tag-previsao-do-tempo-para-minas-gerais","tag-previsao-do-tempo-para-minas-gerais-nesta-quinta-feira-18-de-dezembro","tag-tempo-em-minas-gerais-nesta-quinta-feira"],"_links":{"self":[{"href":"https:\/\/aconteceunovale.com.br\/portal\/index.php?rest_route=\/wp\/v2\/posts\/48195","targetHints":{"allow":["GET"]}}],"collection":[{"href":"https:\/\/aconteceunovale.com.br\/portal\/index.php?rest_route=\/wp\/v2\/posts"}],"about":[{"href":"https:\/\/aconteceunovale.com.br\/portal\/index.php?rest_route=\/wp\/v2\/types\/post"}],"author":[{"embeddable":true,"href":"https:\/\/aconteceunovale.com.br\/portal\/index.php?rest_route=\/wp\/v2\/users\/1"}],"replies":[{"embeddable":true,"href":"https:\/\/aconteceunovale.com.br\/portal\/index.php?rest_route=%2Fwp%2Fv2%2Fcomments&post=48195"}],"version-history":[{"count":0,"href":"https:\/\/aconteceunovale.com.br\/portal\/index.php?rest_route=\/wp\/v2\/posts\/48195\/revisions"}],"wp:featuredmedia":[{"embeddable":true,"href":"https:\/\/aconteceunovale.com.br\/portal\/index.php?rest_route=\/wp\/v2\/media\/15765"}],"wp:attachment":[{"href":"https:\/\/aconteceunovale.com.br\/portal\/index.php?rest_route=%2Fwp%2Fv2%2Fmedia&parent=48195"}],"wp:term":[{"taxonomy":"category","embeddable":true,"href":"https:\/\/aconteceunovale.com.br\/portal\/index.php?rest_route=%2Fwp%2Fv2%2Fcategories&post=48195"},{"taxonomy":"post_tag","embeddable":true,"href":"https:\/\/aconteceunovale.com.br\/portal\/index.php?rest_route=%2Fwp%2Fv2%2Ftags&post=48195"}],"curies":[{"name":"wp","href":"https:\/\/api.w.org\/{rel}","templated":true}]}}