{"id":48193,"date":"2014-12-18T10:58:31","date_gmt":"2014-12-18T13:58:31","guid":{"rendered":"http:\/\/aconteceunovale.com.br\/portal\/?p=48193"},"modified":"2014-12-18T10:58:31","modified_gmt":"2014-12-18T13:58:31","slug":"plantao-do-samu-no-norte-de-minas-gerais-17-de-dezembro-de-2014","status":"publish","type":"post","link":"https:\/\/aconteceunovale.com.br\/portal\/?p=48193","title":{"rendered":"Plant\u00e3o do Samu no Norte de Minas Gerais &#8211; 17 de dezembro de 2014"},"content":{"rendered":"<h4><strong><em>Quarta-feira, 17 de dezembro de 2014<\/em><\/strong><\/h4>\n<p>A unidade do SAMU de Montes Claros realizou nesta quarta-feira, 17\/12, 41 atendimentos, sendo 28 casos cl\u00ednicos, 12 em decorr\u00eancia de acidentes de tr\u00e2nsito, todos envolvendo motocicleta, e 01 por ferimento por arma de fogo, ocorrido no bairro S\u00e3o Jos\u00e9.<\/p>\n<p>A unidade do SAMU de Montes Claros foi acionada \u00e0s 20 horas desta quarta-feira, 17\/12, para atendimento a um homem de 60 anos, que caiu de moto no bairro Jaragu\u00e1. Ele teria colidido contra um animal (cavalo) e se queixava de dor importante na regi\u00e3o da clav\u00edcula direita, sem sinais de fratura, e apresentava escoria\u00e7\u00f5es na perda direita.<\/p>\n<p>\u00c0s 20h, uma mulher de 28 anos caiu de moto na Avenida Osmani Barbosa, bairro JK, e apresentava corte contuso no bra\u00e7o direito, se queixando de dor no joelho direito.<\/p>\n<p>\u00c0s 17h10, a unidade do Samu foi acionada para atendimento a um homem de 37 anos, que transitava de bicicleta na Avenida Deputado Pl\u00ednio Ribeiro, bairro Monte Alegre e ficou ferido ap\u00f3s colidir contra um carro. Ele se queixava de dor na regi\u00e3o lombar, sem sinais de fratura.<\/p>\n<p>Por volta das 16h, a unidade do Samu foi acionada para atendimento a um homem de 25, ferido por arma de fogo na Rua Francisco Dur\u00e3es, bairro S\u00e3o Jos\u00e9. Ele relata fraqueza e dor em maxilar, onde diz ter sido atingido por arma de fogo h\u00e1 cinco meses.  Os socorristas o medicaram, mas ele recusou ser encaminhado ao hospital para avalia\u00e7\u00e3o.<\/p>\n<p>Por volta das 14h20 desta quarta-feira, 17\/12, um homem de 24 anos que transitava de moto na Rua Rubelita, bairro de Lourdes, ficou ferido ap\u00f3s colidir contra um carro. Ele sofreu ferimento na cabe\u00e7a e apresentava escoria\u00e7\u00f5es na face, corte contuso na perna esquerda, prov\u00e1vel fratura do punho, se queixando de forte dor no tornozelo, sem d\u00e9ficit motor. Ap\u00f3s receber os primeiros atendimentos da unidade do SAMU no local, conforme protocolo padr\u00e3o, ele foi encaminhado para a Santa Casa.<\/p>\n<p>\u00c0s 13h35, a unidade do Samu foi acionada para atendimento a um homem de 36 anos, que transitava de moto na Rua Cachoeirinha, bairro Jardim Palmeiras, e ficou ferido ap\u00f3s colidir contra um carro. Ele foi encontrado pelos socorristas ca\u00eddo ao solo, consciente e orientado, sem sinais de fraturas.<\/p>\n<p>Um homem de 18 anos ficou ferido ao cair de bicicleta por volta das 12h40 desta quarta-feira, 17\/12, na Vila Oliveira. A unidade do SAMU o encontrou sentado no meio-fio, consciente e orientado, apresentando escoria\u00e7\u00f5es na perna direita, sem sinal de fratura.<\/p>\n<p>A unidade do SAMU de Montes Claros foi acionada \u00e0s 10h35 desta quarta-feira, 17\/12, para atendimento a um homem de 36 anos, que caiu de bicicleta na Avenida Central, bairro Alto S\u00e3o Jo\u00e3o. Ele relata ter perdido a consci\u00eancia no momento do acidente e se queixava de dor na cabe\u00e7a, bra\u00e7o direito e na coluna.<\/p>\n<p>Um homem de 19 anos ficou ferido ao cair de moto por volta das 17h40 desta quarta-feira, 17\/12, na Avenida Jo\u00e3o XXIII, bairro Santos Reis. A unidade do SAMU o encontrou ca\u00eddo ao solo em sentido lateral, com capacete, apresentando tatuagem traum\u00e1tica na regi\u00e3o tor\u00e1cica, hematoma com escoria\u00e7\u00f5es na regi\u00e3o lombar esquerda, se queixando de dor intensa.<\/p>\n<p>Em todas as ocorr\u00eancias os feridos receberam os primeiros atendimentos no local e foram encaminhados ao hospital para avalia\u00e7\u00e3o.<\/p>\n","protected":false},"excerpt":{"rendered":"<p>Quarta-feira, 17 de dezembro de 2014 A unidade do SAMU de Montes Claros realizou nesta quarta-feira, 17\/12, 41 atendimentos, sendo 28 casos cl\u00ednicos, 12 em decorr\u00eancia de acidentes de tr\u00e2nsito, todos envolvendo motocicleta, e 01 por ferimento por arma de fogo, ocorrido no bairro S\u00e3o Jos\u00e9. A unidade do SAMU de Montes Claros foi acionada [&hellip;]<\/p>\n","protected":false},"author":1,"featured_media":46383,"comment_status":"open","ping_status":"closed","sticky":false,"template":"","format":"standard","meta":{"amp_status":"","footnotes":""},"categories":[1236],"tags":[27154,210,27153,18629,21139,4040],"class_list":["post-48193","post","type-post","status-publish","format-standard","has-post-thumbnail","hentry","category-norte_de_minas","tag-acidente-de-moto-no-bairro-jaragua","tag-montes-claros","tag-plantao-do-samu-no-norte-de-minas-gerais-17-de-dezembro-de-2014","tag-samu-de-montes-claros","tag-samu-do-norte-de-minas","tag-samu-macro-norte"],"_links":{"self":[{"href":"https:\/\/aconteceunovale.com.br\/portal\/index.php?rest_route=\/wp\/v2\/posts\/48193","targetHints":{"allow":["GET"]}}],"collection":[{"href":"https:\/\/aconteceunovale.com.br\/portal\/index.php?rest_route=\/wp\/v2\/posts"}],"about":[{"href":"https:\/\/aconteceunovale.com.br\/portal\/index.php?rest_route=\/wp\/v2\/types\/post"}],"author":[{"embeddable":true,"href":"https:\/\/aconteceunovale.com.br\/portal\/index.php?rest_route=\/wp\/v2\/users\/1"}],"replies":[{"embeddable":true,"href":"https:\/\/aconteceunovale.com.br\/portal\/index.php?rest_route=%2Fwp%2Fv2%2Fcomments&post=48193"}],"version-history":[{"count":0,"href":"https:\/\/aconteceunovale.com.br\/portal\/index.php?rest_route=\/wp\/v2\/posts\/48193\/revisions"}],"wp:featuredmedia":[{"embeddable":true,"href":"https:\/\/aconteceunovale.com.br\/portal\/index.php?rest_route=\/wp\/v2\/media\/46383"}],"wp:attachment":[{"href":"https:\/\/aconteceunovale.com.br\/portal\/index.php?rest_route=%2Fwp%2Fv2%2Fmedia&parent=48193"}],"wp:term":[{"taxonomy":"category","embeddable":true,"href":"https:\/\/aconteceunovale.com.br\/portal\/index.php?rest_route=%2Fwp%2Fv2%2Fcategories&post=48193"},{"taxonomy":"post_tag","embeddable":true,"href":"https:\/\/aconteceunovale.com.br\/portal\/index.php?rest_route=%2Fwp%2Fv2%2Ftags&post=48193"}],"curies":[{"name":"wp","href":"https:\/\/api.w.org\/{rel}","templated":true}]}}