{"id":48187,"date":"2014-12-17T20:26:24","date_gmt":"2014-12-17T23:26:24","guid":{"rendered":"http:\/\/aconteceunovale.com.br\/portal\/?p=48187"},"modified":"2014-12-17T20:26:24","modified_gmt":"2014-12-17T23:26:24","slug":"samu-do-norte-de-minas-comemora-seis-anos-de-regionalizacao","status":"publish","type":"post","link":"https:\/\/aconteceunovale.com.br\/portal\/?p=48187","title":{"rendered":"Samu do Norte de Minas comemora seis anos de regionaliza\u00e7\u00e3o"},"content":{"rendered":"<h4><strong><em>Presente em 86 cidades do Norte de Minas e beneficiando quase dois milh\u00f5es de habitantes, o servi\u00e7o regionalizado \u00e9 pioneiro no pa\u00eds e modelo para o Estado<\/em><\/strong><\/h4>\n<p>Na pr\u00f3xima segunda-feira, dia 22 de dezembro, o Servi\u00e7o de Atendimento M\u00f3vel de Urg\u00eancia do Norte de Minas (SAMU Macro Norte) completa seis anos de atua\u00e7\u00e3o. O servi\u00e7o foi instalado em 2006 para atender \u00e0 popula\u00e7\u00e3o do munic\u00edpio de Montes Claros e, a partir da implanta\u00e7\u00e3o da Rede de Urg\u00eancia e Emerg\u00eancia pela Secretaria de Sa\u00fade de Minas Gerais, em dezembro de 2008, incorporou nova estrutura e foi estendido a 86 munic\u00edpios norte-mineiros, assistindo uma popula\u00e7\u00e3o de quase dois milh\u00f5es de pessoas.<\/p>\n<p>Mantido de forma compartilhada pela Uni\u00e3o, Estado e munic\u00edpios, o Samu Macro Norte \u00e9 gerenciado pelo Cons\u00f3rcio Intermunicipal da Rede de Urg\u00eancia do Norte de Minas (Cisrun), que \u00e9 respons\u00e1vel por dar suporte infraestrutural \u00e0s 36 bases descentralizadas e \u00e0 sede operativa, em Montes Claros, onde fica a central de regula\u00e7\u00e3o.<\/p>\n<p><img decoding=\"async\" src=\"http:\/\/aconteceunovale.com.br\/portal\/wp-content\/uploads\/2014\/12\/samu_6_anos_2.jpg\" alt=\"\" \/><em>Samu do Norte de Minas comemora seis anos de regionaliza\u00e7\u00e3o &#8211; Foto: Jer\u00fasia Arruda\/Divulga\u00e7\u00e3o<\/em><br \/>\n<\/br><\/p>\n<p>O presidente do Cisrun e prefeito de Bocaiuva, Ricardo Afonso Veloso, destaca que a regi\u00e3o apresenta alguns elementos dificultadores, como as condi\u00e7\u00f5es geogr\u00e1ficas, a baixa densidade populacional e a dist\u00e2ncia entre os munic\u00edpios, e que a manuten\u00e7\u00e3o do servi\u00e7o s\u00f3 \u00e9 poss\u00edvel gra\u00e7as \u00e0 parceria solid\u00e1ria entre os entes federados e \u00e0 dedica\u00e7\u00e3o e compet\u00eancia da equipe t\u00e9cnica. \u201cO comprometimento dos prefeitos dos 86 munic\u00edpios consorciados e a aten\u00e7\u00e3o especial do Governo de Minas na coordena\u00e7\u00e3o do servi\u00e7o mant\u00e9m o Samu com a estrutura atualizada e em conformidade com as necessidades da regi\u00e3o para que possa realizar o atendimento com a efici\u00eancia e tempestividade necess\u00e1rias\u201d, avalia o presidente.<\/p>\n<p>Segundo Ricardo Veloso, enquanto em muitas regi\u00f5es do pa\u00eds as ambul\u00e2ncias do Samu est\u00e3o paradas por falta de efetiva\u00e7\u00e3o do servi\u00e7o, no Norte de Minas todas as unidades est\u00e3o em pleno funcionamento, com sistema de rastreamento via sat\u00e9lite e celular, e telemetria para gest\u00e3o dos dados.<\/p>\n<p>Gestor por tr\u00eas mandatos em Bocaiuva, Ricardo diz que conheceu a realidade da sa\u00fade na regi\u00e3o antes e depois do Samu e que os avan\u00e7os s\u00e3o incontest\u00e1veis. \u201cAntes, o Samu era restrito \u00e0s capitais, regi\u00f5es metropolitanas e \u00e0s grandes cidades. Com um projeto ousado e pioneiro, Minas iniciou a regionaliza\u00e7\u00e3o da aten\u00e7\u00e3o \u00e0s urg\u00eancias e emerg\u00eancias e o Norte de Minas foi escolhido para sediar o projeto piloto, exatamente por ser considerada uma regi\u00e3o socialmente vulner\u00e1vel, mas, ao mesmo tempo, por uma atua\u00e7\u00e3o forte na sa\u00fade p\u00fablica. Desde ent\u00e3o, a sa\u00fade da regi\u00e3o avan\u00e7ou de forma incontest\u00e1vel e por mais que ainda existam dificuldades, n\u00e3o d\u00e1 para imaginar a regi\u00e3o sem a assist\u00eancia do Samu\u201d, avalia.<\/p>\n<p>De acordo com o presidente, somente no primeiro ano de operacionaliza\u00e7\u00e3o do servi\u00e7o, foi registrada uma redu\u00e7\u00e3o de cerca de mil mortes por causas evit\u00e1veis, al\u00e9m de contribuir sensivelmente para a redu\u00e7\u00e3o do n\u00famero de \u00f3bitos, tempo de interna\u00e7\u00e3o hospitalar e sequelas decorrentes da falta de um socorro em tempo h\u00e1bil.<\/p>\n<p><img decoding=\"async\" src=\"http:\/\/aconteceunovale.com.br\/portal\/wp-content\/uploads\/2014\/12\/samu_6_anos_1.jpg\" alt=\"\" \/><em>Samu do Norte de Minas comemora seis anos de regionaliza\u00e7\u00e3o &#8211; Foto: Jer\u00fasia Arruda\/Divulga\u00e7\u00e3o<\/em><br \/>\n<\/br><\/p>\n<h4>Atendimentos<\/h4>\n<p>No primeiro ano de operacionaliza\u00e7\u00e3o, o Samu recebia uma m\u00e9dia di\u00e1ria de 300 chamados. Cinco anos depois, a m\u00e9dia \u00e9 de 1.500 chamados di\u00e1rios. Somente em 2013 foram 421.124 chamados e, em 2014, at\u00e9 o m\u00eas de novembro, o Samu j\u00e1 recebeu 487.703 chamados. Uma m\u00e9dia de 35 mil chamados\/m\u00eas, em 2013, e 48 mil em 2014, o que representa um crescimento de 37%. Cerca de 30% desses chamados s\u00e3o liga\u00e7\u00f5es de brincadeira, o que compromete seriamente o atendimento a quem realmente precisa do servi\u00e7o.<\/p>\n<p>Por outro lado, 10% dos chamados atendidos s\u00e3o resolvidos por orienta\u00e7\u00e3o da regula\u00e7\u00e3o m\u00e9dica, sem necessidade de envio de unidade ao local, e 16%% dos atendimentos realizados s\u00e3o resolvidos pela unidade no local, sem que o paciente necessite ser encaminhado a uma unidade de sa\u00fade, impactando positivamente em toda a rede e proporcionando mais qualidade de vida para os usu\u00e1rios do Sistema \u00danico de Sa\u00fade.<\/p>\n<p>O m\u00e9dico coordenador do Samu, \u00canius Freire Versiani, explica que al\u00e9m do crescimento do n\u00famero de chamados, tamb\u00e9m aumentou a gravidade dos casos. \u201cO Samu realiza um atendimento a cada 12 minutos, sendo cerca de 30% em decorr\u00eancia de acidente de tr\u00e2nsito, o que representa mais de mil atendimentos a v\u00edtimas de acidentes por m\u00eas. Mas a maior causa de acionamento do servi\u00e7o \u00e9 cl\u00ednica, respondendo por 60% dos atendimentos\u201d, observa.<\/p>\n<p><img decoding=\"async\" src=\"http:\/\/aconteceunovale.com.br\/portal\/wp-content\/uploads\/2014\/12\/samu_6_anos_3.jpg\" alt=\"\" \/><em>Samu do Norte de Minas comemora seis anos de regionaliza\u00e7\u00e3o &#8211; Foto: Jer\u00fasia Arruda\/Divulga\u00e7\u00e3o<\/em><br \/>\n<\/br><\/p>\n<h4>Avan\u00e7os<\/h4>\n<p>A organiza\u00e7\u00e3o da Rede AVC e a implanta\u00e7\u00e3o de ultrassonografia port\u00e1til nas ambul\u00e2ncias do Samu e nos hospitais da regi\u00e3o, atrav\u00e9s do projeto Ecos dos Gerais, e de eletrocardiograma port\u00e1til, atrav\u00e9s do projeto Minas Telec\u00e1rdio, est\u00e3o fortalecendo o atendimento a pacientes com doen\u00e7as card\u00edacas.<\/p>\n<p>As ambul\u00e2ncias do Samu foram equipadas com um sistema de tele-ECG e aparelho de ultrassom port\u00e1til, possibilitando a realiza\u00e7\u00e3o de eletrocardiograma e ultrassonografia na pr\u00f3pria ambul\u00e2ncia. Utilizando m\u00e9todos de telemedicina, os exames s\u00e3o enviados \u00e0 Central de Regula\u00e7\u00e3o do Samu para imediata avalia\u00e7\u00e3o e orienta\u00e7\u00e3o quanto \u00e0 conduta apropriada pelo m\u00e9dico regulador.<\/p>\n<p>Esses projetos est\u00e3o dando mais agilidade e precis\u00e3o no diagn\u00f3stico, atrav\u00e9s da telemedicina, melhorando o tempo resposta para atendimento de doen\u00e7as como infarto no mioc\u00e1rdio e acidente vascular cerebral, cuja sobrevida do paciente depende fundamentalmente da tempestividade do atendimento, bem como na decis\u00e3o de transfer\u00eancia pacientes graves entre os munic\u00edpios.<\/p>\n<p>As cinco bases avan\u00e7adas do Samu receberam sede pr\u00f3pria; foi realizado concurso p\u00fablico para efetiva\u00e7\u00e3o do quadro de pessoal; a frota de ambul\u00e2ncias foi renovada; os profissionais que atuam em toda a rede foram capacitados; e foi sedimentada a parceria com o Corpo de Bombeiros, promovendo mais sinergia entre as equipes, dando \u00e0s duas corpora\u00e7\u00f5es um f\u00f4lego novo e mais qualifica\u00e7\u00e3o para lidar com situa\u00e7\u00f5es envolvendo materiais perigosos e zonas quentes, no caso dos bombeiros, e de prestar assist\u00eancia \u00e0 sa\u00fade, no caso do Samu.<\/p>\n<p><img decoding=\"async\" src=\"http:\/\/aconteceunovale.com.br\/portal\/wp-content\/uploads\/2014\/12\/samu_6_anos_4.jpg\" alt=\"\" \/><em>Samu do Norte de Minas comemora seis anos de regionaliza\u00e7\u00e3o &#8211; Foto: Jer\u00fasia Arruda\/Divulga\u00e7\u00e3o<\/em><br \/>\n<\/br><\/p>\n<h4>Perspectivas<\/h4>\n<p>Mesmo com conquistas expressivas, o diretor executivo do Cisrun, Edinardo Rodrigues Lopes, diz que ainda h\u00e1 muito a melhorar. \u201cJ\u00e1 percorremos um longo caminho, talvez a parte mais dif\u00edcil, que foi a organiza\u00e7\u00e3o do servi\u00e7o, mas como sa\u00fade \u00e9 uma demanda que nunca se esgota, \u00e9 preciso fazer constante atualiza\u00e7\u00e3o do servi\u00e7o para que esse funcione com efetividade\u201d, ressalva.<\/p>\n<p>De acordo com diretor, para melhorar o acesso do paciente \u00e0 rede hospitalar, a grade de refer\u00eancia e a pactua\u00e7\u00e3o com os hospitais est\u00e3o sendo reformuladas. \u201cO Governo do Estado tamb\u00e9m j\u00e1 autorizou a constru\u00e7\u00e3o do Hospital Regional do Trauma, o que certamente ir\u00e1 contribuir para a melhoria da assist\u00eancia intra-hospitalar nos casos de urg\u00eancia e emerg\u00eancia\u201d, completa.<\/p>\n<p>Dos avan\u00e7os previstos para o Samu, devido ao aumento expressivo do acionamento do servi\u00e7o, Edinardo Rodrigues anuncia a realiza\u00e7\u00e3o de um novo concurso p\u00fablico em 2015 e a instala\u00e7\u00e3o de duas unidades avan\u00e7adas, sendo uma na regi\u00e3o de Francisco S\u00e1, especialmente para atendimento \u00e0s ocorr\u00eancias de acidente de tr\u00e2nsito na BR-251, e outra na microrregi\u00e3o de Manga, onde h\u00e1 um grande vazio assistencial. \u201cTamb\u00e9m estamos trabalhando no projeto de amplia\u00e7\u00e3o da sede operativa e melhorias nas condi\u00e7\u00f5es trabalhistas, com a institui\u00e7\u00e3o do plano de cargos e sal\u00e1rios e plano de sa\u00fade para todos os funcion\u00e1rios\u201d, acrescenta.<\/p>\n<p>Para o diretor, a gest\u00e3o do servi\u00e7o aerom\u00e9dico em Minas Gerais \u00e9 tamb\u00e9m \u00e9 uma importante conquista para o Cisrun. \u201cMas tamb\u00e9m representa um desafio, que \u00e9 o de trazer para o Norte de Minas uma aeronave exclusiva para a regi\u00e3o, buscando reduzir os vazios assistenciais, melhorar o acesso e encurtar as dist\u00e2ncias nos casos extremos, em que o paciente corre risco de morte\u201d, justifica.<\/p>\n<p><strong><em>(Jer\u00fasia Arruda \/ Ascom Samu Macro Norte)<\/em><\/strong><\/p>\n","protected":false},"excerpt":{"rendered":"<p>Presente em 86 cidades do Norte de Minas e beneficiando quase dois milh\u00f5es de habitantes, o servi\u00e7o regionalizado \u00e9 pioneiro no pa\u00eds e modelo para o Estado Na pr\u00f3xima segunda-feira, dia 22 de dezembro, o Servi\u00e7o de Atendimento M\u00f3vel de Urg\u00eancia do Norte de Minas (SAMU Macro Norte) completa seis anos de atua\u00e7\u00e3o. O servi\u00e7o [&hellip;]<\/p>\n","protected":false},"author":1,"featured_media":48189,"comment_status":"open","ping_status":"closed","sticky":false,"template":"","format":"standard","meta":{"amp_status":"","footnotes":""},"categories":[1236],"tags":[645,22050,27149,27151,25414,27150,210,14636,13731,18629,21139,27152,4040,20717],"class_list":["post-48187","post","type-post","status-publish","format-standard","has-post-thumbnail","hentry","category-norte_de_minas","tag-bocaiuva","tag-cisrun","tag-consorcio-intermunicipal-da-rede-de-urgencia-do-norte-de-minas","tag-edinardo-rodrigues-lopes","tag-enius-freire-versiani","tag-minas-telecardio","tag-montes-claros","tag-ricardo-afonso-veloso","tag-samu","tag-samu-de-montes-claros","tag-samu-do-norte-de-minas","tag-samu-do-norte-de-minas-comemora-seis-anos-de-regionalizacao","tag-samu-macro-norte","tag-servico-de-atendimento-movel-de-urgencia-do-norte-de-minas"],"_links":{"self":[{"href":"https:\/\/aconteceunovale.com.br\/portal\/index.php?rest_route=\/wp\/v2\/posts\/48187","targetHints":{"allow":["GET"]}}],"collection":[{"href":"https:\/\/aconteceunovale.com.br\/portal\/index.php?rest_route=\/wp\/v2\/posts"}],"about":[{"href":"https:\/\/aconteceunovale.com.br\/portal\/index.php?rest_route=\/wp\/v2\/types\/post"}],"author":[{"embeddable":true,"href":"https:\/\/aconteceunovale.com.br\/portal\/index.php?rest_route=\/wp\/v2\/users\/1"}],"replies":[{"embeddable":true,"href":"https:\/\/aconteceunovale.com.br\/portal\/index.php?rest_route=%2Fwp%2Fv2%2Fcomments&post=48187"}],"version-history":[{"count":0,"href":"https:\/\/aconteceunovale.com.br\/portal\/index.php?rest_route=\/wp\/v2\/posts\/48187\/revisions"}],"wp:featuredmedia":[{"embeddable":true,"href":"https:\/\/aconteceunovale.com.br\/portal\/index.php?rest_route=\/wp\/v2\/media\/48189"}],"wp:attachment":[{"href":"https:\/\/aconteceunovale.com.br\/portal\/index.php?rest_route=%2Fwp%2Fv2%2Fmedia&parent=48187"}],"wp:term":[{"taxonomy":"category","embeddable":true,"href":"https:\/\/aconteceunovale.com.br\/portal\/index.php?rest_route=%2Fwp%2Fv2%2Fcategories&post=48187"},{"taxonomy":"post_tag","embeddable":true,"href":"https:\/\/aconteceunovale.com.br\/portal\/index.php?rest_route=%2Fwp%2Fv2%2Ftags&post=48187"}],"curies":[{"name":"wp","href":"https:\/\/api.w.org\/{rel}","templated":true}]}}