{"id":48173,"date":"2014-12-17T19:19:16","date_gmt":"2014-12-17T22:19:16","guid":{"rendered":"http:\/\/aconteceunovale.com.br\/portal\/?p=48173"},"modified":"2014-12-17T19:19:16","modified_gmt":"2014-12-17T22:19:16","slug":"justica-eleitoral-nega-pedido-de-suspensao-da-diplomacao-de-fernando-pimentel","status":"publish","type":"post","link":"https:\/\/aconteceunovale.com.br\/portal\/?p=48173","title":{"rendered":"Justi\u00e7a Eleitoral nega pedido de suspens\u00e3o da diploma\u00e7\u00e3o de Fernando Pimentel"},"content":{"rendered":"<p>O desembargador do TRE Domingos Coelho decidiu, nesta quarta-feira (17), indeferir pedido de liminar apresentado pela Coliga\u00e7\u00e3o Todos por Minas e pelo Partido da Social Democracia Brasileira (PSDB) para impedir a diploma\u00e7\u00e3o do governador eleito Fernando Pimentel (PT) e de seu vice Ant\u00f4nio Andrade (PMDB), sob a alega\u00e7\u00e3o de pr\u00e1tica de capta\u00e7\u00e3o ou gasto il\u00edcito de recursos financeiros de campanha.<\/p>\n<p>No pedido, feito dentro de uma representa\u00e7\u00e3o, a coliga\u00e7\u00e3o e o partido alegam que o fato de as contas de campanha de Fernando Pimentel terem extrapolado em mais de R$ 10 milh\u00f5es o limite de gastos de campanha inicialmente declarado \u00e0 Justi\u00e7a Eleitoral, seria uma ofensa ao art. 30-A da Lei n\u00ba 9.504\/1997. Com base nisso, pediram antecipa\u00e7\u00e3o de tutela para que uma liminar suspendesse a posse do governador eleito. Segundo a a\u00e7\u00e3o, as provas estariam no processo de presta\u00e7\u00e3o de contas de campanha (<a title=\"\" href=\"http:\/\/inter03.tse.jus.br\/sadpPush\/ExibirDadosProcesso.do?nprot=1899512014&amp;comboTribunal=mg\" target=\"_blank\">PC235186<\/a>) do governador eleito, desaprovadas pelo TRE-MG na \u00faltima semana.<\/p>\n<p>Para o magistrado, a irregularidade que levou \u00e0 desaprova\u00e7\u00e3o das contas de campanha n\u00e3o implica, necessariamente, capta\u00e7\u00e3o ou gastos il\u00edcitos de recursos, objeto da a\u00e7\u00e3o apresentada pela Coliga\u00e7\u00e3o Todos por Minas e pelo PSDB. \u201cN\u00e3o \u00e9 poss\u00edvel vislumbrar, ao menos por meio do presente ju\u00edzo sum\u00e1rio de cogni\u00e7\u00e3o, a exist\u00eancia da prova inequ\u00edvoca exigida pelo art. 273 do CPC, algo que demandaria, em tese, dila\u00e7\u00e3o probat\u00f3ria, privilegiando-se os direitos ao contradit\u00f3rio e \u00e0 ampla defesa dos representados\u201d, entendeu o desembargador Domingos Coelho.<\/p>\n<p><em>(Fonte: Tribunal Regional Eleitoral de Minas Gerais)<\/em><\/p>\n","protected":false},"excerpt":{"rendered":"<p>O desembargador do TRE Domingos Coelho decidiu, nesta quarta-feira (17), indeferir pedido de liminar apresentado pela Coliga\u00e7\u00e3o Todos por Minas e pelo Partido da Social Democracia Brasileira (PSDB) para impedir a diploma\u00e7\u00e3o do governador eleito Fernando Pimentel (PT) e de seu vice Ant\u00f4nio Andrade (PMDB), sob a alega\u00e7\u00e3o de pr\u00e1tica de capta\u00e7\u00e3o ou gasto il\u00edcito [&hellip;]<\/p>\n","protected":false},"author":1,"featured_media":46413,"comment_status":"open","ping_status":"closed","sticky":false,"template":"","format":"standard","meta":{"amp_status":"","footnotes":""},"categories":[123],"tags":[27125,27126,12826,27128,27127],"class_list":["post-48173","post","type-post","status-publish","format-standard","has-post-thumbnail","hentry","category-gerais","tag-antonio-andrade","tag-coligacao-todos-por-minas","tag-fernando-pimentel","tag-justica-eleitoral-nega-pedido-de-suspensao-da-diplomacao-de-fernando-pimentel","tag-partido-da-social-democracia-brasileira"],"_links":{"self":[{"href":"https:\/\/aconteceunovale.com.br\/portal\/index.php?rest_route=\/wp\/v2\/posts\/48173","targetHints":{"allow":["GET"]}}],"collection":[{"href":"https:\/\/aconteceunovale.com.br\/portal\/index.php?rest_route=\/wp\/v2\/posts"}],"about":[{"href":"https:\/\/aconteceunovale.com.br\/portal\/index.php?rest_route=\/wp\/v2\/types\/post"}],"author":[{"embeddable":true,"href":"https:\/\/aconteceunovale.com.br\/portal\/index.php?rest_route=\/wp\/v2\/users\/1"}],"replies":[{"embeddable":true,"href":"https:\/\/aconteceunovale.com.br\/portal\/index.php?rest_route=%2Fwp%2Fv2%2Fcomments&post=48173"}],"version-history":[{"count":0,"href":"https:\/\/aconteceunovale.com.br\/portal\/index.php?rest_route=\/wp\/v2\/posts\/48173\/revisions"}],"wp:featuredmedia":[{"embeddable":true,"href":"https:\/\/aconteceunovale.com.br\/portal\/index.php?rest_route=\/wp\/v2\/media\/46413"}],"wp:attachment":[{"href":"https:\/\/aconteceunovale.com.br\/portal\/index.php?rest_route=%2Fwp%2Fv2%2Fmedia&parent=48173"}],"wp:term":[{"taxonomy":"category","embeddable":true,"href":"https:\/\/aconteceunovale.com.br\/portal\/index.php?rest_route=%2Fwp%2Fv2%2Fcategories&post=48173"},{"taxonomy":"post_tag","embeddable":true,"href":"https:\/\/aconteceunovale.com.br\/portal\/index.php?rest_route=%2Fwp%2Fv2%2Ftags&post=48173"}],"curies":[{"name":"wp","href":"https:\/\/api.w.org\/{rel}","templated":true}]}}