{"id":48171,"date":"2014-12-17T19:11:14","date_gmt":"2014-12-17T22:11:14","guid":{"rendered":"http:\/\/aconteceunovale.com.br\/portal\/?p=48171"},"modified":"2014-12-17T19:11:14","modified_gmt":"2014-12-17T22:11:14","slug":"juiz-acusado-de-favorecer-traficantes-em-minas-gerais-nega-crimes-e-pede-prisao-domiciliar","status":"publish","type":"post","link":"https:\/\/aconteceunovale.com.br\/portal\/?p=48171","title":{"rendered":"Juiz acusado de favorecer traficantes em Minas Gerais nega crimes e pede pris\u00e3o domiciliar"},"content":{"rendered":"<h4><strong><em>O juiz Amaury de Lima e Souza foi ouvido nesta quarta-feira no Pal\u00e1cio da Justi\u00e7a, no Centro de Belo Horizonte<\/em><\/strong><\/h4>\n<p>O juiz Amaury de Lima e Souza, r\u00e9u no processo que investiga uma quadrilha de tr\u00e1fico internacional de drogas que atuava em Minas, Rio de Janeiro e S\u00e3o Paulo, negou qualquer envolvimento com a organiza\u00e7\u00e3o criminosa. O magistrado foi ouvido nesta quarta-feira no Pal\u00e1cio da Justi\u00e7a, no Centro de Belo Horizonte. A defesa do acusado vai entrar com um pedido de pris\u00e3o domiciliar, pois Souza alegou que a cela onde est\u00e1 preso \u00e9 pequena e a comida ruim. <\/p>\n<p>O interrogat\u00f3rio come\u00e7ou por volta das 9h e foi conduzido pelo desembargador Ant\u00f4nio Carlos Cruvinal. A sess\u00e3o foi aberta ao p\u00fablico, que acompanhou toda a oitiva do juiz. Ele \u00e9 acusado pelo envolvimento nos crimes de organiza\u00e7\u00e3o criminosa, colabora\u00e7\u00e3o com associa\u00e7\u00e3o para o tr\u00e1fico de drogas, posse irregular de arma de fogo de uso permitido, conex\u00e3o com outras organiza\u00e7\u00f5es criminosas independentes, corrup\u00e7\u00e3o passiva, lavagem ou oculta\u00e7\u00e3o de bens, direitos e valores e posse ou porte ilegal de arma de fogo de uso restrito. <\/p>\n<p>Ao ser questionado, Amaury Souza negou todas as acusa\u00e7\u00f5es. Segundo ele, a den\u00fancia do Minist\u00e9rio P\u00fablico de Minas Gerais (MPMG) n\u00e3o menciona datas, locais e valores, nem detalha como os fatos ocorreram. Sobre o armamento e muni\u00e7\u00e3o encontrados na casa dele quando acabou preso por porte ilegal de armas, o magistrado informou que \u00e9 colecionador e que todas as armas s\u00e3o legalizadas pelo ex\u00e9rcito, com exce\u00e7\u00e3o de uma delas. <\/p>\n<p>O juiz tamb\u00e9m negou sua liga\u00e7\u00e3o com outros denunciados no processo. Nas investiga\u00e7\u00f5es da Pol\u00edcia Federal (PF), v\u00e1rias senten\u00e7as assinadas pelo magistrado em favor de traficantes foram encontradas. Entre elas, a transfer\u00eancia de um preso para regime domiciliar. O r\u00e9u afirmou que seria o certo a se fazer naquele momento. <\/p>\n<p>Desde que foi afastado da Vara de Execu\u00e7\u00f5es Criminais de Juiz de Fora, o magistrado est\u00e1 preso em um batalh\u00e3o da Pol\u00edcia Militar. Durante a audi\u00eancia, ele reclamou do tamanho da cela e da refei\u00e7\u00e3o servida no local. Por isso, pediu a transfer\u00eancia para pris\u00e3o domiciliar. Requereu, ainda, a devolu\u00e7\u00e3o do material apreendido que n\u00e3o foi objeto da den\u00fancia. A defesa foi orientada pelo desembargador Ant\u00f4nio Carlos Cruvinal a formalizar os pedidos que devem ser analisados posteriormente.<\/p>\n<p><strong><em>(Estado de Minas)<\/em><\/strong><\/p>\n","protected":false},"excerpt":{"rendered":"<p>O juiz Amaury de Lima e Souza foi ouvido nesta quarta-feira no Pal\u00e1cio da Justi\u00e7a, no Centro de Belo Horizonte O juiz Amaury de Lima e Souza, r\u00e9u no processo que investiga uma quadrilha de tr\u00e1fico internacional de drogas que atuava em Minas, Rio de Janeiro e S\u00e3o Paulo, negou qualquer envolvimento com a organiza\u00e7\u00e3o [&hellip;]<\/p>\n","protected":false},"author":1,"featured_media":47696,"comment_status":"open","ping_status":"closed","sticky":false,"template":"","format":"standard","meta":{"amp_status":"","footnotes":""},"categories":[123],"tags":[26397,27123,194,27121,27122,206,27124],"class_list":["post-48171","post","type-post","status-publish","format-standard","has-post-thumbnail","hentry","category-gerais","tag-amaury-de-lima-e-souza","tag-antonio-carlos-cruvinal","tag-belo-horizonte","tag-juiz-acusado-de-favorecer-traficantes-em-minas-gerais-nega-crimes-e-pede-prisao-domiciliar","tag-juiz-amaury-de-lima-e-souza","tag-juiz-de-fora","tag-vara-de-execucoes-criminais-de-juiz-de-fora"],"_links":{"self":[{"href":"https:\/\/aconteceunovale.com.br\/portal\/index.php?rest_route=\/wp\/v2\/posts\/48171","targetHints":{"allow":["GET"]}}],"collection":[{"href":"https:\/\/aconteceunovale.com.br\/portal\/index.php?rest_route=\/wp\/v2\/posts"}],"about":[{"href":"https:\/\/aconteceunovale.com.br\/portal\/index.php?rest_route=\/wp\/v2\/types\/post"}],"author":[{"embeddable":true,"href":"https:\/\/aconteceunovale.com.br\/portal\/index.php?rest_route=\/wp\/v2\/users\/1"}],"replies":[{"embeddable":true,"href":"https:\/\/aconteceunovale.com.br\/portal\/index.php?rest_route=%2Fwp%2Fv2%2Fcomments&post=48171"}],"version-history":[{"count":0,"href":"https:\/\/aconteceunovale.com.br\/portal\/index.php?rest_route=\/wp\/v2\/posts\/48171\/revisions"}],"wp:featuredmedia":[{"embeddable":true,"href":"https:\/\/aconteceunovale.com.br\/portal\/index.php?rest_route=\/wp\/v2\/media\/47696"}],"wp:attachment":[{"href":"https:\/\/aconteceunovale.com.br\/portal\/index.php?rest_route=%2Fwp%2Fv2%2Fmedia&parent=48171"}],"wp:term":[{"taxonomy":"category","embeddable":true,"href":"https:\/\/aconteceunovale.com.br\/portal\/index.php?rest_route=%2Fwp%2Fv2%2Fcategories&post=48171"},{"taxonomy":"post_tag","embeddable":true,"href":"https:\/\/aconteceunovale.com.br\/portal\/index.php?rest_route=%2Fwp%2Fv2%2Ftags&post=48171"}],"curies":[{"name":"wp","href":"https:\/\/api.w.org\/{rel}","templated":true}]}}