{"id":48168,"date":"2014-12-17T19:07:33","date_gmt":"2014-12-17T22:07:33","guid":{"rendered":"http:\/\/aconteceunovale.com.br\/portal\/?p=48168"},"modified":"2014-12-17T19:07:33","modified_gmt":"2014-12-17T22:07:33","slug":"suspeito-de-homicidio-em-governador-valadares-pode-pegar-ate-30-anos-de-prisao","status":"publish","type":"post","link":"https:\/\/aconteceunovale.com.br\/portal\/?p=48168","title":{"rendered":"Suspeito de homic\u00eddio em Governador Valadares pode pegar at\u00e9 30 anos de pris\u00e3o"},"content":{"rendered":"<h4><strong><em>Conforme a pol\u00edcia, Helo\u00edsio Luiz da Silva fazia parte de uma gangue que comandava o tr\u00e1fico de drogas na regi\u00e3o. Ele tamb\u00e9m pode ter envolvimento em outro homic\u00eddio registrado na cidade.<\/em><\/strong><\/h4>\n<p>A Pol\u00edcia Civil apresentou nesta quarta-feira o homem apontado como respons\u00e1vel pela morte de Marcos Saymon dos Santos de Paula, conhecido como \u201cMarc\u00e3o p\u00e9 de pato\u201d, no m\u00eas de novembro, em Governador Valadares, Regi\u00e3o do Rio Doce. Helo\u00edsio Luiz da Silva, 20 anos, tamb\u00e9m \u00e9 suspeito de um homic\u00eddio registrado em 2013, e se condenado, poder\u00e1 cumprir de 12 a 30 anos de pris\u00e3o por cada crime.<\/p>\n<p><img decoding=\"async\" src=\"http:\/\/aconteceunovale.com.br\/portal\/wp-content\/uploads\/2014\/12\/autor_homicidio_gv_17_12.jpg\" alt=\"\" \/><em>Conforme a pol\u00edcia, Helo\u00edsio Luiz da Silva fazia parte de uma gangue que comandava o tr\u00e1fico de drogas na regi\u00e3o &#8211; (Foto: Diego Souza \/ Inter TV dos Vales)<\/em><br \/>\n<\/br><\/p>\n<p>Conforme o delegado Gean Vitor Fanti, respons\u00e1vel pela investiga\u00e7\u00e3o, a namorada da v\u00edtima presenciou o crime e disse que ouviu as vozes de duas ou tr\u00eas pessoas, que invadiram a casa por um matagal, e atiraram cinco vezes contra Marcos. Uma outra testemunha, vizinha da resid\u00eancia, informou que Marc\u00e3o havia sido jurado de morte por uma gangue chamada \u201cGangue do Lequinha\u201d. <\/p>\n<p>\u201cN\u00f3s pedimos a pris\u00e3o preventiva do suspeito, porque ele aterrorizava o munic\u00edpio e era conhecido por seu comportamento violento. Felizmente a Justi\u00e7a acatou nosso trabalho e pudemos livrar a sociedade deste homem. Agora poderemos investigar com maior tranquilidade, pois existe a suspeita de que ele tenha envolvimento com uma outra morte\u201d, contou o delegado. <\/p>\n<p>Durante os depoimentos, Helo\u00edsio negou envolvimento com o tr\u00e1fico ou com as mortes registradas em Valadares em que ele \u00e9 suspeito. Por\u00e9m, a Pol\u00edcia Civil afirma ter provas de que ele \u00e9 participava de um grupo criminoso e que matou Marcos por causa de uma d\u00edvida de drogas. Agora, ele vai aguardar o andamento do processo no Pres\u00eddio Municipal de Governador Valadares.<\/p>\n<p><iframe loading=\"lazy\" width=\"640\" height=\"360\" src=\"\/\/www.youtube.com\/embed\/4q_z3ufazM8\" frameborder=\"0\" allowfullscreen><\/iframe><\/p>\n<p><strong><em>(Estado de Minas)<\/em><\/strong><\/p>\n","protected":false},"excerpt":{"rendered":"<p>Conforme a pol\u00edcia, Helo\u00edsio Luiz da Silva fazia parte de uma gangue que comandava o tr\u00e1fico de drogas na regi\u00e3o. Ele tamb\u00e9m pode ter envolvimento em outro homic\u00eddio registrado na cidade. A Pol\u00edcia Civil apresentou nesta quarta-feira o homem apontado como respons\u00e1vel pela morte de Marcos Saymon dos Santos de Paula, conhecido como \u201cMarc\u00e3o p\u00e9 [&hellip;]<\/p>\n","protected":false},"author":1,"featured_media":48169,"comment_status":"open","ping_status":"closed","sticky":false,"template":"","format":"standard","meta":{"amp_status":"","footnotes":""},"categories":[121],"tags":[27120,24349,247,27119,27118,27117,27116],"class_list":["post-48168","post","type-post","status-publish","format-standard","has-post-thumbnail","hentry","category-leste","tag-gangue-do-lequinha","tag-gean-vitor-fanti","tag-governador-valadares","tag-heloisio-luiz-da-silva","tag-marcao-pe-de-pato","tag-marcos-saymon-dos-santos-de-paula","tag-suspeito-de-homicidio-em-governador-valadares-pode-pegar-ate-30-anos-de-prisao"],"_links":{"self":[{"href":"https:\/\/aconteceunovale.com.br\/portal\/index.php?rest_route=\/wp\/v2\/posts\/48168","targetHints":{"allow":["GET"]}}],"collection":[{"href":"https:\/\/aconteceunovale.com.br\/portal\/index.php?rest_route=\/wp\/v2\/posts"}],"about":[{"href":"https:\/\/aconteceunovale.com.br\/portal\/index.php?rest_route=\/wp\/v2\/types\/post"}],"author":[{"embeddable":true,"href":"https:\/\/aconteceunovale.com.br\/portal\/index.php?rest_route=\/wp\/v2\/users\/1"}],"replies":[{"embeddable":true,"href":"https:\/\/aconteceunovale.com.br\/portal\/index.php?rest_route=%2Fwp%2Fv2%2Fcomments&post=48168"}],"version-history":[{"count":0,"href":"https:\/\/aconteceunovale.com.br\/portal\/index.php?rest_route=\/wp\/v2\/posts\/48168\/revisions"}],"wp:featuredmedia":[{"embeddable":true,"href":"https:\/\/aconteceunovale.com.br\/portal\/index.php?rest_route=\/wp\/v2\/media\/48169"}],"wp:attachment":[{"href":"https:\/\/aconteceunovale.com.br\/portal\/index.php?rest_route=%2Fwp%2Fv2%2Fmedia&parent=48168"}],"wp:term":[{"taxonomy":"category","embeddable":true,"href":"https:\/\/aconteceunovale.com.br\/portal\/index.php?rest_route=%2Fwp%2Fv2%2Fcategories&post=48168"},{"taxonomy":"post_tag","embeddable":true,"href":"https:\/\/aconteceunovale.com.br\/portal\/index.php?rest_route=%2Fwp%2Fv2%2Ftags&post=48168"}],"curies":[{"name":"wp","href":"https:\/\/api.w.org\/{rel}","templated":true}]}}