{"id":48163,"date":"2014-12-17T17:48:33","date_gmt":"2014-12-17T20:48:33","guid":{"rendered":"http:\/\/aconteceunovale.com.br\/portal\/?p=48163"},"modified":"2014-12-17T17:50:20","modified_gmt":"2014-12-17T20:50:20","slug":"caminhao-carregado-com-mangas-tomba-proximo-a-governador-valadares","status":"publish","type":"post","link":"https:\/\/aconteceunovale.com.br\/portal\/?p=48163","title":{"rendered":"Caminh\u00e3o carregado com mangas tomba pr\u00f3ximo a Governador Valadares"},"content":{"rendered":"<h4><strong><em>Acidente aconteceu na altura do quil\u00f4metro 137 da BR-259. Motorista teve um corte na cabe\u00e7a, mas recusou atendimento.<\/em><\/strong><\/h4>\n<p>Um homem de 29 anos ficou ferido em um acidente na tarde dessa ter\u00e7a-feira, 16 de novembro, na altura do quil\u00f4metro 137 da BR-259, pr\u00f3ximo ao distrito de S\u00e3o Vitor, no munic\u00edpio de Governador Valadares, no Leste de Minas Gerais. Segundo a Pol\u00edcia Militar, a v\u00edtima estava em um caminh\u00e3o, carregado de manga, quando perdeu o controle e capotou.<\/p>\n<p>Ainda segundo a PM, a carga ficou espalhada pela pista. O Corpo de Bombeiros foi acionado para retirar o motorista, que ficou preso \u00e0s ferragens. O homem teve um corte na cabe\u00e7a, mas recusou atendimento m\u00e9dico e esperou a retirada do material.<\/p>\n<p><img decoding=\"async\" src=\"http:\/\/aconteceunovale.com.br\/portal\/wp-content\/uploads\/2014\/12\/acidente-sao-vitor.jpg\" alt=\"\" \/><em>Acidente aconteceu pr\u00f3ximo ao distrito de S\u00e3o Vitor, na BR-259 &#8211; Foto: P\u00e1gina Caso de Pol\u00edcia<\/em><br \/>\n<\/br><\/p>\n<p><strong><em>(Inter TV dos Vales)<\/em><\/strong><\/p>\n","protected":false},"excerpt":{"rendered":"<p>Acidente aconteceu na altura do quil\u00f4metro 137 da BR-259. Motorista teve um corte na cabe\u00e7a, mas recusou atendimento. Um homem de 29 anos ficou ferido em um acidente na tarde dessa ter\u00e7a-feira, 16 de novembro, na altura do quil\u00f4metro 137 da BR-259, pr\u00f3ximo ao distrito de S\u00e3o Vitor, no munic\u00edpio de Governador Valadares, no Leste [&hellip;]<\/p>\n","protected":false},"author":1,"featured_media":48164,"comment_status":"open","ping_status":"closed","sticky":false,"template":"","format":"standard","meta":{"amp_status":"","footnotes":""},"categories":[121],"tags":[27114,27115,1490,27113,284,247],"class_list":["post-48163","post","type-post","status-publish","format-standard","has-post-thumbnail","hentry","category-leste","tag-acidente-com-caminhao-de-cuparaque","tag-acidente-com-caminhao-que-seguia-para-araguari","tag-araguari","tag-caminhao-carregado-com-mangas-tomba-proximo-a-governador-valadares","tag-cuparaque","tag-governador-valadares"],"_links":{"self":[{"href":"https:\/\/aconteceunovale.com.br\/portal\/index.php?rest_route=\/wp\/v2\/posts\/48163","targetHints":{"allow":["GET"]}}],"collection":[{"href":"https:\/\/aconteceunovale.com.br\/portal\/index.php?rest_route=\/wp\/v2\/posts"}],"about":[{"href":"https:\/\/aconteceunovale.com.br\/portal\/index.php?rest_route=\/wp\/v2\/types\/post"}],"author":[{"embeddable":true,"href":"https:\/\/aconteceunovale.com.br\/portal\/index.php?rest_route=\/wp\/v2\/users\/1"}],"replies":[{"embeddable":true,"href":"https:\/\/aconteceunovale.com.br\/portal\/index.php?rest_route=%2Fwp%2Fv2%2Fcomments&post=48163"}],"version-history":[{"count":0,"href":"https:\/\/aconteceunovale.com.br\/portal\/index.php?rest_route=\/wp\/v2\/posts\/48163\/revisions"}],"wp:featuredmedia":[{"embeddable":true,"href":"https:\/\/aconteceunovale.com.br\/portal\/index.php?rest_route=\/wp\/v2\/media\/48164"}],"wp:attachment":[{"href":"https:\/\/aconteceunovale.com.br\/portal\/index.php?rest_route=%2Fwp%2Fv2%2Fmedia&parent=48163"}],"wp:term":[{"taxonomy":"category","embeddable":true,"href":"https:\/\/aconteceunovale.com.br\/portal\/index.php?rest_route=%2Fwp%2Fv2%2Fcategories&post=48163"},{"taxonomy":"post_tag","embeddable":true,"href":"https:\/\/aconteceunovale.com.br\/portal\/index.php?rest_route=%2Fwp%2Fv2%2Ftags&post=48163"}],"curies":[{"name":"wp","href":"https:\/\/api.w.org\/{rel}","templated":true}]}}