{"id":48151,"date":"2014-12-17T14:34:57","date_gmt":"2014-12-17T17:34:57","guid":{"rendered":"http:\/\/aconteceunovale.com.br\/portal\/?p=48151"},"modified":"2014-12-17T14:34:57","modified_gmt":"2014-12-17T17:34:57","slug":"aluno-agredido-em-escola-de-montes-claros-recebera-r-4-mil-de-indenizacao","status":"publish","type":"post","link":"https:\/\/aconteceunovale.com.br\/portal\/?p=48151","title":{"rendered":"Aluno agredido em escola de Montes Claros receber\u00e1 R$ 4 mil de indeniza\u00e7\u00e3o"},"content":{"rendered":"<p>Um aluno da rede p\u00fablica de Montes Claros dever\u00e1 ser indenizado pelo Estado em R$ 4 mil pelos danos morais decorrentes de agress\u00e3o por parte de colegas de classe. A decis\u00e3o \u00e9 da 6\u00aa C\u00e2mara C\u00edvel do Tribunal de Justi\u00e7a de Minas Gerais (TJMG), entendendo que houve falha no dever do Estado de garantir a seguran\u00e7a dos alunos.<\/p>\n<p>Consta dos autos que as agress\u00f5es ocorreram no dia 29 de setembro de 2011, nas depend\u00eancias da escola, conforme registrado no boletim de ocorr\u00eancia.<\/p>\n<p>Na Primeira Inst\u00e2ncia, o pedido foi julgado procedente, sendo o valor da indeniza\u00e7\u00e3o fixado em R$ 4 mil. Tanto o adolescente, representado por sua m\u00e3e, quanto o Estado recorreram da senten\u00e7a. O aluno requereu o aumento da indeniza\u00e7\u00e3o, j\u00e1 o Estado pediu a reforma da decis\u00e3o, alegando que n\u00e3o houve neglig\u00eancia por parte dos agentes educacionais e que a agress\u00e3o decorreu de culpa exclusiva da v\u00edtima.<\/p>\n<p>Em seu voto, o relator da a\u00e7\u00e3o, desembargador Corr\u00eaa Junior, ressaltou que \u00e9 dever do Estado zelar pela seguran\u00e7a e pela integridade f\u00edsica dos alunos presentes nas depend\u00eancias da escola. No caso dos autos, entendeu o relator, a agress\u00e3o suportada pelo aluno mostra-se incontroversa. Al\u00e9m dos hematomas e escoria\u00e7\u00f5es descritos no relat\u00f3rio m\u00e9dico, o evento acarretou ao adolescente abalo emocional, e ele foi transferido para outra escola, complementou.<\/p>\n<p>O relator considerou ainda as declara\u00e7\u00f5es de testemunhas e uma grava\u00e7\u00e3o feita por colegas da v\u00edtima, que comprovaram a agress\u00e3o.<\/p>\n<p>Quanto ao valor da indeniza\u00e7\u00e3o fixada na Primeira Inst\u00e2ncia, o relator entendeu que o ele encontra-se balizado nos crit\u00e9rios de equidade que a situa\u00e7\u00e3o exige. Minorou os honor\u00e1rios advocat\u00edcios e reformou a decis\u00e3o no que se refere \u00e0 incid\u00eancia de corre\u00e7\u00e3o monet\u00e1ria e juros. Acompanharam o relator os desembargadores Audebert Delage e Sandra Fonseca.<\/p>\n<p><em>(Fonte: Tribunal de Justi\u00e7a de Minas Gerais)<\/em><\/p>\n","protected":false},"excerpt":{"rendered":"<p>Um aluno da rede p\u00fablica de Montes Claros dever\u00e1 ser indenizado pelo Estado em R$ 4 mil pelos danos morais decorrentes de agress\u00e3o por parte de colegas de classe. A decis\u00e3o \u00e9 da 6\u00aa C\u00e2mara C\u00edvel do Tribunal de Justi\u00e7a de Minas Gerais (TJMG), entendendo que houve falha no dever do Estado de garantir a [&hellip;]<\/p>\n","protected":false},"author":1,"featured_media":19256,"comment_status":"open","ping_status":"closed","sticky":false,"template":"","format":"standard","meta":{"amp_status":"","footnotes":""},"categories":[1236],"tags":[27104,27103,210],"class_list":["post-48151","post","type-post","status-publish","format-standard","has-post-thumbnail","hentry","category-norte_de_minas","tag-aluno-agredido-em-escola-de-montes-claros","tag-aluno-agredido-em-escola-de-montes-claros-recebera-r-4-mil-de-indenizacao","tag-montes-claros"],"_links":{"self":[{"href":"https:\/\/aconteceunovale.com.br\/portal\/index.php?rest_route=\/wp\/v2\/posts\/48151","targetHints":{"allow":["GET"]}}],"collection":[{"href":"https:\/\/aconteceunovale.com.br\/portal\/index.php?rest_route=\/wp\/v2\/posts"}],"about":[{"href":"https:\/\/aconteceunovale.com.br\/portal\/index.php?rest_route=\/wp\/v2\/types\/post"}],"author":[{"embeddable":true,"href":"https:\/\/aconteceunovale.com.br\/portal\/index.php?rest_route=\/wp\/v2\/users\/1"}],"replies":[{"embeddable":true,"href":"https:\/\/aconteceunovale.com.br\/portal\/index.php?rest_route=%2Fwp%2Fv2%2Fcomments&post=48151"}],"version-history":[{"count":0,"href":"https:\/\/aconteceunovale.com.br\/portal\/index.php?rest_route=\/wp\/v2\/posts\/48151\/revisions"}],"wp:featuredmedia":[{"embeddable":true,"href":"https:\/\/aconteceunovale.com.br\/portal\/index.php?rest_route=\/wp\/v2\/media\/19256"}],"wp:attachment":[{"href":"https:\/\/aconteceunovale.com.br\/portal\/index.php?rest_route=%2Fwp%2Fv2%2Fmedia&parent=48151"}],"wp:term":[{"taxonomy":"category","embeddable":true,"href":"https:\/\/aconteceunovale.com.br\/portal\/index.php?rest_route=%2Fwp%2Fv2%2Fcategories&post=48151"},{"taxonomy":"post_tag","embeddable":true,"href":"https:\/\/aconteceunovale.com.br\/portal\/index.php?rest_route=%2Fwp%2Fv2%2Ftags&post=48151"}],"curies":[{"name":"wp","href":"https:\/\/api.w.org\/{rel}","templated":true}]}}