{"id":48147,"date":"2014-12-17T14:21:36","date_gmt":"2014-12-17T17:21:36","guid":{"rendered":"http:\/\/aconteceunovale.com.br\/portal\/?p=48147"},"modified":"2014-12-17T14:21:36","modified_gmt":"2014-12-17T17:21:36","slug":"novos-extintores-de-incendio-serao-exigidos-a-partir-de-1o-de-janeiro-de-2015","status":"publish","type":"post","link":"https:\/\/aconteceunovale.com.br\/portal\/?p=48147","title":{"rendered":"Novos extintores de inc\u00eandio ser\u00e3o exigidos a partir de 1\u00ba de janeiro de 2015"},"content":{"rendered":"<h4><strong><em>Ao n\u00e3o cumprir a medida, o propriet\u00e1rio estar\u00e1 sujeito a multa de R$ 127,69 mais cinco pontos na CNH, al\u00e9m de reten\u00e7\u00e3o do ve\u00edculo para regulariza\u00e7\u00e3o.<\/em><\/strong><\/h4>\n<p>A partir do dia 1\u00ba de janeiro de 2015, os ve\u00edculos automotores s\u00f3 poder\u00e3o circular equipados com extintores de inc\u00eandio com carga de p\u00f3 ABC. Os equipamentos permitidos atualmente pela legisla\u00e7\u00e3o federal, do tipo BC, dever\u00e3o ser substitu\u00eddos at\u00e9 31 de dezembro de 2014.<\/p>\n<p><img decoding=\"async\" src=\"http:\/\/aconteceunovale.com.br\/portal\/wp-content\/uploads\/2014\/12\/extintor_veiculo.jpg\" alt=\"\" \/><em>Novo tipo de extintor ser\u00e1 exigido a partir de 1\u00ba de janeiro de 2015 &#8211; Foto: Reprodu\u00e7\u00e3o<\/em><br \/>\n<\/br><\/p>\n<p>De acordo com o Artigo 105 do CTB (C\u00f3digo de Tr\u00e2nsito Brasileiro), o extintor \u00e9 de uso obrigat\u00f3rio nos ve\u00edculos automotores, el\u00e9tricos, reboque e semi-reboque. Nenhum desses poder\u00e1 sair de f\u00e1brica, ser licenciado e transitar nas vias abertas \u00e0 circula\u00e7\u00e3o sem estar equipado com extintor de inc\u00eandio instalado na parte dianteira do compartimento interno destinado aos passageiros. A Resolu\u00e7\u00e3o ainda estabelece especifica\u00e7\u00f5es (quantidade, tipo e capacidade m\u00ednima da carga) dos extintores. <\/p>\n<p>De acordo com o Denatran (Departamento Nacional de Tr\u00e2nsito), a medida garante maior seguran\u00e7a aos motoristas e passageiros. \u201cOs extintores com carga ABC s\u00e3o mais modernos e atendem todas as classes de inc\u00eandio. O p\u00f3 especial \u00e9 capaz de combater princ\u00edpios de inc\u00eandios em materiais s\u00f3lidos, l\u00edquidos inflam\u00e1veis e equipamentos energizados\u201d, comentou a assessoria de comunica\u00e7\u00e3o do \u00f3rg\u00e3o. <\/p>\n<p>Os extintores de inc\u00eandio de p\u00f3 qu\u00edmico tipo BC, que equiparam os carros fabricados at\u00e9 2004, t\u00eam capacidade de combater princ\u00edpios de inc\u00eandios de l\u00edquidos inflam\u00e1veis e equipamentos el\u00e9tricos. Os de carga ABC atuam desde princ\u00edpios de inc\u00eandios de s\u00f3lidos at\u00e9 pap\u00e9is, madeiras e tecidos.<\/p>\n<p>Al\u00e9m da troca da carga, os propriet\u00e1rios devem estar atentos quanto \u00e0 capacidade e validade dos extintores. <\/p>\n<p>Conduzir o ve\u00edculo sem equipamento obrigat\u00f3rio ou se este estiver ineficiente ou inoperante \u00e9 considerado infra\u00e7\u00e3o grave, segundo o artigo 230 do CTB. A penalidade gera multa de R$ 127,69, mais cinco pontos na CNH (Carteira Nacional de Habilita\u00e7\u00e3o) do propriet\u00e1rio do ve\u00edculo, al\u00e9m de medida administrativa (reten\u00e7\u00e3o do ve\u00edculo para regulariza\u00e7\u00e3o).<\/p>\n<p><em>(Fonte: Ag\u00eancia CNT de Not\u00edcias)<\/em><\/p>\n","protected":false},"excerpt":{"rendered":"<p>Ao n\u00e3o cumprir a medida, o propriet\u00e1rio estar\u00e1 sujeito a multa de R$ 127,69 mais cinco pontos na CNH, al\u00e9m de reten\u00e7\u00e3o do ve\u00edculo para regulariza\u00e7\u00e3o. A partir do dia 1\u00ba de janeiro de 2015, os ve\u00edculos automotores s\u00f3 poder\u00e3o circular equipados com extintores de inc\u00eandio com carga de p\u00f3 ABC. Os equipamentos permitidos atualmente [&hellip;]<\/p>\n","protected":false},"author":1,"featured_media":48148,"comment_status":"open","ping_status":"closed","sticky":false,"template":"","format":"standard","meta":{"amp_status":"","footnotes":""},"categories":[6],"tags":[1018,27100,27099,27097,27102,27101,27098],"class_list":["post-48147","post","type-post","status-publish","format-standard","has-post-thumbnail","hentry","category-br","tag-destaque","tag-extintor-com-carga-de-po-abc","tag-novo-tipo-de-extintor","tag-novos-extintores-de-incendio-serao-exigidos-a-partir-de-1o-de-janeiro-de-2015","tag-substituicao-de-extintores","tag-troca-de-extintores","tag-veiculos-automotores-so-poderao-circular-equipados-com-extintores-de-incendio-com-carga-de-po-abc"],"_links":{"self":[{"href":"https:\/\/aconteceunovale.com.br\/portal\/index.php?rest_route=\/wp\/v2\/posts\/48147","targetHints":{"allow":["GET"]}}],"collection":[{"href":"https:\/\/aconteceunovale.com.br\/portal\/index.php?rest_route=\/wp\/v2\/posts"}],"about":[{"href":"https:\/\/aconteceunovale.com.br\/portal\/index.php?rest_route=\/wp\/v2\/types\/post"}],"author":[{"embeddable":true,"href":"https:\/\/aconteceunovale.com.br\/portal\/index.php?rest_route=\/wp\/v2\/users\/1"}],"replies":[{"embeddable":true,"href":"https:\/\/aconteceunovale.com.br\/portal\/index.php?rest_route=%2Fwp%2Fv2%2Fcomments&post=48147"}],"version-history":[{"count":0,"href":"https:\/\/aconteceunovale.com.br\/portal\/index.php?rest_route=\/wp\/v2\/posts\/48147\/revisions"}],"wp:featuredmedia":[{"embeddable":true,"href":"https:\/\/aconteceunovale.com.br\/portal\/index.php?rest_route=\/wp\/v2\/media\/48148"}],"wp:attachment":[{"href":"https:\/\/aconteceunovale.com.br\/portal\/index.php?rest_route=%2Fwp%2Fv2%2Fmedia&parent=48147"}],"wp:term":[{"taxonomy":"category","embeddable":true,"href":"https:\/\/aconteceunovale.com.br\/portal\/index.php?rest_route=%2Fwp%2Fv2%2Fcategories&post=48147"},{"taxonomy":"post_tag","embeddable":true,"href":"https:\/\/aconteceunovale.com.br\/portal\/index.php?rest_route=%2Fwp%2Fv2%2Ftags&post=48147"}],"curies":[{"name":"wp","href":"https:\/\/api.w.org\/{rel}","templated":true}]}}