{"id":48142,"date":"2014-12-17T09:58:23","date_gmt":"2014-12-17T12:58:23","guid":{"rendered":"http:\/\/aconteceunovale.com.br\/portal\/?p=48142"},"modified":"2014-12-17T09:58:23","modified_gmt":"2014-12-17T12:58:23","slug":"autores-de-roubo-se-envolvem-em-acidente-e-sao-presos-em-teofilo-otoni","status":"publish","type":"post","link":"https:\/\/aconteceunovale.com.br\/portal\/?p=48142","title":{"rendered":"Autores de roubo se envolvem em acidente e s\u00e3o presos em Te\u00f3filo Otoni"},"content":{"rendered":"<h4><strong><em>Suspeitos teriam desrespeitado a sinaliza\u00e7\u00e3o de tr\u00e2nsito e batido na traseira de uma van. Com eles, a Pol\u00edcia Militar recuperou uma c\u00e2mera e um celular roubados na porta da UNIPAC.<\/em><\/strong><\/h4>\n<p>Dois jovens de 20 anos foram presos no final da noite desta ter\u00e7a-feira, 16 de dezembro, ap\u00f3s se envolverem em um acidente no cruzamento das ruas Teodorico Tourinho com Ant\u00f4nio Alves Benjamim, em Te\u00f3filo Otoni, no Vale do Mucuri. <\/p>\n<p>De acordo com a Pol\u00edcia Militar, por volta das 23h15, o COPOM recebeu den\u00fancia an\u00f4nima dando conta que havia ocorrido um acidente envolvendo uma motocicleta e uma van e que um dos ocupantes da motocicleta estaria com uma arma de fogo.<\/p>\n<p>Diante da den\u00fancia, uma guarni\u00e7\u00e3o policial compareceu ao local e localizou um rev\u00f3lver calibre 38, municiado com seis cartuchos intactos, uma maquina fotogr\u00e1fica e um aparelho de celular, que estavam com o passageiro da moto Jonathan Rodrigues Amaral. Ele sofreu escoria\u00e7\u00f5es no rosto e p\u00e9s, mas recusou o atendimento m\u00e9dico.<\/p>\n<p>J\u00e1 o condutor da moto sofreu escoria\u00e7\u00f5es no rosto, bra\u00e7os e pernas. Kennedy dos Santos Rodrigues foi socorrido por uma unidade de resgate do Corpo de Bombeiros e encaminhado \u00e0 Unidade de Pronto Atendimento (UPA). <\/p>\n<p>Ainda segundo a PM, testemunhas relataram que o condutor da motocicleta n\u00e3o teria obedecido \u00e0 sinaliza\u00e7\u00e3o de parada obrigat\u00f3ria, vindo a colidir na traseira da van. Testemunhas disseram tamb\u00e9m que o motorista desceu do ve\u00edculo, e ao visualizar a arma de fogo ca\u00edda ao solo e ap\u00f3s ouvir de transeuntes que os ocupantes da moto eram traficantes, ele teria evadido do local, n\u00e3o sendo localizado.<\/p>\n<p>Os policiais, que atenderam a ocorr\u00eancia, verificaram as fotos da m\u00e1quina fotogr\u00e1fica e reconheceram uma das v\u00edtimas, que relatou que quando saia da UNIPAC, em companhia de duas colegas, foram abordadas pelos autores, sendo que o passageiro desceu da moto e com uma arma em punho, anunciou o assalto, subtraindo a c\u00e2mera e dois aparelhos de celular.<\/p>\n<p>Diante dos fatos, foi dada voz de pris\u00e3o aos infratores e, juntamente com a arma de fogo e demais materiais apreendidos, foram conduzidos \u00e0 Delegacia de Pol\u00edcia Civil de Te\u00f3filo Otoni, onde o fato foi registrado.<\/p>\n<p><img decoding=\"async\" src=\"http:\/\/aconteceunovale.com.br\/portal\/wp-content\/uploads\/2014\/12\/autores_presos_to.jpg\" alt=\"\" \/><em>Autores se envolveram em acidente ap\u00f3s assalto &#8211; Foto: Pol\u00edcia Militar\/Divulga\u00e7\u00e3o<\/em><\/p>\n","protected":false},"excerpt":{"rendered":"<p>Suspeitos teriam desrespeitado a sinaliza\u00e7\u00e3o de tr\u00e2nsito e batido na traseira de uma van. Com eles, a Pol\u00edcia Militar recuperou uma c\u00e2mera e um celular roubados na porta da UNIPAC. Dois jovens de 20 anos foram presos no final da noite desta ter\u00e7a-feira, 16 de dezembro, ap\u00f3s se envolverem em um acidente no cruzamento das [&hellip;]<\/p>\n","protected":false},"author":1,"featured_media":48143,"comment_status":"open","ping_status":"closed","sticky":false,"template":"","format":"standard","meta":{"amp_status":"","footnotes":""},"categories":[122],"tags":[27089,27091,27090,27092,164,27093],"class_list":["post-48142","post","type-post","status-publish","format-standard","has-post-thumbnail","hentry","category-mucuri","tag-autores-de-roubo-se-envolvem-em-acidente-e-sao-presos-em-teofilo-otoni","tag-jonathan-rodrigues-amaral","tag-kennedy-dos-santos-rodrigues","tag-roubo-na-saida-da-unipac","tag-teofilo-otoni","tag-traficantes-se-envolvem-em-acidente"],"_links":{"self":[{"href":"https:\/\/aconteceunovale.com.br\/portal\/index.php?rest_route=\/wp\/v2\/posts\/48142","targetHints":{"allow":["GET"]}}],"collection":[{"href":"https:\/\/aconteceunovale.com.br\/portal\/index.php?rest_route=\/wp\/v2\/posts"}],"about":[{"href":"https:\/\/aconteceunovale.com.br\/portal\/index.php?rest_route=\/wp\/v2\/types\/post"}],"author":[{"embeddable":true,"href":"https:\/\/aconteceunovale.com.br\/portal\/index.php?rest_route=\/wp\/v2\/users\/1"}],"replies":[{"embeddable":true,"href":"https:\/\/aconteceunovale.com.br\/portal\/index.php?rest_route=%2Fwp%2Fv2%2Fcomments&post=48142"}],"version-history":[{"count":0,"href":"https:\/\/aconteceunovale.com.br\/portal\/index.php?rest_route=\/wp\/v2\/posts\/48142\/revisions"}],"wp:featuredmedia":[{"embeddable":true,"href":"https:\/\/aconteceunovale.com.br\/portal\/index.php?rest_route=\/wp\/v2\/media\/48143"}],"wp:attachment":[{"href":"https:\/\/aconteceunovale.com.br\/portal\/index.php?rest_route=%2Fwp%2Fv2%2Fmedia&parent=48142"}],"wp:term":[{"taxonomy":"category","embeddable":true,"href":"https:\/\/aconteceunovale.com.br\/portal\/index.php?rest_route=%2Fwp%2Fv2%2Fcategories&post=48142"},{"taxonomy":"post_tag","embeddable":true,"href":"https:\/\/aconteceunovale.com.br\/portal\/index.php?rest_route=%2Fwp%2Fv2%2Ftags&post=48142"}],"curies":[{"name":"wp","href":"https:\/\/api.w.org\/{rel}","templated":true}]}}