{"id":48139,"date":"2014-12-17T09:15:43","date_gmt":"2014-12-17T12:15:43","guid":{"rendered":"http:\/\/aconteceunovale.com.br\/portal\/?p=48139"},"modified":"2014-12-17T14:13:13","modified_gmt":"2014-12-17T17:13:13","slug":"capotamento-de-veiculo-deixa-um-morto-e-quatro-feridos-na-br-367","status":"publish","type":"post","link":"https:\/\/aconteceunovale.com.br\/portal\/?p=48139","title":{"rendered":"Capotamento de ve\u00edculo deixa um morto e quatro feridos na BR-367, entre Jequitinhonha e Itaobim"},"content":{"rendered":"<h4><strong><em>Feridos foram socorridos para hospitais de Jequitinhonha e Itaobim. Motorista relatou a pol\u00edcia que teria perdido o controle da dire\u00e7\u00e3o em uma reta.<\/em><\/strong><\/h4>\n<p>Uma pessoa morreu e quatro ficaram feridas em um acidente na tarde desta ter\u00e7a-feira, 16 de dezembro, na altura do quil\u00f4metro 181 da BR-367, entre os munic\u00edpios de Jequitinhonha e Itaobim, no Vale do Jequitinhonha.<\/p>\n<p>De acordo com a Pol\u00edcia Militar Rodovi\u00e1ria, o condutor do ve\u00edculo, Emerson Pereira Quaresma, relatou que teria perdido o controle direcional em uma retal, saiu da pista e capotou. Com o impacto do acidente, a crian\u00e7a Eduardo Matias da Silva J\u00fanior, n\u00e3o resistiu aos graves ferimentos e morreu no local.<\/p>\n<p>O condutor e outras tr\u00eas pessoas ficaram feridos. Eles foram socorridos por e encaminhados para atendimento m\u00e9dico nos hospitais de Jequitinhonha e Itaobim. <\/p>\n<p>A per\u00edcia t\u00e9cnica da Pol\u00edcia Civil foi acionada para os trabalhos de praxe. O motorista realizou o teste de etil\u00f4metro, tendo o resultado acusado que o mesmo n\u00e3o fez uso de bebida alco\u00f3lica.<\/p>\n<p><img decoding=\"async\" src=\"http:\/\/aconteceunovale.com.br\/portal\/wp-content\/uploads\/2014\/12\/acidente_367_jequi.png\" alt=\"\" \/><em>Ve\u00edculo capotou na BR-367, entre Itaobim e Jequitinhonha &#8211; Foto: Reprodu\u00e7\u00e3o<\/em><\/p>\n","protected":false},"excerpt":{"rendered":"<p>Feridos foram socorridos para hospitais de Jequitinhonha e Itaobim. Motorista relatou a pol\u00edcia que teria perdido o controle da dire\u00e7\u00e3o em uma reta. Uma pessoa morreu e quatro ficaram feridas em um acidente na tarde desta ter\u00e7a-feira, 16 de dezembro, na altura do quil\u00f4metro 181 da BR-367, entre os munic\u00edpios de Jequitinhonha e Itaobim, no [&hellip;]<\/p>\n","protected":false},"author":1,"featured_media":48145,"comment_status":"open","ping_status":"closed","sticky":false,"template":"","format":"standard","meta":{"amp_status":"","footnotes":""},"categories":[120],"tags":[27085,23013,27088,27087,27086,27094,391,27096,27095,206030],"class_list":["post-48139","post","type-post","status-publish","format-standard","has-post-thumbnail","hentry","category-jequi","tag-acidente-entre-itaobim-e-jequitinhonha","tag-acidente-na-br-367","tag-capotamento-de-veiculo-deixa-um-morto-e-quatro-feridos-na-br-367-entre-jequitinhonha-e-itaobim","tag-eduardo-matias-da-silva-junior","tag-emerson-pereira-quaresma","tag-fabiano-pereira-quaresma","tag-itaobim","tag-maria-eduarda-matias-da-silva","tag-rita-matias-de-oliveira","tag-jequi"],"_links":{"self":[{"href":"https:\/\/aconteceunovale.com.br\/portal\/index.php?rest_route=\/wp\/v2\/posts\/48139","targetHints":{"allow":["GET"]}}],"collection":[{"href":"https:\/\/aconteceunovale.com.br\/portal\/index.php?rest_route=\/wp\/v2\/posts"}],"about":[{"href":"https:\/\/aconteceunovale.com.br\/portal\/index.php?rest_route=\/wp\/v2\/types\/post"}],"author":[{"embeddable":true,"href":"https:\/\/aconteceunovale.com.br\/portal\/index.php?rest_route=\/wp\/v2\/users\/1"}],"replies":[{"embeddable":true,"href":"https:\/\/aconteceunovale.com.br\/portal\/index.php?rest_route=%2Fwp%2Fv2%2Fcomments&post=48139"}],"version-history":[{"count":0,"href":"https:\/\/aconteceunovale.com.br\/portal\/index.php?rest_route=\/wp\/v2\/posts\/48139\/revisions"}],"wp:featuredmedia":[{"embeddable":true,"href":"https:\/\/aconteceunovale.com.br\/portal\/index.php?rest_route=\/wp\/v2\/media\/48145"}],"wp:attachment":[{"href":"https:\/\/aconteceunovale.com.br\/portal\/index.php?rest_route=%2Fwp%2Fv2%2Fmedia&parent=48139"}],"wp:term":[{"taxonomy":"category","embeddable":true,"href":"https:\/\/aconteceunovale.com.br\/portal\/index.php?rest_route=%2Fwp%2Fv2%2Fcategories&post=48139"},{"taxonomy":"post_tag","embeddable":true,"href":"https:\/\/aconteceunovale.com.br\/portal\/index.php?rest_route=%2Fwp%2Fv2%2Ftags&post=48139"}],"curies":[{"name":"wp","href":"https:\/\/api.w.org\/{rel}","templated":true}]}}