{"id":48135,"date":"2014-12-17T08:52:43","date_gmt":"2014-12-17T11:52:43","guid":{"rendered":"http:\/\/aconteceunovale.com.br\/portal\/?p=48135"},"modified":"2014-12-17T08:52:43","modified_gmt":"2014-12-17T11:52:43","slug":"homem-e-flagrado-fotografando-partes-intimas-de-mulheres-em-shopping-de-montes-claros","status":"publish","type":"post","link":"https:\/\/aconteceunovale.com.br\/portal\/?p=48135","title":{"rendered":"Homem \u00e9 flagrado fotografando partes \u00edntimas de mulheres em shopping de Montes Claros"},"content":{"rendered":"<h4><strong><em>Suspeito confessou que ficava embaixo de escadas para tirar fotos<\/em><\/strong><\/h4>\n<p>[image src=&#8221;http:\/\/aconteceunovale.com.br\/portal\/wp-content\/uploads\/2014\/12\/tarado_moc.jpg&#8221; width=&#8221;310&#8243; height=&#8221;350&#8243; lightbox=&#8221;yes&#8221; align=&#8221;left&#8221; float=&#8221;left&#8221;]Um homem foi flagrado fotografando as partes \u00edntimas de mulheres em um shopping de Montes Claros, no norte de Minas Gerais. Jonatas Samuel Ferreira Souza (foto), de 23 anos, foi detido.<\/p>\n<p>Uma testemunha, que preferiu n\u00e3o se identificar, contou como aconteceu o flagrante. <em>&#8220;Acho que o namorado de uma das v\u00edtimas percebeu o que tinha acontecido e acionou a seguran\u00e7a para fazer o flagrante desse meliante. Pelo o que eu puder perceber, os seguran\u00e7as imobilizaram ele e chamaram a pol\u00edcia.&#8221;<\/em><\/p>\n<p>O suspeito foi detido por policiais militares, que encontraram centenas de fotos de mulheres em situa\u00e7\u00f5es constrangedores no celular do suspeito. Em um v\u00eddeo gravado dentro da delegacia, Souza explica porque fazia os registros. <em>&#8220;Foi mais por brincadeira. Eu filmava e depois apagava.&#8221;<\/em><\/p>\n<p>Ele ainda contou aos policiais que procurava locais que facilitavam as grava\u00e7\u00f5es, por exemplo, debaixo de escadas. Nas imagens as mulheres apareciam em portas de escolas, bancos de pra\u00e7as, entre outros locais. Ele ainda utilizava um aplicativo para fazer montagens com as v\u00edtimas.<\/p>\n<p>Souza foi ouvido e liberado na delegacia mas precisou assinar um termo circunstanciado de ocorr\u00eancia e ter\u00e1 que comparecer na Justi\u00e7a. O celular dele foi apreendido para passar por per\u00edcia.<\/p>\n<p><strong>Veja a reportagem da Record sobre o caso:<\/strong><\/p>\n<p><iframe loading=\"lazy\" src=\"http:\/\/player.r7.com\/video\/i\/54913bc008c6bb15be0008f6?layout=wide252p\" height=\"480\" width=\"610\" frameborder=\"0\" marginwidth=\"0\" marginheight=\"0\" scrolling=\"no\"><\/iframe><\/p>\n<p><strong><em>(Portal R7)<\/em><\/strong><\/p>\n","protected":false},"excerpt":{"rendered":"<p>Suspeito confessou que ficava embaixo de escadas para tirar fotos [image src=&#8221;http:\/\/aconteceunovale.com.br\/portal\/wp-content\/uploads\/2014\/12\/tarado_moc.jpg&#8221; width=&#8221;310&#8243; height=&#8221;350&#8243; lightbox=&#8221;yes&#8221; align=&#8221;left&#8221; float=&#8221;left&#8221;]Um homem foi flagrado fotografando as partes \u00edntimas de mulheres em um shopping de Montes Claros, no norte de Minas Gerais. Jonatas Samuel Ferreira Souza (foto), de 23 anos, foi detido. Uma testemunha, que preferiu n\u00e3o se identificar, contou [&hellip;]<\/p>\n","protected":false},"author":1,"featured_media":48136,"comment_status":"open","ping_status":"closed","sticky":false,"template":"","format":"standard","meta":{"amp_status":"","footnotes":""},"categories":[1236],"tags":[27083,27082,27081,210,27084],"class_list":["post-48135","post","type-post","status-publish","format-standard","has-post-thumbnail","hentry","category-norte_de_minas","tag-homem-e-flagrado-fotografando-partes-intimas-de-mulheres-em-shopping-de-montes-claros","tag-homem-foi-flagrado-fotografando-as-partes-intimas-de-mulheres-em-um-shopping-de-montes-claros","tag-jonatas-samuel-ferreira-souza","tag-montes-claros","tag-tarado-de-montes-claros"],"_links":{"self":[{"href":"https:\/\/aconteceunovale.com.br\/portal\/index.php?rest_route=\/wp\/v2\/posts\/48135","targetHints":{"allow":["GET"]}}],"collection":[{"href":"https:\/\/aconteceunovale.com.br\/portal\/index.php?rest_route=\/wp\/v2\/posts"}],"about":[{"href":"https:\/\/aconteceunovale.com.br\/portal\/index.php?rest_route=\/wp\/v2\/types\/post"}],"author":[{"embeddable":true,"href":"https:\/\/aconteceunovale.com.br\/portal\/index.php?rest_route=\/wp\/v2\/users\/1"}],"replies":[{"embeddable":true,"href":"https:\/\/aconteceunovale.com.br\/portal\/index.php?rest_route=%2Fwp%2Fv2%2Fcomments&post=48135"}],"version-history":[{"count":0,"href":"https:\/\/aconteceunovale.com.br\/portal\/index.php?rest_route=\/wp\/v2\/posts\/48135\/revisions"}],"wp:featuredmedia":[{"embeddable":true,"href":"https:\/\/aconteceunovale.com.br\/portal\/index.php?rest_route=\/wp\/v2\/media\/48136"}],"wp:attachment":[{"href":"https:\/\/aconteceunovale.com.br\/portal\/index.php?rest_route=%2Fwp%2Fv2%2Fmedia&parent=48135"}],"wp:term":[{"taxonomy":"category","embeddable":true,"href":"https:\/\/aconteceunovale.com.br\/portal\/index.php?rest_route=%2Fwp%2Fv2%2Fcategories&post=48135"},{"taxonomy":"post_tag","embeddable":true,"href":"https:\/\/aconteceunovale.com.br\/portal\/index.php?rest_route=%2Fwp%2Fv2%2Ftags&post=48135"}],"curies":[{"name":"wp","href":"https:\/\/api.w.org\/{rel}","templated":true}]}}