{"id":48131,"date":"2014-12-17T08:29:31","date_gmt":"2014-12-17T11:29:31","guid":{"rendered":"http:\/\/aconteceunovale.com.br\/portal\/?p=48131"},"modified":"2014-12-17T08:29:31","modified_gmt":"2014-12-17T11:29:31","slug":"previsao-do-tempo-para-minas-gerais-nesta-quarta-feira-17-de-dezembro","status":"publish","type":"post","link":"https:\/\/aconteceunovale.com.br\/portal\/?p=48131","title":{"rendered":"Previs\u00e3o do tempo para Minas Gerais nesta quarta-feira, 17 de dezembro"},"content":{"rendered":"<h4><strong><em>O c\u00e9u fica parcialmente nublado com pancadas de chuvas isoladas nos setores Norte, Leste e Oeste de Minas Gerais<\/em><\/strong><\/h4>\n<p>Nesta quarta-feira, o c\u00e9u fica parcialmente nublado com pancadas de chuvas isoladas nos setores Norte, Leste e Oeste de Minas Gerais. Nas demais localidades mineiras, o sol predomina entre nuvens e as temperaturas diurnas ficam em eleva\u00e7\u00e3o. Na Regi\u00e3o Metropolitana de Belo Horizonte, a nebulosidade fica vari\u00e1vel, e na capital as temperaturas oscilam entre 16\u00b0C e 29\u00b0C.<\/p>\n","protected":false},"excerpt":{"rendered":"<p>O c\u00e9u fica parcialmente nublado com pancadas de chuvas isoladas nos setores Norte, Leste e Oeste de Minas Gerais Nesta quarta-feira, o c\u00e9u fica parcialmente nublado com pancadas de chuvas isoladas nos setores Norte, Leste e Oeste de Minas Gerais. Nas demais localidades mineiras, o sol predomina entre nuvens e as temperaturas diurnas ficam em [&hellip;]<\/p>\n","protected":false},"author":1,"featured_media":15765,"comment_status":"open","ping_status":"closed","sticky":false,"template":"","format":"standard","meta":{"amp_status":"","footnotes":""},"categories":[123],"tags":[1839,27078,26773,1841,27079],"class_list":["post-48131","post","type-post","status-publish","format-standard","has-post-thumbnail","hentry","category-gerais","tag-previsao-do-tempo-para-minas-gerais","tag-previsao-do-tempo-para-minas-gerais-nesta-quarta-feira-17-de-dezembro","tag-previsao-do-tempo-para-o-leste-de-minas","tag-previsao-do-tempo-para-o-norte-de-minas","tag-previsao-do-tempo-para-o-oeste-de-minas"],"_links":{"self":[{"href":"https:\/\/aconteceunovale.com.br\/portal\/index.php?rest_route=\/wp\/v2\/posts\/48131","targetHints":{"allow":["GET"]}}],"collection":[{"href":"https:\/\/aconteceunovale.com.br\/portal\/index.php?rest_route=\/wp\/v2\/posts"}],"about":[{"href":"https:\/\/aconteceunovale.com.br\/portal\/index.php?rest_route=\/wp\/v2\/types\/post"}],"author":[{"embeddable":true,"href":"https:\/\/aconteceunovale.com.br\/portal\/index.php?rest_route=\/wp\/v2\/users\/1"}],"replies":[{"embeddable":true,"href":"https:\/\/aconteceunovale.com.br\/portal\/index.php?rest_route=%2Fwp%2Fv2%2Fcomments&post=48131"}],"version-history":[{"count":0,"href":"https:\/\/aconteceunovale.com.br\/portal\/index.php?rest_route=\/wp\/v2\/posts\/48131\/revisions"}],"wp:featuredmedia":[{"embeddable":true,"href":"https:\/\/aconteceunovale.com.br\/portal\/index.php?rest_route=\/wp\/v2\/media\/15765"}],"wp:attachment":[{"href":"https:\/\/aconteceunovale.com.br\/portal\/index.php?rest_route=%2Fwp%2Fv2%2Fmedia&parent=48131"}],"wp:term":[{"taxonomy":"category","embeddable":true,"href":"https:\/\/aconteceunovale.com.br\/portal\/index.php?rest_route=%2Fwp%2Fv2%2Fcategories&post=48131"},{"taxonomy":"post_tag","embeddable":true,"href":"https:\/\/aconteceunovale.com.br\/portal\/index.php?rest_route=%2Fwp%2Fv2%2Ftags&post=48131"}],"curies":[{"name":"wp","href":"https:\/\/api.w.org\/{rel}","templated":true}]}}