{"id":48128,"date":"2014-12-17T08:23:08","date_gmt":"2014-12-17T11:23:08","guid":{"rendered":"http:\/\/aconteceunovale.com.br\/portal\/?p=48128"},"modified":"2014-12-17T08:23:08","modified_gmt":"2014-12-17T11:23:08","slug":"musico-diamantinense-sera-o-primeiro-brasileiro-a-cursar-programa-de-composicao-na-italia","status":"publish","type":"post","link":"https:\/\/aconteceunovale.com.br\/portal\/?p=48128","title":{"rendered":"M\u00fasico diamantinense ser\u00e1 o primeiro brasileiro a cursar programa de composi\u00e7\u00e3o na It\u00e1lia"},"content":{"rendered":"<h4><strong><em>Sergio Rodrigo embarca para o pa\u00eds para estudar na reconhecida Accademia Nazionale di Santa Cecilia<\/em><\/strong><\/h4>\n<p>A intui\u00e7\u00e3o e o devaneio t\u00eam pap\u00e9is fundamentais no processo de composi\u00e7\u00e3o musical, mas o trabalho de escrita \u00e9 meticuloso e racional, explica Sergio Rodrigo Ribeiro Lacerda. O jovem compositor de 31 anos ser\u00e1 alvo de apoio e homenagem de amigos e parceiros hoje \u00e0 noite, na Funda\u00e7\u00e3o de Educa\u00e7\u00e3o Art\u00edstica (FEA). No local, ser\u00e1 realizado o concerto &#8216;Piano piano si va lontano&#8217;, que, al\u00e9m de marcar a despedida dele da cidade, pretende levantar recursos para a viagem que o m\u00fasico vai realizar em janeiro.<\/p>\n<p>Traduzido do italiano, o t\u00edtulo da pe\u00e7a, &#8216;Pouco a pouco se vai longe&#8217;, tem tudo a ver com a trajet\u00f3ria do compositor diamantinense, que afivela as malas para embarcar para a It\u00e1lia, onde ser\u00e1 o primeiro brasileiro a cursar programa de composi\u00e7\u00e3o musical na Accademia Nazionale di Santa Cecilia. Com tr\u00eas anos de dura\u00e7\u00e3o, o curso de uma das institui\u00e7\u00f5es musicais mais antigas do mundo, sob orienta\u00e7\u00e3o do maestro Ivan Fedel \u2013 diretor musical da Bienal de Veneza, equivale a um doutorado. <\/p>\n<p>\u201cMas \u00e9 um diploma art\u00edstico, n\u00e3o acad\u00eamico\u201d, ressalta Sergio Rodrigo, que, depois de ter partituras, grava\u00e7\u00f5es e portf\u00f3lio avaliados, foi submetido a sabatina de uma hora de dura\u00e7\u00e3o, na qual sagrou-se vencedor ao lado de outros dois candidatos. O ano at\u00edpico (Copa do Mundo seguida de elei\u00e7\u00f5es) e a aus\u00eancia de editais p\u00fablicos nesse per\u00edodo acabaram emperrando a viagem do compositor, que conta agora com a colabora\u00e7\u00e3o p\u00fablica para embarcar.<\/p>\n<p>Graduado pela Escola de M\u00fasica da UFMG, onde fez mestrado em Processos Anal\u00edticos e Criativos (PAC), Sergio coordena o programa Composi\u00e7\u00e3o em Foco, realizado mensalmente na Funda\u00e7\u00e3o de Educa\u00e7\u00e3o Art\u00edstica. Ele chegou a Belo Horizonte aos 14 anos, vindo de Diamantina, no Vale do Jequitinhonha. Filho de m\u00e3e pianista que sempre o incentivou na m\u00fasica, ele nem sequer lia quando ganhou um viol\u00e3o.<\/p>\n<p>\u201cComo tinha piano em casa e no conservat\u00f3rio de m\u00fasica que minha m\u00e3e dirigia na cidade, provavelmente ficava batucando no instrumento\u201d, tenta lembrar o compositor. Do conservat\u00f3rio para a escola infantojuvenil de m\u00fasica criada pela m\u00e3e, com metodologia mais pr\u00e1tica de ensino, quando se deu conta Sergio Rodrigo j\u00e1 participava de serenatas e eventos afins de uma cidade reconhecida pela tradi\u00e7\u00e3o musical. <\/p>\n<p><img decoding=\"async\" src=\"http:\/\/aconteceunovale.com.br\/portal\/wp-content\/uploads\/2014\/12\/sergio_rodrigo_diamantina.jpg\" alt=\"\" \/><em>Sergio Rodrigo Ribeiro Lacerda, m\u00fasico de Diamantina &#8211; Foto: Leandro Couri\/Estado de Minas<\/em><br \/>\n<\/br><\/p>\n<p>Antes de chegar \u00e0 capital, ele conheceu o compositor argentino Rufo Herrera, aqui radicado, com o quem fez oficina de cria\u00e7\u00e3o musical que seria decisiva em sua forma\u00e7\u00e3o. \u201cEle me orientou a me matricular na FEA, onde fui estudar m\u00fasica de maneira mais formal pela primeira vez\u201d. Al\u00e9m de viol\u00e3o, com Teodomiro Gular, Sergio Rodrigo passou a estudar tamb\u00e9m piano com Moacir Laterza Filho. \u201cFoi importante a oportunidade de abrir o leque, entrar na m\u00fasica de maneira profunda, por meio de um repert\u00f3rio moderno e contempor\u00e2neo, que ainda desconhecia\u201d, recorda o compositor, cuja forma\u00e7\u00e3o em Diamantina foi \u00e0 base de m\u00fasica popular.<\/p>\n<p>\u201cAinda jovem, assistia a todos os concertos, abria os ouvidos para todo tipo de m\u00fasica\u201d, lembra ele, que, incentivado por algumas disciplinas da funda\u00e7\u00e3o, j\u00e1 \u201cbrincava\u201d de compor. Em 2002, Sergio Rodrigo participou do 4\u00ba Encontro de Compositores e Int\u00e9rpretes Latino-americanos, na FEA, quando, al\u00e9m de concertos, participou de palestras e oficinas ministradas por autores de todo o continente. Paralelamente, ele tamb\u00e9m participou dos tradicionais festivais de inverno realizados em Minas Gerais, em particular o da UFMG, que, por alguns anos, foi realizado em Diamantina. <\/p>\n<p>Em uma das edi\u00e7\u00f5es do evento, Sergio Rodrigo conheceu o boliviano Edgar Alandia, professor do Conservat\u00f3rio de Perugia, que lhe falou da Accademia Nazionale di Santa Cecilia, al\u00e9m de Silvio Ferraz, da Universidade de S\u00e3o Paulo (USP), ambos fundamentais para a escolha da carreira de compositor. Com cerca de 20 pe\u00e7as para diversas forma\u00e7\u00f5es (orquestra, orquestra de c\u00e2mara, quarteto de viol\u00f5es, viol\u00e3o solo, piano solo e at\u00e9 para narradores, quando utiliza textos declamados), Sergio Rodrigo come\u00e7ou a compor em 2009. <\/p>\n<p>\u201cMinha m\u00fasica est\u00e1 caminhando para um lugar que \u00e9 a busca de uma conex\u00e3o entre o popular e o erudito, que s\u00e3o as \u00e1reas nas quais tenho mais pr\u00e1tica, com algumas imagens po\u00e9ticas que t\u00eam a ver com a natureza brasileira\u201d, explica o jovem compositor. Premiado no concurso Tinta Fresca, criado pela Orquestra Filarm\u00f4nica de Minas Gerais (OFMG) para incentivar a composi\u00e7\u00e3o sinf\u00f4nica, ele j\u00e1 teve duas pe\u00e7as executadas pela OFMG. <\/p>\n<p>\u201cEm alguns momentos \u00e9 a realidade fluida, que evoca a \u00e1gua; em outros \u00e9 algo pulsante, r\u00edtmico, que remete ao popular\u201d, explica ele sobre suas obras. O compositor diz ter aprendido com Silvio Ferraz a relativizar o rigor dentro da escrita das pe\u00e7as. \u201cEle me ajudou a trazer elementos da minha viv\u00eancia para a composi\u00e7\u00e3o, mostrando que a cria\u00e7\u00e3o tem um lado mais leve\u201d, acrescenta. <\/p>\n<p>Ao falar de seu processo de trabalho, ele revela ainda que tenta transmitir a sensa\u00e7\u00e3o de movimento por meio de sua m\u00fasica. \u201cDe maneira pl\u00e1stica, fluida e at\u00e9 pulsante\u201d, diz Sergio Rodrigo, que se declara atra\u00eddo pela qualidade dos movimentos \u2013 da \u00e1gua e do vento na areia. \u201c\u00c9 a partir da minha fantasia para o som dos instrumentos que eles v\u00eam\u201d, esclarece.<\/p>\n<h4>Hendrix e missa<\/h4>\n<p>De grupos de choro aos de samba, passando por banda cover de Jimi Hendrix, o compositor j\u00e1 participou em variadas forma\u00e7\u00f5es, al\u00e9m de tocar em casamentos, missas e carnaval. Tamb\u00e9m d\u00e1 aulas de musicaliza\u00e7\u00e3o, aprecia\u00e7\u00e3o musical, hist\u00f3ria da m\u00fasica e composi\u00e7\u00e3o na Funda\u00e7\u00e3o de Educa\u00e7\u00e3o Art\u00edstica h\u00e1 pelo menos uma d\u00e9cada. Al\u00e9m do Tinta Fresca, o compositor j\u00e1 ganhou por duas vezes o pr\u00eamio Camargo Guarnieri, do Festival de Inverno de Campos do Jord\u00e3o (SP), e o pr\u00eamio de composi\u00e7\u00e3o da Acad\u00e9mie de Musique et de Dance Domaine Forget, no Canad\u00e1.<\/p>\n<p>Entre os int\u00e9rpretes e colaboradores de sua m\u00fasica est\u00e3o o Ensemble Intercontemporain, Filarm\u00f4nica da R\u00e1dio France, Exaudi Vocal Ensemble, Nouvel Ensemble Moderne, Camerata Aberta, Oficina M\u00fasica Viva, Quarteto Corda Nova, Duo Qattus, os pianistas Luiz Gustavo Carvalho, Ana Cl\u00e1udia Assis e Alice Bel\u00e9m, al\u00e9m da OFMG.<\/p>\n<p><strong><em>(Fonte: Divirta-se do portal Uai)<\/em><\/strong><\/p>\n","protected":false},"excerpt":{"rendered":"<p>Sergio Rodrigo embarca para o pa\u00eds para estudar na reconhecida Accademia Nazionale di Santa Cecilia A intui\u00e7\u00e3o e o devaneio t\u00eam pap\u00e9is fundamentais no processo de composi\u00e7\u00e3o musical, mas o trabalho de escrita \u00e9 meticuloso e racional, explica Sergio Rodrigo Ribeiro Lacerda. O jovem compositor de 31 anos ser\u00e1 alvo de apoio e homenagem de [&hellip;]<\/p>\n","protected":false},"author":1,"featured_media":48129,"comment_status":"open","ping_status":"closed","sticky":false,"template":"","format":"standard","meta":{"amp_status":"","footnotes":""},"categories":[123],"tags":[27054,27076,27075,27061,27070,27064,198,27073,27063,27066,27068,27067,27062,27065,27057,27056,27053,27069,27071,27077,27074,27059,27060,27072,27055,27058],"class_list":["post-48128","post","type-post","status-publish","format-standard","has-post-thumbnail","hentry","category-gerais","tag-accademia-nazionale-di-santa-cecilia","tag-alice-belem","tag-ana-claudia-assis","tag-bienal-de-veneza","tag-camerata-aberta","tag-conservatorio-de-perugia","tag-diamantina","tag-duo-qattus","tag-edgar-alandia","tag-ensemble-intercontemporain","tag-exaudi-vocal-ensemble","tag-filarmonica-da-radio-france","tag-ivan-fedel","tag-jimi-hendrix","tag-musico-diamantinense","tag-musico-diamantinense-sera-o-primeiro-brasileiro-a-cursar-programa-de-composicao-na-italia","tag-musico-sergio-rodrigo-embarca-para-o-pais-para-estudar-na-reconhecida-accademia-nazionale-di-santa-cecilia","tag-nouvel-ensemble-moderne","tag-oficina-musica-viva","tag-ofmg","tag-os-pianistas-luiz-gustavo-carvalho","tag-piano-piano-si-va-lontano","tag-pouco-a-pouco-se-vai-longe","tag-quarteto-corda-nova","tag-sergio-rodrigo","tag-sergio-rodrigo-ribeiro-lacerda"],"_links":{"self":[{"href":"https:\/\/aconteceunovale.com.br\/portal\/index.php?rest_route=\/wp\/v2\/posts\/48128","targetHints":{"allow":["GET"]}}],"collection":[{"href":"https:\/\/aconteceunovale.com.br\/portal\/index.php?rest_route=\/wp\/v2\/posts"}],"about":[{"href":"https:\/\/aconteceunovale.com.br\/portal\/index.php?rest_route=\/wp\/v2\/types\/post"}],"author":[{"embeddable":true,"href":"https:\/\/aconteceunovale.com.br\/portal\/index.php?rest_route=\/wp\/v2\/users\/1"}],"replies":[{"embeddable":true,"href":"https:\/\/aconteceunovale.com.br\/portal\/index.php?rest_route=%2Fwp%2Fv2%2Fcomments&post=48128"}],"version-history":[{"count":0,"href":"https:\/\/aconteceunovale.com.br\/portal\/index.php?rest_route=\/wp\/v2\/posts\/48128\/revisions"}],"wp:featuredmedia":[{"embeddable":true,"href":"https:\/\/aconteceunovale.com.br\/portal\/index.php?rest_route=\/wp\/v2\/media\/48129"}],"wp:attachment":[{"href":"https:\/\/aconteceunovale.com.br\/portal\/index.php?rest_route=%2Fwp%2Fv2%2Fmedia&parent=48128"}],"wp:term":[{"taxonomy":"category","embeddable":true,"href":"https:\/\/aconteceunovale.com.br\/portal\/index.php?rest_route=%2Fwp%2Fv2%2Fcategories&post=48128"},{"taxonomy":"post_tag","embeddable":true,"href":"https:\/\/aconteceunovale.com.br\/portal\/index.php?rest_route=%2Fwp%2Fv2%2Ftags&post=48128"}],"curies":[{"name":"wp","href":"https:\/\/api.w.org\/{rel}","templated":true}]}}