{"id":48126,"date":"2014-12-17T08:08:27","date_gmt":"2014-12-17T11:08:27","guid":{"rendered":"http:\/\/aconteceunovale.com.br\/portal\/?p=48126"},"modified":"2014-12-17T08:08:27","modified_gmt":"2014-12-17T11:08:27","slug":"plantao-do-samu-no-norte-de-minas-gerais-16-de-dezembro-de-2014","status":"publish","type":"post","link":"https:\/\/aconteceunovale.com.br\/portal\/?p=48126","title":{"rendered":"Plant\u00e3o do Samu no Norte de Minas Gerais &#8211; 16 de dezembro de 2014"},"content":{"rendered":"<h4><strong><em>Ter\u00e7a-feira, 16 de dezembro de 2014<\/em><\/strong><\/h4>\n<p>A unidade do SAMU de Montes Claros realizou nesta segunda-feira, 15\/12, 43 atendimentos, sendo 36 casos cl\u00ednicos e 8 em decorr\u00eancia de acidentes de tr\u00e2nsito, todos envolvendo motocicleta, e 01 por agress\u00e3o f\u00edsica.<\/p>\n<p>A unidade do SAMU de Montes Claros foi acionada \u00e0s 22 horas desta ter\u00e7a-feira, 16\/12, para atendimento a uma mulher de 21 anos, que caiu de moto no bairro Monte Carmelo. Ele sofreu ferimento na perna esquerda, com suspeita de fratura.<\/p>\n<p>\u00c0 21h50, a unidade do Samu foi acionada para atendimento a um homem de 54 anos, que sofreu agress\u00e3o f\u00edsica na Avenida Deputado Pl\u00ednio Ribeiro, bairro Santo Ant\u00f4nio. Ele apresentava corte contuso na cabe\u00e7a, na regi\u00e3o da testa, com sangramento intenso em grande volume.  Ap\u00f3s receber os primeiros atendimentos do Samu no local, conforme protocolo padr\u00e3o, ele foi encaminhado para o hospital.<\/p>\n<p>Uma mulher de 21 anos que transitava de moto na Rua 10, bairro Vera Cruz, ficou ferido ap\u00f3s colidir contra um carro, por voltas das 17h30. A unidade do Samu a encontrou consciente e orientada, apresentando escoria\u00e7\u00f5es na perna direita e se queixando de dor intensa na cabe\u00e7a.<\/p>\n<p>Uma pessoa morreu e outra sofre ferimentos leves em uma colis\u00e3o entre carro e moto ocorrida por volta das 15 horas, na BR-251, a cerca de 25 km de Montes Claros. Hilton Rodrigues da Luz, de 41 anos, que conduzia a moto, morreu no local. O condutor do ve\u00edculo, Aroldo Ferreira, de 37 anos, sofreu ferimentos leves e foi liberado ap\u00f3s ser avaliado pela unidade do Samu.<\/p>\n<p>Por volta das 11h desta ter\u00e7a-feira, 16\/12, um idoso de 74 anos foi atropelado por um carro na Avenida Deputado Esteves Rodrigues, no cruzamento com a Avenida Geraldo Athayde, regi\u00e3o central de Montes Claros. Ele sofreu ferimento na cabe\u00e7a e apresentava sangramento na testa, com dois cortes contusos pass\u00edveis de sutura, cortes nos cotovelos e poss\u00edvel fratura de clav\u00edcula. Ap\u00f3s receber os primeiros atendimentos da unidade do SAMU no local, conforme protocolo padr\u00e3o, ele foi encaminhado para a Santa Casa.<\/p>\n<p>Uma mulher de 33 anos ficou ferida ao cair de moto por volta das 8h30 desta ter\u00e7a-feira, 16\/12, na Rua Bernardino Souto, Vila Regina. A unidade do SAMU a encontrou sentada no meio-fio, consciente e orientada, apresentando escoria\u00e7\u00f5es nos bra\u00e7os, sem sinal de fratura. Ela foi conduzida pela unidade do SAMU ao hospital universit\u00e1rio Clemente de Faria, ap\u00f3s receber os primeiros cuidados no local.<\/p>\n<p>A unidade do SAMU de Montes Claros foi acionada \u00e0s 7h35 desta ter\u00e7a-feira, 16\/12, para atendimento a um homem de 35 anos, que caiu de moto no Anel Rodovi\u00e1rio Sul, no bairro Alterosa, regi\u00e3o norte da cidade. Ele conduzia a moto e se queixava de dor na pelve. Ap\u00f3s receber os primeiros atendimentos no local, ele foi conduzido para a Santa Casa para exames e avalia\u00e7\u00e3o.<\/p>\n<p>Em todas as ocorr\u00eancias os feridos receberam os primeiros atendimentos no local e foram encaminhados ao hospital para avalia\u00e7\u00e3o.<\/p>\n","protected":false},"excerpt":{"rendered":"<p>Ter\u00e7a-feira, 16 de dezembro de 2014 A unidade do SAMU de Montes Claros realizou nesta segunda-feira, 15\/12, 43 atendimentos, sendo 36 casos cl\u00ednicos e 8 em decorr\u00eancia de acidentes de tr\u00e2nsito, todos envolvendo motocicleta, e 01 por agress\u00e3o f\u00edsica. A unidade do SAMU de Montes Claros foi acionada \u00e0s 22 horas desta ter\u00e7a-feira, 16\/12, para [&hellip;]<\/p>\n","protected":false},"author":1,"featured_media":46383,"comment_status":"open","ping_status":"closed","sticky":false,"template":"","format":"standard","meta":{"amp_status":"","footnotes":""},"categories":[1236],"tags":[27050,27047,27049,27051,210,27052,18629,21139,4040,27048],"class_list":["post-48126","post","type-post","status-publish","format-standard","has-post-thumbnail","hentry","category-norte_de_minas","tag-aroldo-ferreira","tag-caiu-de-moto-no-bairro-monte-carmelo","tag-hilton-rodrigues-da-luz","tag-idoso-de-74-anos-foi-atropelado-por-um-carro-na-avenida-deputado-esteves-rodrigues","tag-montes-claros","tag-plantao-do-samu-no-norte-de-minas-gerais-16-de-dezembro-de-2014","tag-samu-de-montes-claros","tag-samu-do-norte-de-minas","tag-samu-macro-norte","tag-sofreu-agressao-fisica-na-avenida-deputado-plinio-ribeiro"],"_links":{"self":[{"href":"https:\/\/aconteceunovale.com.br\/portal\/index.php?rest_route=\/wp\/v2\/posts\/48126","targetHints":{"allow":["GET"]}}],"collection":[{"href":"https:\/\/aconteceunovale.com.br\/portal\/index.php?rest_route=\/wp\/v2\/posts"}],"about":[{"href":"https:\/\/aconteceunovale.com.br\/portal\/index.php?rest_route=\/wp\/v2\/types\/post"}],"author":[{"embeddable":true,"href":"https:\/\/aconteceunovale.com.br\/portal\/index.php?rest_route=\/wp\/v2\/users\/1"}],"replies":[{"embeddable":true,"href":"https:\/\/aconteceunovale.com.br\/portal\/index.php?rest_route=%2Fwp%2Fv2%2Fcomments&post=48126"}],"version-history":[{"count":0,"href":"https:\/\/aconteceunovale.com.br\/portal\/index.php?rest_route=\/wp\/v2\/posts\/48126\/revisions"}],"wp:featuredmedia":[{"embeddable":true,"href":"https:\/\/aconteceunovale.com.br\/portal\/index.php?rest_route=\/wp\/v2\/media\/46383"}],"wp:attachment":[{"href":"https:\/\/aconteceunovale.com.br\/portal\/index.php?rest_route=%2Fwp%2Fv2%2Fmedia&parent=48126"}],"wp:term":[{"taxonomy":"category","embeddable":true,"href":"https:\/\/aconteceunovale.com.br\/portal\/index.php?rest_route=%2Fwp%2Fv2%2Fcategories&post=48126"},{"taxonomy":"post_tag","embeddable":true,"href":"https:\/\/aconteceunovale.com.br\/portal\/index.php?rest_route=%2Fwp%2Fv2%2Ftags&post=48126"}],"curies":[{"name":"wp","href":"https:\/\/api.w.org\/{rel}","templated":true}]}}