{"id":48121,"date":"2014-12-16T22:46:07","date_gmt":"2014-12-17T01:46:07","guid":{"rendered":"http:\/\/aconteceunovale.com.br\/portal\/?p=48121"},"modified":"2014-12-16T22:46:07","modified_gmt":"2014-12-17T01:46:07","slug":"prisao-de-entrevistado-na-radio-itatiaia-gera-controversia","status":"publish","type":"post","link":"https:\/\/aconteceunovale.com.br\/portal\/?p=48121","title":{"rendered":"Pris\u00e3o de entrevistado na R\u00e1dio Itatiaia gera controv\u00e9rsia"},"content":{"rendered":"<h4><strong><em>A\u00e7\u00e3o foi defendida por policiais civis e questionada por representantes de jornalistas.<\/em><\/strong><\/h4>\n<p>Em um clima tenso, com o Audit\u00f3rio completamente tomado por policiais civis, deputados, autoridades e representantes de classe repercutiram a pris\u00e3o de Armando Pereira da Cruz enquanto dava uma entrevista ao vivo nos est\u00fadios da R\u00e1dio Itatiaia, na \u00faltima ter\u00e7a-feira (9). De um lado, inconformados com a a\u00e7\u00e3o policial, representantes de sindicatos de profissionais da imprensa apontaram falta de bom senso e agress\u00e3o \u00e0 liberdade de express\u00e3o. J\u00e1 os policiais alegam que um mandado de pris\u00e3o tem que ser cumprido seja onde for, para a seguran\u00e7a da popula\u00e7\u00e3o. A discuss\u00e3o se deu em audi\u00eancia promovida pela Comiss\u00e3o de Direitos Humanos da Assembleia Legislativa de Minas Gerais (ALMG) nesta ter\u00e7a-feira (16\/12\/14).<\/p>\n<p>Armando Cruz foi preso pela Pol\u00edcia Civil dentro dos est\u00fadios da Itatiaia enquanto dava uma entrevista para o programa Chamada Geral, apresentado por Eduardo Costa. Ele \u00e9 investigado na opera\u00e7\u00e3o Lavagem III da Pol\u00edcia Civil, que investiga esquema de fraude, lavagem de dinheiro, falsifica\u00e7\u00e3o de documentos e corrup\u00e7\u00e3o que atuaria em Santa Luzia, Vespasiano e Confins, na Regi\u00e3o Metropolitana de Belo Horizonte, e tamb\u00e9m na Capital e em Sete Lagoas (Regi\u00e3o Central do Estado). Ele tamb\u00e9m \u00e9 acusado de coa\u00e7\u00e3o de testemunhas.<\/p>\n<p>O jornalista Eduardo Costa apresentou um v\u00eddeo com imagens do epis\u00f3dio e fez um breve relato do que aconteceu. Segundo ele, os dois policiais respons\u00e1veis pela a\u00e7\u00e3o entraram na r\u00e1dio e procuraram por ele no est\u00fadio, em que apresentava o programa ao vivo. Comunicado de que os policiais queriam prender o acusado naquele momento, Eduardo Costa relatou ter pedido paci\u00eancia, enquanto entrava em contato com diretores da r\u00e1dio e o ouvidor de Pol\u00edcia Paulo Vaz Alkimim.<\/p>\n<p>Apesar de o pr\u00f3prio ouvidor ter solicitado que os policiais aguardassem fora da r\u00e1dio para efetuar a pris\u00e3o, eles seguiram adiante com a opera\u00e7\u00e3o e conduziram Armando Cruz \u00e0 delegacia. O jornalista alega que n\u00e3o foi apresentado nenhum mandado de pris\u00e3o e questionou se eles n\u00e3o estariam cumprindo ordens de algu\u00e9m que queria \u201cpegar\u201d o acusado. Para embasar essa afirma\u00e7\u00e3o, ele mostrou documento em que o delegado Jonas Tomazi pede apoio imediato para a pris\u00e3o de Armando Cruz, inclusive com a informa\u00e7\u00e3o de que ele estava na r\u00e1dio.<\/p>\n<p>O deputado Durval \u00c2ngelo (PT), que solicitou a reuni\u00e3o, fez quest\u00e3o de esclarecer que a discuss\u00e3o n\u00e3o coloca em xeque o comportamento de toda a corpora\u00e7\u00e3o policial. Ele inclusive elogiou a pol\u00edcia de Pedro Leopoldo (RMBH) pela pris\u00e3o da quadrilha envolvida nos crimes investigados pela opera\u00e7\u00e3o Lavagem III.<\/p>\n<p>No entanto, o parlamentar questionou a razoabilidade da a\u00e7\u00e3o policial, uma vez que o acusado se encontrava em uma emissora de r\u00e1dio, sem risco de fuga. Ele evocou tamb\u00e9m a liberdade de imprensa para criticar a pris\u00e3o do suspeito e ponderou que o epis\u00f3dio passa uma ideia de trucul\u00eancia, ruim para a imagem da pol\u00edcia.<\/p>\n<p>O deputado Jo\u00e3o V\u00edtor Xavier (PSDB), tamb\u00e9m radialista da Itatiaia, defendeu o colega Eduardo Costa e criticou a pris\u00e3o realizada na emissora. \u201c\u00c9 inadmiss\u00edvel que um profissional da comunica\u00e7\u00e3o tenha seu trabalho impedido\u201d, protestou. Ele ainda defendeu o direito constitucional de liberdade de express\u00e3o para atacar a a\u00e7\u00e3o policial e argumentar que esse mesmo direito permitiu que servidores da seguran\u00e7a p\u00fablica fizessem suas reivindica\u00e7\u00f5es nos microfones da r\u00e1dio.<\/p>\n<p>O presidente do Sindicato dos Jornalistas Profissionais de Minas Gerais, Kerison Lopes, descreveu a tens\u00e3o vivida pelos jornalistas da R\u00e1dio Itatiaia no momento da pris\u00e3o. Ele disse que o presidente da emissora, Emanuel Carneiro, destacou que n\u00e3o passou por epis\u00f3dio semelhante nem na ditadura militar.<\/p>\n<h4>Policiais defendem cumprimento de ordem judicial<\/h4>\n<p>Contrapondo as cr\u00edticas feitas na reuni\u00e3o, v\u00e1rios representantes da Pol\u00edcia Civil fizeram quest\u00e3o de elogiar os dois policiais que efetuaram a pris\u00e3o de Armando Cruz. O mais enf\u00e1tico foi o presidente da Comiss\u00e3o de Prerrogativas do Sindicato dos Delegados de Pol\u00edcia (Sindepominas), delegado Paulo Felipe Saback. Ele ratificou que j\u00e1 havia sido expedido mandado judicial para a pris\u00e3o de Armando Cruz e menosprezou a import\u00e2ncia do documento, que segundo ele \u00e9 dispens\u00e1vel em caso de crime inafian\u00e7\u00e1vel.<\/p>\n<p>O delegado, fazendo refer\u00eancia aos termos \u201crazoabilidade\u201d e \u201cbom senso\u201d utilizados pelos cr\u00edticos \u00e0 atua\u00e7\u00e3o da pol\u00edcia, ressaltou que a doutrina policial estipula celeridade na pris\u00e3o em situa\u00e7\u00f5es similares e que isso demonstra que os policiais foram prudentes. \u201cN\u00e3o houve arbitrariedade e ilegalidade. Al\u00e9m disso, ningu\u00e9m sabia se o procurado estava armado ou poderia fazer o pr\u00f3prio jornalista de ref\u00e9m\u201d, ponderou.<\/p>\n<p>O presidente do Sindicato dos Servidores da Pol\u00edcia Civil (Sindpol-MG), Den\u00edlson Martins, assim como o presidente do Sindepominas, Marco Ant\u00f4nio de Paula Assis, tamb\u00e9m defenderam a atua\u00e7\u00e3o da pol\u00edcia. \u201cTodos se assustaram sim, mas porque a r\u00e1dio estava ocupada por um bandido procurado pela pol\u00edcia\u201d, resumiu Marco Ant\u00f4nio Assis.<\/p>\n<p>Os deputados Sargento Rodrigues (PDT) e Cabo J\u00falio (PMDB) tamb\u00e9m se uniram \u00e0 defesa dos policiais. Para o deputado Sargento Rodrigues, foi uma &#8220;tempestade em copo d&#8217;\u00e1gua&#8221;, at\u00e9 pelo fato de os envolvidos possu\u00edrem \u201cficha irretoc\u00e1vel\u201d. Ele afirmou que \u00e9 mesmo inconveniente cumprir um mandado de pris\u00e3o, mas que n\u00e3o existe nada que impe\u00e7a que a decis\u00e3o seja cumprida em uma emissora de r\u00e1dio.<\/p>\n<p>No mesmo sentido, o deputado Cabo J\u00falio destacou que a pris\u00e3o se justificava pelo fato de que o acusado de intimidar testemunhas poderia se utilizar de sua fala na r\u00e1dio para dar continuidade \u00e0s suas amea\u00e7as. \u201cO resultado pedag\u00f3gico dessa pris\u00e3o \u00e9 que o cidad\u00e3o com mandado de pris\u00e3o em seu nome ser\u00e1 preso at\u00e9 se estiver no colo do Papa\u201d, disse.<\/p>\n<h4>Corregedoria investiga o caso<\/h4>\n<p>Em resposta a diversos questionamentos dos participantes da reuni\u00e3o, o subcorregedor da Pol\u00edcia Civil, Ant\u00f4nio Gama J\u00fanior, informou que no mesmo dia da pris\u00e3o ele foi \u00e0 r\u00e1dio e entrevistou funcion\u00e1rios. Com base nessas informa\u00e7\u00f5es, preparou um relat\u00f3rio preliminar e sugeriu apura\u00e7\u00e3o administrativa e penal. Agora, o procedimento est\u00e1 a cargo de outro membro da corregedoria. Assim, o subcorregedor n\u00e3o soube informar o resultado da investiga\u00e7\u00e3o, que ser\u00e1 encaminhado para o Minist\u00e9rio P\u00fablico.<\/p>\n<p><strong><em>(Fonte: ALMG)<\/em><\/strong><\/p>\n","protected":false},"excerpt":{"rendered":"<p>A\u00e7\u00e3o foi defendida por policiais civis e questionada por representantes de jornalistas. Em um clima tenso, com o Audit\u00f3rio completamente tomado por policiais civis, deputados, autoridades e representantes de classe repercutiram a pris\u00e3o de Armando Pereira da Cruz enquanto dava uma entrevista ao vivo nos est\u00fadios da R\u00e1dio Itatiaia, na \u00faltima ter\u00e7a-feira (9). De um [&hellip;]<\/p>\n","protected":false},"author":1,"featured_media":47607,"comment_status":"open","ping_status":"closed","sticky":false,"template":"","format":"standard","meta":{"amp_status":"","footnotes":""},"categories":[123],"tags":[27042,27023,194,27040,22090,27039,27029,26264,27030,27027,27032,27038,27026,27035,27028,27024,27022,27043,27025,1498,17367,1532,27034,27033,27031,27036,27037,27041,1778],"class_list":["post-48121","post","type-post","status-publish","format-standard","has-post-thumbnail","hentry","category-gerais","tag-antonio-gama-junior","tag-armando-pereira-da-cruz","tag-belo-horizonte","tag-cabo-julio","tag-confins","tag-denilson-martins","tag-durval-angelo","tag-eduardo-costa","tag-joao-vitor-xavier","tag-jornalista-eduardo-costa","tag-kerison-lopes","tag-marco-antonio-de-paula-assis","tag-operacao-lavagem-iii-da-policia-civil","tag-paulo-felipe-saback","tag-paulo-vaz-alkimim","tag-prisao-de-armando-pereira-da-cruz-enquanto-dava-uma-entrevista-ao-vivo-nos-estudios-da-radio-itatiaia","tag-prisao-de-entrevistado-na-radio-itatiaia-gera-controversia","tag-prisao-na-radio-itatiaia","tag-programa-chamada-geral-com-eduardo-costa","tag-santa-luzia","tag-sargento-rodrigues","tag-sete-lagoas","tag-sindepominas","tag-sindicato-dos-delegados-de-policia","tag-sindicato-dos-jornalistas-profissionais-de-minas-gerais","tag-sindicato-dos-servidores-da-policia-civil","tag-sindpol-mg","tag-subcorregedor-da-policia-civil","tag-vespasiano"],"_links":{"self":[{"href":"https:\/\/aconteceunovale.com.br\/portal\/index.php?rest_route=\/wp\/v2\/posts\/48121","targetHints":{"allow":["GET"]}}],"collection":[{"href":"https:\/\/aconteceunovale.com.br\/portal\/index.php?rest_route=\/wp\/v2\/posts"}],"about":[{"href":"https:\/\/aconteceunovale.com.br\/portal\/index.php?rest_route=\/wp\/v2\/types\/post"}],"author":[{"embeddable":true,"href":"https:\/\/aconteceunovale.com.br\/portal\/index.php?rest_route=\/wp\/v2\/users\/1"}],"replies":[{"embeddable":true,"href":"https:\/\/aconteceunovale.com.br\/portal\/index.php?rest_route=%2Fwp%2Fv2%2Fcomments&post=48121"}],"version-history":[{"count":0,"href":"https:\/\/aconteceunovale.com.br\/portal\/index.php?rest_route=\/wp\/v2\/posts\/48121\/revisions"}],"wp:featuredmedia":[{"embeddable":true,"href":"https:\/\/aconteceunovale.com.br\/portal\/index.php?rest_route=\/wp\/v2\/media\/47607"}],"wp:attachment":[{"href":"https:\/\/aconteceunovale.com.br\/portal\/index.php?rest_route=%2Fwp%2Fv2%2Fmedia&parent=48121"}],"wp:term":[{"taxonomy":"category","embeddable":true,"href":"https:\/\/aconteceunovale.com.br\/portal\/index.php?rest_route=%2Fwp%2Fv2%2Fcategories&post=48121"},{"taxonomy":"post_tag","embeddable":true,"href":"https:\/\/aconteceunovale.com.br\/portal\/index.php?rest_route=%2Fwp%2Fv2%2Ftags&post=48121"}],"curies":[{"name":"wp","href":"https:\/\/api.w.org\/{rel}","templated":true}]}}