{"id":48119,"date":"2014-12-16T22:39:18","date_gmt":"2014-12-17T01:39:18","guid":{"rendered":"http:\/\/aconteceunovale.com.br\/portal\/?p=48119"},"modified":"2014-12-16T22:39:18","modified_gmt":"2014-12-17T01:39:18","slug":"projeto-que-reorganiza-o-efetivo-dos-militares-e-aprovado-na-assembleia-de-minas","status":"publish","type":"post","link":"https:\/\/aconteceunovale.com.br\/portal\/?p=48119","title":{"rendered":"Projeto que reorganiza o efetivo dos militares \u00e9 aprovado na Assembleia de Minas"},"content":{"rendered":"<h4><strong><em>A proposi\u00e7\u00e3o tamb\u00e9m garante a progress\u00e3o nas carreiras da PM e do Corpo de Bombeiros<\/em><\/strong><\/h4>\n<p>O Projeto de Lei (PL) 5.541\/14, que altera o efetivo da Pol\u00edcia Militar e do Corpo de Bombeiros Militar, foi aprovado, em turno \u00fanico, com 53 votos favor\u00e1veis, pelo Plen\u00e1rio da Assembleia Legislativa de Minas Gerais (ALMG), em Reuni\u00e3o Extraordin\u00e1ria na noite desta ter\u00e7a-feira (16\/12\/14). A proposi\u00e7\u00e3o altera o anexo da Lei 20.533, de 2012, que fixa os efetivos das corpora\u00e7\u00f5es, e as leis 14.445, de 2002, e 16.307, de 2006.<\/p>\n<p>O objetivo da proposi\u00e7\u00e3o \u00e9 adequar o quantitativo de cargos a fim de cumprir as promo\u00e7\u00f5es previstas no Estatuto dos Militares, aumentando o n\u00famero de oficiais e reduzindo o de pra\u00e7as, sem, contudo, alterar o total do quantitativo. Os parlamentares aprovaram a mat\u00e9ria, de autoria do governador do Estado, na forma Substitutivo n\u00ba2, apresentado pela Comiss\u00e3o de Fiscaliza\u00e7\u00e3o Financeira e Or\u00e7ament\u00e1ria (FFO).<\/p>\n<p>O novo texto altera os anexos da Lei 20.533. Conforme o texto aprovado, a PM ter\u00e1 2.318 oficiais e 45.190 pra\u00e7as em 2015. No Quadro de Oficiais Complementares, o n\u00famero de postos de 1\u00ba-tenente passa de 450 para 480, enquanto o quantitativo de cargos de 2\u00ba-tenente ser\u00e1 reduzido de 602 para 572. J\u00e1 no Quadro de Pra\u00e7as Especialistas, o n\u00famero de cargos de 1\u00ba-sargento ser\u00e1 reduzido de 440 para 435, enquanto o n\u00famero de postos de 2\u00ba- sargento ser\u00e1 ampliado de 200 para 205.<\/p>\n<p>No Corpo de Bombeiros, por sua vez, o substitutivo n\u00ba 2 prev\u00ea, para o pr\u00f3ximo ano, 560 postos no Quadro de Oficiais, al\u00e9m de 63 oficiais de sa\u00fade e sete oficiais especialistas. J\u00e1 o Quadro de Pra\u00e7as ter\u00e1 6.868 cargos em 2015. Com a aprova\u00e7\u00e3o do texto apresentado pela FFO, ficam rejeitados o substitutivo n\u00ba 1 da Comiss\u00e3o de Administra\u00e7\u00e3o P\u00fablica e o texto original.<\/p>\n<p><strong><em>(Fonte: ALMG)<\/em><\/strong><\/p>\n","protected":false},"excerpt":{"rendered":"<p>A proposi\u00e7\u00e3o tamb\u00e9m garante a progress\u00e3o nas carreiras da PM e do Corpo de Bombeiros O Projeto de Lei (PL) 5.541\/14, que altera o efetivo da Pol\u00edcia Militar e do Corpo de Bombeiros Militar, foi aprovado, em turno \u00fanico, com 53 votos favor\u00e1veis, pelo Plen\u00e1rio da Assembleia Legislativa de Minas Gerais (ALMG), em Reuni\u00e3o Extraordin\u00e1ria [&hellip;]<\/p>\n","protected":false},"author":1,"featured_media":41248,"comment_status":"open","ping_status":"closed","sticky":false,"template":"","format":"standard","meta":{"amp_status":"","footnotes":""},"categories":[123],"tags":[27021,20946,169,27020,27019],"class_list":["post-48119","post","type-post","status-publish","format-standard","has-post-thumbnail","hentry","category-gerais","tag-comissao-de-fiscalizacao-financeira-e-orcamentaria","tag-corpo-de-bombeiros","tag-policia-militar","tag-projeto-que-altera-o-efetivo-da-policia-militar-e-do-corpo-de-bombeiros-militar","tag-projeto-que-reorganiza-o-efetivo-dos-militares-e-aprovado-na-assembleia-de-minas"],"_links":{"self":[{"href":"https:\/\/aconteceunovale.com.br\/portal\/index.php?rest_route=\/wp\/v2\/posts\/48119","targetHints":{"allow":["GET"]}}],"collection":[{"href":"https:\/\/aconteceunovale.com.br\/portal\/index.php?rest_route=\/wp\/v2\/posts"}],"about":[{"href":"https:\/\/aconteceunovale.com.br\/portal\/index.php?rest_route=\/wp\/v2\/types\/post"}],"author":[{"embeddable":true,"href":"https:\/\/aconteceunovale.com.br\/portal\/index.php?rest_route=\/wp\/v2\/users\/1"}],"replies":[{"embeddable":true,"href":"https:\/\/aconteceunovale.com.br\/portal\/index.php?rest_route=%2Fwp%2Fv2%2Fcomments&post=48119"}],"version-history":[{"count":0,"href":"https:\/\/aconteceunovale.com.br\/portal\/index.php?rest_route=\/wp\/v2\/posts\/48119\/revisions"}],"wp:featuredmedia":[{"embeddable":true,"href":"https:\/\/aconteceunovale.com.br\/portal\/index.php?rest_route=\/wp\/v2\/media\/41248"}],"wp:attachment":[{"href":"https:\/\/aconteceunovale.com.br\/portal\/index.php?rest_route=%2Fwp%2Fv2%2Fmedia&parent=48119"}],"wp:term":[{"taxonomy":"category","embeddable":true,"href":"https:\/\/aconteceunovale.com.br\/portal\/index.php?rest_route=%2Fwp%2Fv2%2Fcategories&post=48119"},{"taxonomy":"post_tag","embeddable":true,"href":"https:\/\/aconteceunovale.com.br\/portal\/index.php?rest_route=%2Fwp%2Fv2%2Ftags&post=48119"}],"curies":[{"name":"wp","href":"https:\/\/api.w.org\/{rel}","templated":true}]}}