{"id":48083,"date":"2014-12-16T14:12:47","date_gmt":"2014-12-16T17:12:47","guid":{"rendered":"http:\/\/aconteceunovale.com.br\/portal\/?p=48083"},"modified":"2014-12-16T19:57:40","modified_gmt":"2014-12-16T22:57:40","slug":"homem-morre-em-acidente-entre-moto-e-onibus-em-governador-valadares","status":"publish","type":"post","link":"https:\/\/aconteceunovale.com.br\/portal\/?p=48083","title":{"rendered":"Homem morre em acidente entre moto e \u00f4nibus em Governador Valadares"},"content":{"rendered":"<h4><strong><em>Acidente aconteceu no cruzamento das ruas 4 e 17, no bairro Jardim do Trevo. Condutor da moto chegou a ser socorrido, mas morreu a caminho do hospital.<\/em><\/strong><\/h4>\n<p>Um homem de 37 anos morreu em um acidente envolvendo uma moto e um \u00f4nibus na noite dessa segunda-feira, 15 de dezembro, no bairro Jardim do Trevo, em Governador Valadares, no Leste de Minas Gerais. <\/p>\n<p>De acordo com a Pol\u00edcia Militar (PM), o acidente aconteceu no cruzamento das ruas 4 e 17. Com o impacto da batida, o motociclista Maikel Emerson de \u00c1vila Barboza ficou gravemente ferido. Ele chegou a ser socorrido pelo Servi\u00e7o de Atendimento M\u00f3vel de Urg\u00eancia (SAMU), mas n\u00e3o resistiu e morreu a caminho do Hospital Municipal.<\/p>\n<p>Ainda segundo a PM, a motocicleta n\u00e3o estava licenciada e foi removida ao p\u00e1tio do Detran. O motorista do ve\u00edculo coletivo foi encaminhado a Delegacia de Pol\u00edcia para prestar esclarecimentos sobre o ocorrido.<\/p>\n<p><img decoding=\"async\" src=\"http:\/\/aconteceunovale.com.br\/portal\/wp-content\/uploads\/2014\/12\/acidente_moto_bus_gv.jpg\" alt=\"\" \/><em>Acidente aconteceu no bairro Jardim do Trevo, em Governador Valadares &#8211; Foto: Caso de Pol\u00edcia<\/em><\/p>\n","protected":false},"excerpt":{"rendered":"<p>Acidente aconteceu no cruzamento das ruas 4 e 17, no bairro Jardim do Trevo. Condutor da moto chegou a ser socorrido, mas morreu a caminho do hospital. Um homem de 37 anos morreu em um acidente envolvendo uma moto e um \u00f4nibus na noite dessa segunda-feira, 15 de dezembro, no bairro Jardim do Trevo, em [&hellip;]<\/p>\n","protected":false},"author":1,"featured_media":48084,"comment_status":"open","ping_status":"closed","sticky":false,"template":"","format":"standard","meta":{"amp_status":"","footnotes":""},"categories":[121],"tags":[26975,26973,26970,26971,247,26969,26974,26972,27015],"class_list":["post-48083","post","type-post","status-publish","format-standard","has-post-thumbnail","hentry","category-leste","tag-acidente-com-maicon-avila-barbosa","tag-acidente-com-maikel-emerson-de-avila-barbosa","tag-acidente-com-onibus-da-empresa-valadarense","tag-acidente-no-bairro-jardim-do-trevo-em-governador-valadares","tag-governador-valadares","tag-homem-morre-em-acidente-entre-moto-e-onibus-em-governador-valadares","tag-maicon-avila-barbosa","tag-maikel-emerson-de-avila-barbosa","tag-maikel-emerson-de-avila-barboza"],"_links":{"self":[{"href":"https:\/\/aconteceunovale.com.br\/portal\/index.php?rest_route=\/wp\/v2\/posts\/48083","targetHints":{"allow":["GET"]}}],"collection":[{"href":"https:\/\/aconteceunovale.com.br\/portal\/index.php?rest_route=\/wp\/v2\/posts"}],"about":[{"href":"https:\/\/aconteceunovale.com.br\/portal\/index.php?rest_route=\/wp\/v2\/types\/post"}],"author":[{"embeddable":true,"href":"https:\/\/aconteceunovale.com.br\/portal\/index.php?rest_route=\/wp\/v2\/users\/1"}],"replies":[{"embeddable":true,"href":"https:\/\/aconteceunovale.com.br\/portal\/index.php?rest_route=%2Fwp%2Fv2%2Fcomments&post=48083"}],"version-history":[{"count":0,"href":"https:\/\/aconteceunovale.com.br\/portal\/index.php?rest_route=\/wp\/v2\/posts\/48083\/revisions"}],"wp:featuredmedia":[{"embeddable":true,"href":"https:\/\/aconteceunovale.com.br\/portal\/index.php?rest_route=\/wp\/v2\/media\/48084"}],"wp:attachment":[{"href":"https:\/\/aconteceunovale.com.br\/portal\/index.php?rest_route=%2Fwp%2Fv2%2Fmedia&parent=48083"}],"wp:term":[{"taxonomy":"category","embeddable":true,"href":"https:\/\/aconteceunovale.com.br\/portal\/index.php?rest_route=%2Fwp%2Fv2%2Fcategories&post=48083"},{"taxonomy":"post_tag","embeddable":true,"href":"https:\/\/aconteceunovale.com.br\/portal\/index.php?rest_route=%2Fwp%2Fv2%2Ftags&post=48083"}],"curies":[{"name":"wp","href":"https:\/\/api.w.org\/{rel}","templated":true}]}}