{"id":48079,"date":"2014-12-16T13:48:38","date_gmt":"2014-12-16T16:48:38","guid":{"rendered":"http:\/\/aconteceunovale.com.br\/portal\/?p=48079"},"modified":"2014-12-16T19:48:27","modified_gmt":"2014-12-16T22:48:27","slug":"quinze-pessoas-sao-detidas-por-saquear-carga-de-frangos-apos-acidente-na-br-381","status":"publish","type":"post","link":"https:\/\/aconteceunovale.com.br\/portal\/?p=48079","title":{"rendered":"Dezoito pessoas s\u00e3o detidas por saquear carga de frangos ap\u00f3s acidente na BR-381"},"content":{"rendered":"<h4><strong><em>Detidos foram levados para a Delegacia de Jo\u00e3o Monlevade. Os motoristas dos dois ve\u00edculos envolvidos no acidente sofreram ferimentos leves.<\/em><\/strong><\/h4>\n<p>Duas carretas se envolveram em um acidente no in\u00edcio da tarde desta ter\u00e7a-feira (16) que interditou por quase 4h os dois sentidos da BR-381, em S\u00e3o Gon\u00e7alo do Rio Abaixo, cidade localizada na regi\u00e3o Central do Estado.<\/p>\n<p><img decoding=\"async\" src=\"http:\/\/aconteceunovale.com.br\/portal\/wp-content\/uploads\/2014\/12\/saque_carga_de_fango_381.jpg\" alt=\"\" \/><em>Carreta frigor\u00edfico tombou pr\u00f3ximo a S\u00e3o Gon\u00e7alo do Rio Abaixo &#8211; Foto: Canal da Not\u00edcia<\/em><br \/>\n<\/br><\/p>\n<p>De acordo com o agente Bruno Conde, da Pol\u00edcia Rodovi\u00e1ria Federal (PRF), o acidente aconteceu por volta das 10h30 na altura do km 368 e na hora chovia na regi\u00e3o. Uma carreta carregada de frangos congelados tombou pr\u00f3ximo \u00e0 ponte Coronel e acabou sendo atingida por outro caminh\u00e3o. <\/p>\n<p>A suspeita \u00e9 de que a alta velocidade e a pista molhada tenham provocado o acidente. Os dois motoristas sofreram ferimentos leves e foram socorridos pelo Servi\u00e7o Volunt\u00e1rio de Resgate ao Hospital Margarida, em Jo\u00e3o Monlevade, na mesma regi\u00e3o.<\/p>\n<p>O Corpo de Bombeiros se deslocou para o local para fazer a retirada dos ve\u00edculos e a limpeza da pista, que foi completamente liberada por volta das 14h20. Apesar disso, um grande congestionamento ainda perdurava at\u00e9 cerca de 15h, ainda de acordo com a PRF. <\/p>\n<p><img decoding=\"async\" src=\"http:\/\/aconteceunovale.com.br\/portal\/wp-content\/uploads\/2014\/12\/frangos_roubados_1.jpg\" alt=\"\" \/><em>No total, 1680 pe\u00e7as de frango foram recuperadas pela corpora\u00e7\u00e3o &#8211; Foto: PRF\/Divulga\u00e7\u00e3o<\/em><br \/>\n<\/br><\/p>\n<h4>Detidos por saquear carga<\/h4>\n<p>Ap\u00f3s o tombamento da carreta, muitas pessoas que se depararam com a carga espalhada no asfalto, entre moradores da regi\u00e3o e viajantes que passavam pela rodovia, aproveitaram para saquear os produtos.<\/p>\n<p>&#8220;Recebemos a den\u00fancia sobre o saqueamento e uma equipe se deslocou para o local. Conseguimos deter 18 pessoas e apreender 20 ve\u00edculos ainda na rodovia. Eles estavam enchendo os porta-malas e ca\u00e7ambas de caminhonete com os produtos&#8221;, detalhou o agente Bruno Conde. Um total de 84 caixas, contendo aproximadamente 1680 pe\u00e7as de frango congelado, foram recuperados pela corpora\u00e7\u00e3o.<\/p>\n<p>Por conta dos saques, policiais se deslocaram do posto de Sabar\u00e1, na regi\u00e3o metropolitana de Belo Horizonte, para dar apoio no local do acidente. Os detidos ser\u00e3o levados para a Delegacia de Jo\u00e3o Monlevade.<\/p>\n<p>De acordo com a assessoria da Pol\u00edcia Civil, os 18 detidos ser\u00e3o ouvidos ainda nesta ter\u00e7a e ser\u00e3o enquadrados pelo crime de furto. O delegado deve estipular uma fian\u00e7a e, caso n\u00e3o paguem o valor, ser\u00e3o encaminhados para o pres\u00eddio local.<\/p>\n<p><img decoding=\"async\" src=\"http:\/\/aconteceunovale.com.br\/portal\/wp-content\/uploads\/2014\/12\/frangos_roubados_2.jpg\" alt=\"\" \/><em>18 pessoas foram detidas e levadas para a Delegacia &#8211; Foto: PRF\/Divulga\u00e7\u00e3o<\/em><br \/>\n<\/br><\/p>\n<p><strong><em>(O Tempo Online)<\/em><\/strong><\/p>\n","protected":false},"excerpt":{"rendered":"<p>Detidos foram levados para a Delegacia de Jo\u00e3o Monlevade. Os motoristas dos dois ve\u00edculos envolvidos no acidente sofreram ferimentos leves. Duas carretas se envolveram em um acidente no in\u00edcio da tarde desta ter\u00e7a-feira (16) que interditou por quase 4h os dois sentidos da BR-381, em S\u00e3o Gon\u00e7alo do Rio Abaixo, cidade localizada na regi\u00e3o Central [&hellip;]<\/p>\n","protected":false},"author":1,"featured_media":48110,"comment_status":"open","ping_status":"closed","sticky":false,"template":"","format":"standard","meta":{"amp_status":"","footnotes":""},"categories":[123],"tags":[26967,26966,26968,1018,27014,26965,1739],"class_list":["post-48079","post","type-post","status-publish","format-standard","has-post-thumbnail","hentry","category-gerais","tag-acidente-com-carreta-de-frango-em-sao-goncalo-do-rio-abaixo","tag-acidente-com-carreta-de-frango-na-br-381","tag-carga-de-frango-saqueada-na-br-381","tag-destaque","tag-dezoito-pessoas-sao-detidas-por-saquear-carga-de-frangos-apos-acidente-na-br-381","tag-quinze-pessoas-sao-detidas-por-saquear-carga-de-frangos-apos-acidente-na-br-381","tag-sao-goncalo-do-rio-abaixo"],"_links":{"self":[{"href":"https:\/\/aconteceunovale.com.br\/portal\/index.php?rest_route=\/wp\/v2\/posts\/48079","targetHints":{"allow":["GET"]}}],"collection":[{"href":"https:\/\/aconteceunovale.com.br\/portal\/index.php?rest_route=\/wp\/v2\/posts"}],"about":[{"href":"https:\/\/aconteceunovale.com.br\/portal\/index.php?rest_route=\/wp\/v2\/types\/post"}],"author":[{"embeddable":true,"href":"https:\/\/aconteceunovale.com.br\/portal\/index.php?rest_route=\/wp\/v2\/users\/1"}],"replies":[{"embeddable":true,"href":"https:\/\/aconteceunovale.com.br\/portal\/index.php?rest_route=%2Fwp%2Fv2%2Fcomments&post=48079"}],"version-history":[{"count":0,"href":"https:\/\/aconteceunovale.com.br\/portal\/index.php?rest_route=\/wp\/v2\/posts\/48079\/revisions"}],"wp:featuredmedia":[{"embeddable":true,"href":"https:\/\/aconteceunovale.com.br\/portal\/index.php?rest_route=\/wp\/v2\/media\/48110"}],"wp:attachment":[{"href":"https:\/\/aconteceunovale.com.br\/portal\/index.php?rest_route=%2Fwp%2Fv2%2Fmedia&parent=48079"}],"wp:term":[{"taxonomy":"category","embeddable":true,"href":"https:\/\/aconteceunovale.com.br\/portal\/index.php?rest_route=%2Fwp%2Fv2%2Fcategories&post=48079"},{"taxonomy":"post_tag","embeddable":true,"href":"https:\/\/aconteceunovale.com.br\/portal\/index.php?rest_route=%2Fwp%2Fv2%2Ftags&post=48079"}],"curies":[{"name":"wp","href":"https:\/\/api.w.org\/{rel}","templated":true}]}}