{"id":48075,"date":"2014-12-16T13:32:03","date_gmt":"2014-12-16T16:32:03","guid":{"rendered":"http:\/\/aconteceunovale.com.br\/portal\/?p=48075"},"modified":"2014-12-16T13:32:03","modified_gmt":"2014-12-16T16:32:03","slug":"protesto-contra-reintegracao-de-posse-fecha-acesso-a-porto-no-norte-de-minas","status":"publish","type":"post","link":"https:\/\/aconteceunovale.com.br\/portal\/?p=48075","title":{"rendered":"Protesto contra reintegra\u00e7\u00e3o de posse fecha acesso a porto no Norte de Minas"},"content":{"rendered":"<h4><strong><em>Policiais militares est\u00e3o na ocupa\u00e7\u00e3o onde moram 110 fam\u00edlias para fazer a reintegra\u00e7\u00e3o de posse e ocupantes decidiram fechar o acesso pelo rio S\u00e3o Francisco em protesto.<\/em><\/strong><\/h4>\n<p>Uma manifesta\u00e7\u00e3o em Manga, no Norte de Minas, impede a passagem pelo porto da cidade, que liga o munic\u00edpio a Matias Cardoso pelo rio S\u00e3o Francisco. O motivo \u00e9 a reintegra\u00e7\u00e3o de posse que est\u00e1 sendo realizada nesta ter\u00e7a-feira (16), com o objetivo de retirar as 110 fam\u00edlias que moram na Fazenda Maril\u00e2ndia h\u00e1 mais de 17 anos.<\/p>\n<p><img decoding=\"async\" src=\"http:\/\/aconteceunovale.com.br\/portal\/wp-content\/uploads\/2014\/12\/protesto_manga_1.jpg\" alt=\"\" \/><em>Manifestantes fecharam o porto de acesso a cidade de Matias Cardoso &#8211; Foto: Gilv\u00e2nia Carvalho<\/em><br \/>\n<\/br><\/p>\n<p>A Pol\u00edcia Militar da cidade confirmou a reintegra\u00e7\u00e3o de posse, mas disse que a situa\u00e7\u00e3o est\u00e1 tranquila e que a manifesta\u00e7\u00e3o foi controlada.<\/p>\n<p>J\u00e1 para os manifestantes, a situa\u00e7\u00e3o n\u00e3o foi t\u00e3o tranquila assim. \u201cO coronel da PM pisou no cord\u00e3o de isolamento que colocamos e chegou a empurrar um dos companheiros\u201d, disse Gilv\u00e2nia Carvalho, da Comiss\u00e3o Pastoral da Terra, que acompanha a ocupa\u00e7\u00e3o  e a manifesta\u00e7\u00e3o nesta ter\u00e7a-feira.<\/p>\n<p>Segundo ela, as fam\u00edlias moram na fazenda, mais conhecida como Baixa Funda, e que conta com cerca de 2 mil hectares. \u201cA fazenda n\u00e3o cumpre seu dever social, n\u00e3o \u00e9 produtiva. Essas fam\u00edlias, em quase 18 anos, produziam feij\u00e3o, milho, mandioca, e outras atividades que abasteciam a cidade. S\u00e3o 400 hectares de produtividade\u201d, contou Carvalho.<\/p>\n<p>Em cerca de 17 anos, as ocupa\u00e7\u00f5es no local j\u00e1 passaram por reintegra\u00e7\u00e3o de posse 13 vezes. \u201cMas as fam\u00edlias sempre voltam para l\u00e1. N\u00e3o adianta, s\u00e3o 17 anos morando e produzindo naquele lugar. Na \u00faltima vez, o filho do dono da fazenda chegou a atirar em um algumas barracas\u201d, contou a representante da Comiss\u00e3o Pastoral da terra.<\/p>\n<p>A Pol\u00edcia Militar continua acompanhando a manifesta\u00e7\u00e3o e a reintegra\u00e7\u00e3o de posse no local, pode acontecer at\u00e9 o fim do dia.<\/p>\n<p><img decoding=\"async\" src=\"http:\/\/aconteceunovale.com.br\/portal\/wp-content\/uploads\/2014\/12\/protesto_manga_2.jpg\" alt=\"\" \/><em>Ocupantes de fazenda protestam contra reintegra\u00e7\u00e3o de posse &#8211; Foto: Gilv\u00e2nia Carvalho<\/em><br \/>\n<\/br> <\/p>\n<p><strong><em>(O Tempo Online)<\/em><\/strong><\/p>\n","protected":false},"excerpt":{"rendered":"<p>Policiais militares est\u00e3o na ocupa\u00e7\u00e3o onde moram 110 fam\u00edlias para fazer a reintegra\u00e7\u00e3o de posse e ocupantes decidiram fechar o acesso pelo rio S\u00e3o Francisco em protesto. Uma manifesta\u00e7\u00e3o em Manga, no Norte de Minas, impede a passagem pelo porto da cidade, que liga o munic\u00edpio a Matias Cardoso pelo rio S\u00e3o Francisco. O motivo [&hellip;]<\/p>\n","protected":false},"author":1,"featured_media":48076,"comment_status":"open","ping_status":"closed","sticky":false,"template":"","format":"standard","meta":{"amp_status":"","footnotes":""},"categories":[1236],"tags":[26963,26964,1356,1708,26962,26961,26960],"class_list":["post-48075","post","type-post","status-publish","format-standard","has-post-thumbnail","hentry","category-norte_de_minas","tag-110-familias-que-moram-na-fazenda-marilandia","tag-fazenda-marilandia","tag-manga","tag-matias-cardoso","tag-porto-de-manga","tag-protesto-contra-reintegracao-de-posse-fecha-acesso-a-porto-em-manga","tag-protesto-contra-reintegracao-de-posse-fecha-acesso-a-porto-no-norte-de-minas"],"_links":{"self":[{"href":"https:\/\/aconteceunovale.com.br\/portal\/index.php?rest_route=\/wp\/v2\/posts\/48075","targetHints":{"allow":["GET"]}}],"collection":[{"href":"https:\/\/aconteceunovale.com.br\/portal\/index.php?rest_route=\/wp\/v2\/posts"}],"about":[{"href":"https:\/\/aconteceunovale.com.br\/portal\/index.php?rest_route=\/wp\/v2\/types\/post"}],"author":[{"embeddable":true,"href":"https:\/\/aconteceunovale.com.br\/portal\/index.php?rest_route=\/wp\/v2\/users\/1"}],"replies":[{"embeddable":true,"href":"https:\/\/aconteceunovale.com.br\/portal\/index.php?rest_route=%2Fwp%2Fv2%2Fcomments&post=48075"}],"version-history":[{"count":0,"href":"https:\/\/aconteceunovale.com.br\/portal\/index.php?rest_route=\/wp\/v2\/posts\/48075\/revisions"}],"wp:featuredmedia":[{"embeddable":true,"href":"https:\/\/aconteceunovale.com.br\/portal\/index.php?rest_route=\/wp\/v2\/media\/48076"}],"wp:attachment":[{"href":"https:\/\/aconteceunovale.com.br\/portal\/index.php?rest_route=%2Fwp%2Fv2%2Fmedia&parent=48075"}],"wp:term":[{"taxonomy":"category","embeddable":true,"href":"https:\/\/aconteceunovale.com.br\/portal\/index.php?rest_route=%2Fwp%2Fv2%2Fcategories&post=48075"},{"taxonomy":"post_tag","embeddable":true,"href":"https:\/\/aconteceunovale.com.br\/portal\/index.php?rest_route=%2Fwp%2Fv2%2Ftags&post=48075"}],"curies":[{"name":"wp","href":"https:\/\/api.w.org\/{rel}","templated":true}]}}