{"id":48070,"date":"2014-12-16T13:19:12","date_gmt":"2014-12-16T16:19:12","guid":{"rendered":"http:\/\/aconteceunovale.com.br\/portal\/?p=48070"},"modified":"2014-12-16T13:19:12","modified_gmt":"2014-12-16T16:19:12","slug":"governo-vai-usar-software-contra-crimes-de-odio-nas-redes-sociais","status":"publish","type":"post","link":"https:\/\/aconteceunovale.com.br\/portal\/?p=48070","title":{"rendered":"Governo vai usar software contra crimes de \u00f3dio nas redes sociais"},"content":{"rendered":"<p>A Secretaria de Direitos Humanos da Presid\u00eancia da Rep\u00fablica (SDH) anunciou nessa segunda-feira (15) a utiliza\u00e7\u00e3o de uma ferramenta que vai mapear a ocorr\u00eancia de crimes de \u00f3dio na internet. O software vai coletar dados e identificar redes que se re\u00fanem para fazer ofensas a grupos de pessoas. A ferramenta ser\u00e1 o pilar das atividades do Grupo de Trabalho contra Redes de \u00d3dio na Internet, criado em novembro para monitorar e mapear crimes contra direitos humanos nas redes sociais.<\/p>\n<p>\u201cA gente tem acompanhado e se preocupado com o crescimento desses crimes de \u00f3dio, que s\u00e3o incentivados e divulgados na internet. J\u00e1 est\u00e1 mais do que na hora de a gente criar mecanismos para rastrear e retirar isso da rede\u201d, disse a ministra da SDH, Ideli Salvatti. Ela citou o caso de uma mulher que, em maio, foi espancada at\u00e9 a morte por moradores de Guaruj\u00e1, em S\u00e3o Paulo, ap\u00f3s um falso rumor ter se espalhado nas redes sociais de que ela praticava rituais de magia negra com crian\u00e7as.<\/p>\n<p>Com base nas informa\u00e7\u00f5es coletadas pelo software, o grupo de trabalho, cuja reuni\u00e3o de instala\u00e7\u00e3o ocorreu ontem, poder\u00e1 encaminhar den\u00fancias ao Minist\u00e9rio P\u00fablico ou \u00e0 Pol\u00edcia Federal. Tr\u00eas casos j\u00e1 est\u00e3o sendo analisados, com base em den\u00fancias recebidas pela Ouvidoria da SDH. Um deles remete ao \u00faltimo epis\u00f3dio envolvendo os deputados federais Maria do Ros\u00e1rio (PT-RS) e Jair Bolsonaro (PP-RJ), na semana passada, quando o parlamentar disse que s\u00f3 n\u00e3o estupraria a deputada porque ela \u201cn\u00e3o merece\u201d.<\/p>\n<p>Um rapaz postou foto em uma rede social \u201camea\u00e7ando a deputada Maria do Ros\u00e1rio de estupro\u201d, de acordo com a SDH. Mais dois casos tratam de um site nazista e outro que prega a viol\u00eancia contra mulheres. \u201cVamos documentar, avaliar os tr\u00eas casos e, na quinta-feira [18], devemos dar os encaminhamentos cab\u00edveis, no sentido de tirar do ar, encaminhar para inqu\u00e9rito da Pol\u00edcia Federal ou para provid\u00eancias do Minist\u00e9rio P\u00fablico Federal\u201d, explicou Ideli.<\/p>\n<p><em>(Ag\u00eancia Brasil)<\/em><\/p>\n","protected":false},"excerpt":{"rendered":"<p>A Secretaria de Direitos Humanos da Presid\u00eancia da Rep\u00fablica (SDH) anunciou nessa segunda-feira (15) a utiliza\u00e7\u00e3o de uma ferramenta que vai mapear a ocorr\u00eancia de crimes de \u00f3dio na internet. O software vai coletar dados e identificar redes que se re\u00fanem para fazer ofensas a grupos de pessoas. A ferramenta ser\u00e1 o pilar das atividades [&hellip;]<\/p>\n","protected":false},"author":1,"featured_media":48071,"comment_status":"open","ping_status":"closed","sticky":false,"template":"","format":"standard","meta":{"amp_status":"","footnotes":""},"categories":[6],"tags":[26946,26945,26951,26944,1018,25698,26943,18923,26947,26948,26949,26952,26950],"class_list":["post-48070","post","type-post","status-publish","format-standard","has-post-thumbnail","hentry","category-br","tag-crime-de-odio-na-internet","tag-crime-de-odio-nas-redes-sociais","tag-crimes","tag-crimes-de-odio-nas-redes-sociais","tag-destaque","tag-governo","tag-governo-vai-usar-software-contra-crimes-de-odio-nas-redes-sociais","tag-internet","tag-monitoramento-da-internet","tag-monitoramento-das-redes-sociais","tag-monitoramento-do-facebook","tag-odio","tag-software"],"_links":{"self":[{"href":"https:\/\/aconteceunovale.com.br\/portal\/index.php?rest_route=\/wp\/v2\/posts\/48070","targetHints":{"allow":["GET"]}}],"collection":[{"href":"https:\/\/aconteceunovale.com.br\/portal\/index.php?rest_route=\/wp\/v2\/posts"}],"about":[{"href":"https:\/\/aconteceunovale.com.br\/portal\/index.php?rest_route=\/wp\/v2\/types\/post"}],"author":[{"embeddable":true,"href":"https:\/\/aconteceunovale.com.br\/portal\/index.php?rest_route=\/wp\/v2\/users\/1"}],"replies":[{"embeddable":true,"href":"https:\/\/aconteceunovale.com.br\/portal\/index.php?rest_route=%2Fwp%2Fv2%2Fcomments&post=48070"}],"version-history":[{"count":0,"href":"https:\/\/aconteceunovale.com.br\/portal\/index.php?rest_route=\/wp\/v2\/posts\/48070\/revisions"}],"wp:featuredmedia":[{"embeddable":true,"href":"https:\/\/aconteceunovale.com.br\/portal\/index.php?rest_route=\/wp\/v2\/media\/48071"}],"wp:attachment":[{"href":"https:\/\/aconteceunovale.com.br\/portal\/index.php?rest_route=%2Fwp%2Fv2%2Fmedia&parent=48070"}],"wp:term":[{"taxonomy":"category","embeddable":true,"href":"https:\/\/aconteceunovale.com.br\/portal\/index.php?rest_route=%2Fwp%2Fv2%2Fcategories&post=48070"},{"taxonomy":"post_tag","embeddable":true,"href":"https:\/\/aconteceunovale.com.br\/portal\/index.php?rest_route=%2Fwp%2Fv2%2Ftags&post=48070"}],"curies":[{"name":"wp","href":"https:\/\/api.w.org\/{rel}","templated":true}]}}