{"id":48067,"date":"2014-12-16T13:14:53","date_gmt":"2014-12-16T16:14:53","guid":{"rendered":"http:\/\/aconteceunovale.com.br\/portal\/?p=48067"},"modified":"2014-12-16T13:14:53","modified_gmt":"2014-12-16T16:14:53","slug":"veto-a-proibicao-de-incineracao-de-lixo-e-derrubado-pela-assembleia-de-minas","status":"publish","type":"post","link":"https:\/\/aconteceunovale.com.br\/portal\/?p=48067","title":{"rendered":"Veto \u00e0 proibi\u00e7\u00e3o de incinera\u00e7\u00e3o de lixo \u00e9 derrubado pela Assembleia de Minas"},"content":{"rendered":"<h4><strong><em>Reutiliza\u00e7\u00e3o de res\u00edduos s\u00f3lidos pode incentivar maior inser\u00e7\u00e3o de catadores de materiais recicl\u00e1veis.<\/em><\/strong><\/h4>\n<p>O Veto Total \u00e0 Proposi\u00e7\u00e3o de Lei 22.337, que pro\u00edbe a incinera\u00e7\u00e3o de lixo no Estado, foi derrubado na Reuni\u00e3o Extraordin\u00e1ria de Plen\u00e1rio desta segunda-feira (15\/12\/14). Origin\u00e1ria do Projeto de Lei (PL) 4.051\/13, de autoria dos deputados Andr\u00e9 Quint\u00e3o (PT) e Dinis Pinheiro (PP), presidente da Assembleia Legislativa de Minas Gerais (ALMG), a proposi\u00e7\u00e3o veda a utiliza\u00e7\u00e3o de tecnologia de incinera\u00e7\u00e3o no processo de destina\u00e7\u00e3o final dos res\u00edduos s\u00f3lidos urbanos, que compreendem todo o lixo produzido por resid\u00eancias, estabelecimentos comerciais e prestadores de servi\u00e7os, assim como os servi\u00e7os de limpeza urbana.<\/p>\n<p><img decoding=\"async\" src=\"http:\/\/aconteceunovale.com.br\/portal\/wp-content\/uploads\/2014\/12\/veto_derrubado_16_12.jpg\" alt=\"\" \/><em>O relator designado em Plen\u00e1rio argumentou que a proibi\u00e7\u00e3o da incinera\u00e7\u00e3o de res\u00edduos s\u00f3lidos representa apoio aos catadores de materiais recicl\u00e1veis &#8211; Foto: Ra\u00edla Melo\/ALMG<\/em><br \/>\n<\/br><\/p>\n<p>Para tanto, altera a Lei 18.031, de 2009, que disp\u00f5e sobre a Pol\u00edtica Estadual de Res\u00edduos S\u00f3lidos. Essa proibi\u00e7\u00e3o abrange tamb\u00e9m as concess\u00f5es p\u00fablicas para empreendimentos que promovam o aproveitamento energ\u00e9tico a partir da incinera\u00e7\u00e3o de res\u00edduos s\u00f3lidos oriundos da coleta convencional. A proposi\u00e7\u00e3o faz exce\u00e7\u00e3o apenas com rela\u00e7\u00e3o ao uso de tecnologia de coprocessamento em fornos de f\u00e1bricas de cimento.<\/p>\n<p>Segundo o governador, a medida veda a utiliza\u00e7\u00e3o de alternativa tecnol\u00f3gica de recupera\u00e7\u00e3o energ\u00e9tica de res\u00edduos s\u00f3lidos urbanos sem fundamenta\u00e7\u00e3o t\u00e9cnica, contrariando, ainda, o artigo 9\u00ba da Lei Federal 12.305, de 2010, que institui a Pol\u00edtica Nacional de Res\u00edduos S\u00f3lidos. O par\u00e1grafo 1\u00ba do artigo diz que \u201cpoder\u00e3o ser utilizadas tecnologias visando \u00e0 recupera\u00e7\u00e3o energ\u00e9tica dos res\u00edduos s\u00f3lidos urbanos, desde que tenha sido comprovada sua viabilidade t\u00e9cnica ambiental e com a implanta\u00e7\u00e3o de programa de monitoramento de emiss\u00e3o de gases t\u00f3xicos aprovado pelo \u00f3rg\u00e3o ambiental\u201d.<\/p>\n<p>O relator designado em Plen\u00e1rio, deputado C\u00e9lio Moreira (PSDB), apresentou seu parecer contr\u00e1rio ao veto \u00e0 proposi\u00e7\u00e3o. Ele argumenta que a proibi\u00e7\u00e3o da incinera\u00e7\u00e3o de res\u00edduos s\u00f3lidos urbanos atende a uma significativa demanda social de atores que apoiam os catadores de materiais recicl\u00e1veis. Isso porque, a reutiliza\u00e7\u00e3o ou a reciclagem desses res\u00edduos pode estimular, no \u00e2mbito dos planos municipais de gest\u00e3o integrada dos res\u00edduos s\u00f3lidos urbanos, a implanta\u00e7\u00e3o da coleta seletiva e a inser\u00e7\u00e3o de catadores de materiais recicl\u00e1veis nessa cadeia de gest\u00e3o.<\/p>\n<p>O deputado afirma ainda que o poss\u00edvel repasse dos res\u00edduos a empresas concession\u00e1rias de servi\u00e7os de saneamento b\u00e1sico com o objetivo de dar a eles uma destina\u00e7\u00e3o final, permitida a incinera\u00e7\u00e3o como forma de redu\u00e7\u00e3o volum\u00e9trica e aproveitamento energ\u00e9tico, seria um fator desestimulante da referida gest\u00e3o integrada, uma vez que o processo poderia resultar no favorecimento das empresas concession\u00e1rias desses servi\u00e7os.<\/p>\n<p>C\u00e9lio Moreira pondera, por fim, que o munic\u00edpio n\u00e3o pode abrir m\u00e3o de cumprir as disposi\u00e7\u00f5es da Pol\u00edtica Estadual de Res\u00edduos S\u00f3lidos, que prev\u00ea a obrigatoriedade da elabora\u00e7\u00e3o do Plano Municipal de Gest\u00e3o Integrada de Res\u00edduos S\u00f3lidos. Esse plano deve conter, no m\u00ednimo, as a\u00e7\u00f5es ou os instrumentos que poder\u00e3o ser utilizados para promover a inser\u00e7\u00e3o das organiza\u00e7\u00f5es produtivas de catadores de materiais recicl\u00e1veis e de outros operadores de res\u00edduos s\u00f3lidos na coleta, no beneficiamento e na comercializa\u00e7\u00e3o desses materiais.<\/p>\n<p><strong><em>(Assembleia Legislativa de Minas Gerais)<\/em><\/strong><\/p>\n","protected":false},"excerpt":{"rendered":"<p>Reutiliza\u00e7\u00e3o de res\u00edduos s\u00f3lidos pode incentivar maior inser\u00e7\u00e3o de catadores de materiais recicl\u00e1veis. O Veto Total \u00e0 Proposi\u00e7\u00e3o de Lei 22.337, que pro\u00edbe a incinera\u00e7\u00e3o de lixo no Estado, foi derrubado na Reuni\u00e3o Extraordin\u00e1ria de Plen\u00e1rio desta segunda-feira (15\/12\/14). Origin\u00e1ria do Projeto de Lei (PL) 4.051\/13, de autoria dos deputados Andr\u00e9 Quint\u00e3o (PT) e Dinis [&hellip;]<\/p>\n","protected":false},"author":1,"featured_media":48068,"comment_status":"open","ping_status":"closed","sticky":false,"template":"","format":"standard","meta":{"amp_status":"","footnotes":""},"categories":[123],"tags":[1018,26942,26941,26940,26938,26937,26939],"class_list":["post-48067","post","type-post","status-publish","format-standard","has-post-thumbnail","hentry","category-gerais","tag-destaque","tag-incineracao-de-lixo","tag-reutilizacao-de-residuos-solidos","tag-reutilizacao-de-residuos-solidos-pode-incentivar-maior-insercao-de-catadores-de-materiais-reciclaveis","tag-veto-a-proibicao-de-incineracao-de-lixo","tag-veto-a-proibicao-de-incineracao-de-lixo-e-derrubado-pela-assembleia-de-minas","tag-veto-a-proibicao-de-incineracao-de-lixo-em-minas-gerais"],"_links":{"self":[{"href":"https:\/\/aconteceunovale.com.br\/portal\/index.php?rest_route=\/wp\/v2\/posts\/48067","targetHints":{"allow":["GET"]}}],"collection":[{"href":"https:\/\/aconteceunovale.com.br\/portal\/index.php?rest_route=\/wp\/v2\/posts"}],"about":[{"href":"https:\/\/aconteceunovale.com.br\/portal\/index.php?rest_route=\/wp\/v2\/types\/post"}],"author":[{"embeddable":true,"href":"https:\/\/aconteceunovale.com.br\/portal\/index.php?rest_route=\/wp\/v2\/users\/1"}],"replies":[{"embeddable":true,"href":"https:\/\/aconteceunovale.com.br\/portal\/index.php?rest_route=%2Fwp%2Fv2%2Fcomments&post=48067"}],"version-history":[{"count":0,"href":"https:\/\/aconteceunovale.com.br\/portal\/index.php?rest_route=\/wp\/v2\/posts\/48067\/revisions"}],"wp:featuredmedia":[{"embeddable":true,"href":"https:\/\/aconteceunovale.com.br\/portal\/index.php?rest_route=\/wp\/v2\/media\/48068"}],"wp:attachment":[{"href":"https:\/\/aconteceunovale.com.br\/portal\/index.php?rest_route=%2Fwp%2Fv2%2Fmedia&parent=48067"}],"wp:term":[{"taxonomy":"category","embeddable":true,"href":"https:\/\/aconteceunovale.com.br\/portal\/index.php?rest_route=%2Fwp%2Fv2%2Fcategories&post=48067"},{"taxonomy":"post_tag","embeddable":true,"href":"https:\/\/aconteceunovale.com.br\/portal\/index.php?rest_route=%2Fwp%2Fv2%2Ftags&post=48067"}],"curies":[{"name":"wp","href":"https:\/\/api.w.org\/{rel}","templated":true}]}}