{"id":48064,"date":"2014-12-16T10:18:17","date_gmt":"2014-12-16T13:18:17","guid":{"rendered":"http:\/\/aconteceunovale.com.br\/portal\/?p=48064"},"modified":"2014-12-16T10:18:17","modified_gmt":"2014-12-16T13:18:17","slug":"cemig-realiza-obras-de-melhoria-na-rede-eletrica-de-minas-novas","status":"publish","type":"post","link":"https:\/\/aconteceunovale.com.br\/portal\/?p=48064","title":{"rendered":"Cemig realiza obras de melhoria na rede el\u00e9trica de Minas Novas"},"content":{"rendered":"<p>A Companhia Energ\u00e9tica de Minas Gerais (Cemig) informa que, na pr\u00f3xima sexta-feira (19\/12), realizar\u00e1 substitui\u00e7\u00e3o de 13 postes, troca de cabos de Baixa Tens\u00e3o convencionais por isolados e a instala\u00e7\u00e3o de dois transformadores na rede de distribui\u00e7\u00e3o rural de Minas Novas, no distrito de Cruzinha.  <\/p>\n<p>Com investimentos de mais de R$ 55 mil reais e o envolvimento de 35 colaboradores da Empresa, entre t\u00e9cnicos e eletricistas, esta obra vai tornar a rede mais segura, garantindo uma maior confiabilidade do fornecimento de energia para a popula\u00e7\u00e3o, a ind\u00fastria e o com\u00e9rcio local, melhorando tamb\u00e9m a intera\u00e7\u00e3o com a arboriza\u00e7\u00e3o urbana e a polui\u00e7\u00e3o visual. Este servi\u00e7o vai aumentar a oferta de energia, possibilitando a inclus\u00e3o de novas cargas.<\/p>\n<p>Para executar esse trabalho com seguran\u00e7a, ser\u00e1 necess\u00e1rio interromper o fornecimento de energia de 12h \u00e0s 16h para os moradores do seguintes endere\u00e7os:<\/p>\n<p>&#8211; Avenida Minas Novas, entre n\u00fameros 4 e 944<br \/>\n&#8211; Pra\u00e7a Ol\u00edmpio Esteves da Paixao, entre n\u00fameros 1 e 137<br \/>\n&#8211; Rua Jo\u00e3o Teixeira dos Santos, n\u00famero 63<br \/>\n&#8211; Rua S\u00e3o Judas Tadeu, entre n\u00fameros 45 e 211<br \/>\n&#8211; Rua Lili Paix\u00e3o, entre n\u00fameros 6 e 154<br \/>\n&#8211; Rua Uberl\u00e2ndia, entre n\u00fameros 6 e 1000<br \/>\n&#8211; Rua Cassiano Simoes da Silva, entre n\u00fameros 1 e 185<br \/>\n&#8211; Rua Te\u00f3filo Otoni, entre n\u00fameros 4 e 152<br \/>\n&#8211; Rua Nossa Senhora Aparecida, n\u00famero 53<br \/>\n&#8211; Rua Chapada do Norte, entre n\u00fameros 26 E 255<br \/>\n&#8211; Rua Bela Vista N\u00famero 59<br \/>\n&#8211; Rua Augusto Correia N\u00famero 233<br \/>\n&#8211; Rua Francisco Badar\u00f3, N\u00famero 551<br \/>\n&#8211; Rua Jose Teixeira Dos Santos, entre n\u00fameros 9 e 991,<br \/>\n&#8211; Avenida Minas Novas N\u00famero 931, Distrito de Cruzinha<br \/>\n&#8211; C\u00f3rrego Tombadas<br \/>\n&#8211; C\u00f3rrego Gameleira<br \/>\n&#8211; C\u00f3rrego Xibungo<\/p>\n<p>No mesmo dia, ser\u00e3o desligados, de  10h \u00e0s 16h, os endere\u00e7os abaixo:<\/p>\n<p>&#8211; Pra\u00e7a S\u00e3o Francisco, n\u00famero 197, centro<br \/>\n&#8211; Rua S\u00e3o Francisco, entre n\u00fameros 57 e 203<br \/>\n&#8211; Rua Apr\u00edgio Ferreira Rocha, n\u00famero 30<br \/>\n&#8211; Rua Gangorra d\u2019\u00e1gua, entre n\u00fameros 55 e 60<br \/>\n&#8211; Rua Francisco Badar\u00f3, entre n\u00fameros 26 e 330<br \/>\n&#8211; Rua Augusto Correia, entre n\u00fameros 10 e 206<br \/>\n&#8211; Rua Ara\u00e7ua\u00ed, entre n\u00fameros 15 e 510<br \/>\n&#8211; Rua Jose Teixeira dos Santos, entre n\u00fameros 203 e 574, Cruzinha<\/p>\n<p>Esclarecemos que, em fun\u00e7\u00e3o da complexidade dos servi\u00e7os a serem executados, poder\u00e1 ocorrer atraso no hor\u00e1rio previsto ou cancelamento deste servi\u00e7o sem aviso pr\u00e9vio. Por medida de seguran\u00e7a, todos os equipamentos devem ser considerados energizados durante o per\u00edodo mencionado. Caso os servi\u00e7os de melhoria sejam conclu\u00eddos antes do hor\u00e1rio indicado, o fornecimento de energia el\u00e9trica ser\u00e1 restabelecido.<\/p>\n","protected":false},"excerpt":{"rendered":"<p>A Companhia Energ\u00e9tica de Minas Gerais (Cemig) informa que, na pr\u00f3xima sexta-feira (19\/12), realizar\u00e1 substitui\u00e7\u00e3o de 13 postes, troca de cabos de Baixa Tens\u00e3o convencionais por isolados e a instala\u00e7\u00e3o de dois transformadores na rede de distribui\u00e7\u00e3o rural de Minas Novas, no distrito de Cruzinha. Com investimentos de mais de R$ 55 mil reais e [&hellip;]<\/p>\n","protected":false},"author":1,"featured_media":47722,"comment_status":"open","ping_status":"closed","sticky":false,"template":"","format":"standard","meta":{"amp_status":"","footnotes":""},"categories":[120],"tags":[347,26936,18567,137],"class_list":["post-48064","post","type-post","status-publish","format-standard","has-post-thumbnail","hentry","category-jequi","tag-cemig","tag-cemig-realiza-obras-de-melhoria-na-rede-eletrica-de-minas-novas","tag-companhia-energetica-de-minas-gerais","tag-minas-novas"],"_links":{"self":[{"href":"https:\/\/aconteceunovale.com.br\/portal\/index.php?rest_route=\/wp\/v2\/posts\/48064","targetHints":{"allow":["GET"]}}],"collection":[{"href":"https:\/\/aconteceunovale.com.br\/portal\/index.php?rest_route=\/wp\/v2\/posts"}],"about":[{"href":"https:\/\/aconteceunovale.com.br\/portal\/index.php?rest_route=\/wp\/v2\/types\/post"}],"author":[{"embeddable":true,"href":"https:\/\/aconteceunovale.com.br\/portal\/index.php?rest_route=\/wp\/v2\/users\/1"}],"replies":[{"embeddable":true,"href":"https:\/\/aconteceunovale.com.br\/portal\/index.php?rest_route=%2Fwp%2Fv2%2Fcomments&post=48064"}],"version-history":[{"count":0,"href":"https:\/\/aconteceunovale.com.br\/portal\/index.php?rest_route=\/wp\/v2\/posts\/48064\/revisions"}],"wp:featuredmedia":[{"embeddable":true,"href":"https:\/\/aconteceunovale.com.br\/portal\/index.php?rest_route=\/wp\/v2\/media\/47722"}],"wp:attachment":[{"href":"https:\/\/aconteceunovale.com.br\/portal\/index.php?rest_route=%2Fwp%2Fv2%2Fmedia&parent=48064"}],"wp:term":[{"taxonomy":"category","embeddable":true,"href":"https:\/\/aconteceunovale.com.br\/portal\/index.php?rest_route=%2Fwp%2Fv2%2Fcategories&post=48064"},{"taxonomy":"post_tag","embeddable":true,"href":"https:\/\/aconteceunovale.com.br\/portal\/index.php?rest_route=%2Fwp%2Fv2%2Ftags&post=48064"}],"curies":[{"name":"wp","href":"https:\/\/api.w.org\/{rel}","templated":true}]}}