{"id":48060,"date":"2014-12-16T09:43:30","date_gmt":"2014-12-16T12:43:30","guid":{"rendered":"http:\/\/aconteceunovale.com.br\/portal\/?p=48060"},"modified":"2014-12-16T09:43:30","modified_gmt":"2014-12-16T12:43:30","slug":"policial-de-minas-gerais-e-baleado-ao-sair-de-festa-rave-em-guarapari","status":"publish","type":"post","link":"https:\/\/aconteceunovale.com.br\/portal\/?p=48060","title":{"rendered":"Policial de Minas Gerais \u00e9 baleado ao sair de festa rave em Guarapari"},"content":{"rendered":"<h4><strong><em>Soldado foi rendido por assaltantes, informou a pol\u00edcia. O militar segue internado no Hospital S\u00e3o Lucas, em Vit\u00f3ria.<\/em><\/strong><\/h4>\n<p>Um soldado da Pol\u00edcia Militar de Minas Gerais, de 23 anos, foi baleado durante uma tentativa de assalto, na sa\u00edda de uma festa rave, na noite de domingo (14), na Praia Doce, em Guarapari, na Grande Vit\u00f3ria. A pol\u00edcia informou que a v\u00edtima procurava a carteira que havia perdido, quando foi rendido por dois assaltantes e baleado. Nenhum suspeito foi encontrado. O militar segue internado no Hospital S\u00e3o Lucas, em Vit\u00f3ria.<\/p>\n<p>Policiais do 10\u00ba Batalh\u00e3o, de Guarapari relataram que o soldado saiu da festa com uma adolescente, de 15 anos, e, ao chegar ao carro dele, um Hyundai HB20, notou que havia perdido a carteira. O militar deixou a garota no ve\u00edculo e voltou para a rave para procurar a carteira. Mas, ao chegar pr\u00f3ximo \u00e0 entrada da festa, foi rendido por dois assaltantes armados e baleado tr\u00eas vezes. Os assaltantes fugiram ap\u00f3s efetuar os disparos.<\/p>\n<p>A v\u00edtima foi atingida por um tiro na barriga e dois na perna. Ele foi socorrido por uma ambul\u00e2ncia particular do evento e levado para a Unidade de Pronto Atendimento (Upa) de Guarapari. Em seguida, o PM foi transferido para o Hospital S\u00e3o Lucas, em Vit\u00f3ria.<\/p>\n<p>O delegado Jefferson Wagner Gomes disse que  os suspeitos usavam duas armas e a v\u00edtima n\u00e3o estava armado. \u201cEles estavam com uma pistola e um rev\u00f3lver, e o policial n\u00e3o estava armado. N\u00e3o sabemos se ele reagiu. Havia uma multid\u00e3o no local, mas ningu\u00e9m ouviu os tiros, por causa do som da festa\u201d, explicou.<\/p>\n<h4>Seguran\u00e7a<\/h4>\n<p>O delegado ressaltou que, durante o per\u00edodo em que a rave ocorreu, que foi das 8 \u00e0s 23 horas, a pol\u00edcia registrou um furto dentro da festa e tr\u00eas assaltos a m\u00e3o armada do lado de fora do evento. Al\u00e9m disso, uma pessoa tamb\u00e9m foi detida por uso de drogas. Alguns participantes da rave criticaram a seguran\u00e7a da festa nas redes sociais. O caso ser\u00e1 investigado pela Delegacia Patrimonial de Guarapari.<\/p>\n<h4>Sem autoriza\u00e7\u00e3o<\/h4>\n<p>A Prefeitura de Guarapari informou, em nota, que a festa n\u00e3o foi autorizada porque a organiza\u00e7\u00e3o do evento n\u00e3o cumpriu os itens de seguran\u00e7a. A prefeitura disse que a rave foi realizada por causa de uma liminar da Justi\u00e7a &#8211; a liminar foi concedida por uma ju\u00edza do plant\u00e3o judici\u00e1rio de Itapemirim, que tamb\u00e9m respondia por Guarapari. Ela foi procurada pela reportagem e disse que s\u00f3 vai se manifestar ap\u00f3s ser notificada e ter ci\u00eancia do teor da liminar.<\/p>\n<p><strong><em>(Fonte: TV Gazeta \/ G1)<\/em><\/strong><\/p>\n","protected":false},"excerpt":{"rendered":"<p>Soldado foi rendido por assaltantes, informou a pol\u00edcia. O militar segue internado no Hospital S\u00e3o Lucas, em Vit\u00f3ria. Um soldado da Pol\u00edcia Militar de Minas Gerais, de 23 anos, foi baleado durante uma tentativa de assalto, na sa\u00edda de uma festa rave, na noite de domingo (14), na Praia Doce, em Guarapari, na Grande Vit\u00f3ria. [&hellip;]<\/p>\n","protected":false},"author":1,"featured_media":42404,"comment_status":"open","ping_status":"closed","sticky":false,"template":"","format":"standard","meta":{"amp_status":"","footnotes":""},"categories":[123],"tags":[26931,26933,26935,26934,26930,26932],"class_list":["post-48060","post","type-post","status-publish","format-standard","has-post-thumbnail","hentry","category-gerais","tag-guarapari","tag-jefferson-wagner-gomes","tag-militar-de-minas-gerais-baleado-no-espirito-santo","tag-militar-de-montes-claros-baleado-no-espirito-santo","tag-policial-de-minas-gerais-e-baleado-ao-sair-de-festa-rave-em-guarapari","tag-praia-doce"],"_links":{"self":[{"href":"https:\/\/aconteceunovale.com.br\/portal\/index.php?rest_route=\/wp\/v2\/posts\/48060","targetHints":{"allow":["GET"]}}],"collection":[{"href":"https:\/\/aconteceunovale.com.br\/portal\/index.php?rest_route=\/wp\/v2\/posts"}],"about":[{"href":"https:\/\/aconteceunovale.com.br\/portal\/index.php?rest_route=\/wp\/v2\/types\/post"}],"author":[{"embeddable":true,"href":"https:\/\/aconteceunovale.com.br\/portal\/index.php?rest_route=\/wp\/v2\/users\/1"}],"replies":[{"embeddable":true,"href":"https:\/\/aconteceunovale.com.br\/portal\/index.php?rest_route=%2Fwp%2Fv2%2Fcomments&post=48060"}],"version-history":[{"count":0,"href":"https:\/\/aconteceunovale.com.br\/portal\/index.php?rest_route=\/wp\/v2\/posts\/48060\/revisions"}],"wp:featuredmedia":[{"embeddable":true,"href":"https:\/\/aconteceunovale.com.br\/portal\/index.php?rest_route=\/wp\/v2\/media\/42404"}],"wp:attachment":[{"href":"https:\/\/aconteceunovale.com.br\/portal\/index.php?rest_route=%2Fwp%2Fv2%2Fmedia&parent=48060"}],"wp:term":[{"taxonomy":"category","embeddable":true,"href":"https:\/\/aconteceunovale.com.br\/portal\/index.php?rest_route=%2Fwp%2Fv2%2Fcategories&post=48060"},{"taxonomy":"post_tag","embeddable":true,"href":"https:\/\/aconteceunovale.com.br\/portal\/index.php?rest_route=%2Fwp%2Fv2%2Ftags&post=48060"}],"curies":[{"name":"wp","href":"https:\/\/api.w.org\/{rel}","templated":true}]}}